{"id":9992,"date":"2023-09-02T16:50:07","date_gmt":"2023-09-02T16:50:07","guid":{"rendered":"https:\/\/www.radiolimari.cl\/?p=9992"},"modified":"2023-09-02T16:52:11","modified_gmt":"2023-09-02T16:52:11","slug":"club-social-y-deportivo-ovalle-cierra-este-sabado-la-fase-de-grupos","status":"publish","type":"post","link":"https:\/\/www.radiolimari.cl\/?p=9992","title":{"rendered":"Club social y deportivo Ovalle cierra Hoy s\u00e1bado la fase de grupos"},"content":{"rendered":"\n<figure class=\"wp-block-image size-large\"><a href=\"https:\/\/www.radiolimari.cl\/wp-content\/uploads\/2023\/09\/IMG-20230831-WA0000.jpg\"><img fetchpriority=\"high\" decoding=\"async\" width=\"1024\" height=\"682\" src=\"https:\/\/www.radiolimari.cl\/wp-content\/uploads\/2023\/09\/IMG-20230831-WA0000-1024x682.jpg\" alt=\"\" class=\"wp-image-9993\" srcset=\"https:\/\/www.radiolimari.cl\/wp-content\/uploads\/2023\/09\/IMG-20230831-WA0000-1024x682.jpg 1024w, https:\/\/www.radiolimari.cl\/wp-content\/uploads\/2023\/09\/IMG-20230831-WA0000-300x200.jpg 300w, https:\/\/www.radiolimari.cl\/wp-content\/uploads\/2023\/09\/IMG-20230831-WA0000-768x512.jpg 768w, https:\/\/www.radiolimari.cl\/wp-content\/uploads\/2023\/09\/IMG-20230831-WA0000-1536x1023.jpg 1536w, https:\/\/www.radiolimari.cl\/wp-content\/uploads\/2023\/09\/IMG-20230831-WA0000.jpg 1600w\" sizes=\"(max-width: 1024px) 100vw, 1024px\" \/><\/a><\/figure>\n\n\n\n<p>El \u201cEquipo de la Gente\u201d ya est\u00e1 clasificado a la liguilla de ascenso de la Tercera Divisi\u00f3n B, pero de igual forma buscar\u00e1 ganar en la \u00faltima fecha de la primera etapa del campeonato. <\/p>\n\n\n\n<p>Este \u00faltimo partido se jugar\u00e1 a las 18:00 hrs de este s\u00e1bado 2 de septiembre, en el Estadio Diaguita.<\/p>\n\n\n\n<p>Este fin de semana se cierra la fase de grupos de la Tercera Divisi\u00f3n B, en donde algunos equipos a\u00fan deben disputar su opci\u00f3n de clasificar a la liguilla de ascenso, o bien, la opci\u00f3n de salvarse del descenso.<br>Sin embargo, el Club Social y Deportivo Ovalle ya est\u00e1 clasificado a la liguilla final, ya que actualmente es el s\u00f3lido puntero del grupo norte con 44 puntos, tras sumar 14 victorias, 2 empates y solo 3 derrotas.<br>Pese a que la clasificaci\u00f3n y el primer lugar ya est\u00e1n asegurados, el \u201cEquipo de la Gente\u201d debe cumplir con su \u00faltimo partido en la fase de grupos, el cual se jugar\u00e1 ante Atl\u00e9tico Oriente este s\u00e1bado 2 de septiembre.<br>En la interna del equipo ovallino esperan ganar este \u00faltimo partido, para de esa forma llegar con confianza a la liguilla final, y as\u00ed lo manifiesta el director t\u00e9cnico, Andr\u00e9s Olivares, \u201cqueremos ganar para entrar con confianza a la liguilla. Jugaremos con un equipo pr\u00e1cticamente titular, pensando en que tuvimos una semana de descanso. Recuperamos algunos jugadores, como William Gonz\u00e1lez, que nos da un aporte muy grande en la mitad de la cancha\u201d, se\u00f1al\u00f3 el estratega.<br>Por otro lado, el DT ovallino comenta que tambi\u00e9n se buscar\u00e1 probar algunas alternativas, aunque siempre con el triunfo como objetivo, \u201ctenemos pensado darle algunos minutos a jugadores que no han jugado, pero la idea es mantener la base que ya ha jugado en la mayor\u00eda de los partidos, queremos ganar el partido\u201d.<br>El partido ante Atl\u00e9tico Oriente se jugar\u00e1 este s\u00e1bado 2 de septiembre, a partir de las 18:00 hrs en el Estadio Diaguita. La entrada tendr\u00e1 un valor de tan solo $3.000, mientras los menores de 12 a\u00f1os podr\u00e1n entrar GRATIS.<\/p>\n","protected":false},"excerpt":{"rendered":"<p>El \u201cEquipo de la Gente\u201d ya est\u00e1 clasificado a la liguilla de ascenso de la Tercera Divisi\u00f3n B, pero de igual forma buscar\u00e1 ganar en la \u00faltima fecha de la primera etapa del campeonato. Este \u00faltimo partido se jugar\u00e1 a las 18:00 hrs de este s\u00e1bado 2 de septiembre, en el Estadio Diaguita. Este fin &#8230;<\/p>\n","protected":false},"author":2,"featured_media":9993,"comment_status":"open","ping_status":"open","sticky":false,"template":"","format":"standard","meta":{"footnotes":""},"categories":[3],"tags":[],"class_list":["post-9992","post","type-post","status-publish","format-standard","has-post-thumbnail","hentry","category-actualidad"],"_links":{"self":[{"href":"https:\/\/www.radiolimari.cl\/index.php?rest_route=\/wp\/v2\/posts\/9992","targetHints":{"allow":["GET"]}}],"collection":[{"href":"https:\/\/www.radiolimari.cl\/index.php?rest_route=\/wp\/v2\/posts"}],"about":[{"href":"https:\/\/www.radiolimari.cl\/index.php?rest_route=\/wp\/v2\/types\/post"}],"author":[{"embeddable":true,"href":"https:\/\/www.radiolimari.cl\/index.php?rest_route=\/wp\/v2\/users\/2"}],"replies":[{"embeddable":true,"href":"https:\/\/www.radiolimari.cl\/index.php?rest_route=%2Fwp%2Fv2%2Fcomments&post=9992"}],"version-history":[{"count":2,"href":"https:\/\/www.radiolimari.cl\/index.php?rest_route=\/wp\/v2\/posts\/9992\/revisions"}],"predecessor-version":[{"id":9995,"href":"https:\/\/www.radiolimari.cl\/index.php?rest_route=\/wp\/v2\/posts\/9992\/revisions\/9995"}],"wp:featuredmedia":[{"embeddable":true,"href":"https:\/\/www.radiolimari.cl\/index.php?rest_route=\/wp\/v2\/media\/9993"}],"wp:attachment":[{"href":"https:\/\/www.radiolimari.cl\/index.php?rest_route=%2Fwp%2Fv2%2Fmedia&parent=9992"}],"wp:term":[{"taxonomy":"category","embeddable":true,"href":"https:\/\/www.radiolimari.cl\/index.php?rest_route=%2Fwp%2Fv2%2Fcategories&post=9992"},{"taxonomy":"post_tag","embeddable":true,"href":"https:\/\/www.radiolimari.cl\/index.php?rest_route=%2Fwp%2Fv2%2Ftags&post=9992"}],"curies":[{"name":"wp","href":"https:\/\/api.w.org\/{rel}","templated":true}]}}