{"id":9958,"date":"2023-08-28T14:56:54","date_gmt":"2023-08-28T14:56:54","guid":{"rendered":"https:\/\/www.radiolimari.cl\/?p=9958"},"modified":"2023-08-28T14:58:27","modified_gmt":"2023-08-28T14:58:27","slug":"realizan-feria-vocacional-en-la-plaza-de-armas","status":"publish","type":"post","link":"https:\/\/www.radiolimari.cl\/?p=9958","title":{"rendered":"En Ovalle realizan Feria Vocacional en la Plaza de Armas"},"content":{"rendered":"\n<figure class=\"wp-block-image size-large is-resized\"><a href=\"https:\/\/www.radiolimari.cl\/wp-content\/uploads\/2023\/08\/feria-vocacional-4.jpeg\"><img fetchpriority=\"high\" decoding=\"async\" src=\"https:\/\/www.radiolimari.cl\/wp-content\/uploads\/2023\/08\/feria-vocacional-4-1024x682.jpeg\" alt=\"\" class=\"wp-image-9959\" width=\"401\" height=\"266\" srcset=\"https:\/\/www.radiolimari.cl\/wp-content\/uploads\/2023\/08\/feria-vocacional-4-1024x682.jpeg 1024w, https:\/\/www.radiolimari.cl\/wp-content\/uploads\/2023\/08\/feria-vocacional-4-300x200.jpeg 300w, https:\/\/www.radiolimari.cl\/wp-content\/uploads\/2023\/08\/feria-vocacional-4-768x512.jpeg 768w, https:\/\/www.radiolimari.cl\/wp-content\/uploads\/2023\/08\/feria-vocacional-4-1536x1023.jpeg 1536w, https:\/\/www.radiolimari.cl\/wp-content\/uploads\/2023\/08\/feria-vocacional-4.jpeg 1600w\" sizes=\"(max-width: 401px) 100vw, 401px\" \/><\/a><\/figure>\n\n\n\n<p><strong><em>El objetivo de la jornada fue entregar informaci\u00f3n sobre las distintas alternativas de Educaci\u00f3n Superior presentes en la comuna y la regi\u00f3n para los estudiantes que cursan la ense\u00f1anza media<\/em><\/strong>.<\/p>\n\n\n\n<p>La Feria Vocacional organizada por el Programa Habilidades Para la Vida III, se realiz\u00f3 el pasado viernes en la plaza de armas, hasta donde llegaron m\u00e1s de 450 estudiantes de ense\u00f1anza media de distintos establecimientos educacionales, con el objetivo de obtener informaci\u00f3n sobre las distintas alternativas de educaci\u00f3n superior presentes en la comuna y la regi\u00f3n.<\/p>\n\n\n\n<p>30 expositores estuvieron presentes en la jornada que tuvo su lanzamiento con una ceremonia que fue encabezada por el alcalde Jonathan Acu\u00f1a, la Directora de Desarrollo Comunitario, Margoth Rojas Arancibia, la delegada provincial de Junaeb, B\u00e1rbara \u00c1lvarez y la encargada del programa Habilidades para la Vida III Oralia Pizarro.<\/p>\n\n\n\n<figure class=\"wp-block-image size-large\"><a href=\"https:\/\/www.radiolimari.cl\/wp-content\/uploads\/2023\/08\/feria-vocacional-2.jpeg\"><img decoding=\"async\" width=\"1024\" height=\"682\" src=\"https:\/\/www.radiolimari.cl\/wp-content\/uploads\/2023\/08\/feria-vocacional-2-1024x682.jpeg\" alt=\"\" class=\"wp-image-9961\" srcset=\"https:\/\/www.radiolimari.cl\/wp-content\/uploads\/2023\/08\/feria-vocacional-2-1024x682.jpeg 1024w, https:\/\/www.radiolimari.cl\/wp-content\/uploads\/2023\/08\/feria-vocacional-2-300x200.jpeg 300w, https:\/\/www.radiolimari.cl\/wp-content\/uploads\/2023\/08\/feria-vocacional-2-768x512.jpeg 768w, https:\/\/www.radiolimari.cl\/wp-content\/uploads\/2023\/08\/feria-vocacional-2-1536x1023.jpeg 1536w, https:\/\/www.radiolimari.cl\/wp-content\/uploads\/2023\/08\/feria-vocacional-2.jpeg 1600w\" sizes=\"(max-width: 1024px) 100vw, 1024px\" \/><\/a><\/figure>\n\n\n\n<p>Los estudiantes pudieron recorrer los stands y requerir la informaci\u00f3n para conocer la oferta de estudios de las diferentes instituciones presentes como Santo Tom\u00e1s, CFT Estatal, Universidad del Alba, el Liceo Agr\u00edcola Tadeo Perry Barnes, Instituto AIEP, entre otras.<\/p>\n\n\n\n<p>Steven Vargas, estudiante del Colegio de Artes y M\u00fasica, manifest\u00f3 que la iniciativa le pareci\u00f3 \u201cinteresante, est\u00e1 bien que est\u00e9n aqu\u00ed, inspirando a los ni\u00f1os para que se metan (sic) a la Universidad, para que puedan expresarse, lo que quieren estudiar para m\u00e1s adelante\u201d y agreg\u00f3 que \u201clas carreras que me han llamado la atenci\u00f3n son la mec\u00e1nica y la medicina, cosas que yo quiero estudiar m\u00e1s adelante\u201d.<\/p>\n\n\n\n<p>Bel\u00e9n Gonz\u00e1lez, quien cursa estudios en el Colegio de Administraci\u00f3n y Comercio, remarca que \u201cme ha parecido bastante buena, est\u00e1 bastante completa. Me hubiera gustado ver tal vez otras universidades, como por ejemplo la Universidad Cat\u00f3lica, pero hasta ahora est\u00e1 bastante bien y muy completa, con distintas universidades, distintas propuestas de cada una\u201d.<\/p>\n\n\n\n<p>Carolina Bugue\u00f1o, egresada de la Universidad del Alba y encargada de Admisi\u00f3n, se\u00f1al\u00f3 que se presentaron \u201cen esta feria para que todos los estudiantes vengan a ver todas las carreras con las que contamos: Enfermer\u00eda, Medicina Veterinaria, Kinesiolog\u00eda y las Ingenier\u00eda, Tecnolog\u00eda M\u00e9dica, Medicina, entre otras. Estamos acreditados, contamos con becas internas y becas estatales\u201d.<\/p>\n\n\n\n<figure class=\"wp-block-image size-large\"><a href=\"https:\/\/www.radiolimari.cl\/wp-content\/uploads\/2023\/08\/feria-vocacional-6.jpeg\"><img decoding=\"async\" width=\"1024\" height=\"682\" src=\"https:\/\/www.radiolimari.cl\/wp-content\/uploads\/2023\/08\/feria-vocacional-6-1024x682.jpeg\" alt=\"\" class=\"wp-image-9962\" srcset=\"https:\/\/www.radiolimari.cl\/wp-content\/uploads\/2023\/08\/feria-vocacional-6-1024x682.jpeg 1024w, https:\/\/www.radiolimari.cl\/wp-content\/uploads\/2023\/08\/feria-vocacional-6-300x200.jpeg 300w, https:\/\/www.radiolimari.cl\/wp-content\/uploads\/2023\/08\/feria-vocacional-6-768x512.jpeg 768w, https:\/\/www.radiolimari.cl\/wp-content\/uploads\/2023\/08\/feria-vocacional-6-1536x1023.jpeg 1536w, https:\/\/www.radiolimari.cl\/wp-content\/uploads\/2023\/08\/feria-vocacional-6.jpeg 1600w\" sizes=\"(max-width: 1024px) 100vw, 1024px\" \/><\/a><\/figure>\n\n\n\n<p><br>Para Oralia Pizarro Canales, Trabajadora Social y Coordinadora del Programa Habilidades para la Vida 3 se\u00f1al\u00f3 que esta iniciativa se enmarca \u201cdentro de las actividades promocionales del programa de las orientaciones t\u00e9cnicas, tenemos una actividad que se llama Fortalecimiento Proyecto de Vida y esta feria vocacional, tiene el objetivo de desarrollar las habilidades de los estudiantes\u201d.<\/p>\n\n\n\n<p>La directora de desarrollo comunitario del municipio, Margoth Rojas se\u00f1al\u00f3 que \u201cesta feria vocacional tiene como principal objetivo poder entregar a nuestros j\u00f3venes la oferta program\u00e1tica que hoy d\u00eda tiene la comuna de Ovalle para su futuro\u201d.<\/p>\n\n\n\n<p>B\u00e1rbara \u00c1lvarez Contreras, delegada provincial de Junaeb, especific\u00f3 que \u201cmantenemos un convenio de colaboraci\u00f3n a trav\u00e9s de la Direcci\u00f3n de Desarrollo Comunitario, qui\u00e9nes son los encargados de ejecutar los programas de Habilidades Para la Vida en los establecimientos educacionales de la comuna focalizada\u201d, que atienden a los ni\u00f1os de primer ciclo, de segundo ciclo, de quinto hasta octavo b\u00e1sico y de tercer ciclo, esto es desde primero medio hasta cuarto medio.<\/p>\n\n\n\n<figure class=\"wp-block-image size-large\"><a href=\"https:\/\/www.radiolimari.cl\/wp-content\/uploads\/2023\/08\/feria-vocacional-9.jpeg\"><img loading=\"lazy\" decoding=\"async\" width=\"1024\" height=\"682\" src=\"https:\/\/www.radiolimari.cl\/wp-content\/uploads\/2023\/08\/feria-vocacional-9-1024x682.jpeg\" alt=\"\" class=\"wp-image-9960\" srcset=\"https:\/\/www.radiolimari.cl\/wp-content\/uploads\/2023\/08\/feria-vocacional-9-1024x682.jpeg 1024w, https:\/\/www.radiolimari.cl\/wp-content\/uploads\/2023\/08\/feria-vocacional-9-300x200.jpeg 300w, https:\/\/www.radiolimari.cl\/wp-content\/uploads\/2023\/08\/feria-vocacional-9-768x512.jpeg 768w, https:\/\/www.radiolimari.cl\/wp-content\/uploads\/2023\/08\/feria-vocacional-9-1536x1023.jpeg 1536w, https:\/\/www.radiolimari.cl\/wp-content\/uploads\/2023\/08\/feria-vocacional-9.jpeg 1600w\" sizes=\"(max-width: 1024px) 100vw, 1024px\" \/><\/a><\/figure>\n\n\n\n<p><br>Finalmente, el alcalde de Ovalle, Jonathan Acu\u00f1a Rojas destac\u00f3 la actividad y remarc\u00f3 que \u201ceste programa tiene como objetivo y finalidad principal, trabajar con los diferentes establecimientos educacionales y poder generar las herramientas suficientes de desarrollo de nuestros ni\u00f1os y ni\u00f1as en la comuna\u201d.<\/p>\n","protected":false},"excerpt":{"rendered":"<p>El objetivo de la jornada fue entregar informaci\u00f3n sobre las distintas alternativas de Educaci\u00f3n Superior presentes en la comuna y la regi\u00f3n para los estudiantes que cursan la ense\u00f1anza media. La Feria Vocacional organizada por el Programa Habilidades Para la Vida III, se realiz\u00f3 el pasado viernes en la plaza de armas, hasta donde llegaron &#8230;<\/p>\n","protected":false},"author":2,"featured_media":9959,"comment_status":"open","ping_status":"open","sticky":false,"template":"","format":"standard","meta":{"footnotes":""},"categories":[5],"tags":[],"class_list":["post-9958","post","type-post","status-publish","format-standard","has-post-thumbnail","hentry","category-actualidad-limarina"],"_links":{"self":[{"href":"https:\/\/www.radiolimari.cl\/index.php?rest_route=\/wp\/v2\/posts\/9958","targetHints":{"allow":["GET"]}}],"collection":[{"href":"https:\/\/www.radiolimari.cl\/index.php?rest_route=\/wp\/v2\/posts"}],"about":[{"href":"https:\/\/www.radiolimari.cl\/index.php?rest_route=\/wp\/v2\/types\/post"}],"author":[{"embeddable":true,"href":"https:\/\/www.radiolimari.cl\/index.php?rest_route=\/wp\/v2\/users\/2"}],"replies":[{"embeddable":true,"href":"https:\/\/www.radiolimari.cl\/index.php?rest_route=%2Fwp%2Fv2%2Fcomments&post=9958"}],"version-history":[{"count":2,"href":"https:\/\/www.radiolimari.cl\/index.php?rest_route=\/wp\/v2\/posts\/9958\/revisions"}],"predecessor-version":[{"id":9964,"href":"https:\/\/www.radiolimari.cl\/index.php?rest_route=\/wp\/v2\/posts\/9958\/revisions\/9964"}],"wp:featuredmedia":[{"embeddable":true,"href":"https:\/\/www.radiolimari.cl\/index.php?rest_route=\/wp\/v2\/media\/9959"}],"wp:attachment":[{"href":"https:\/\/www.radiolimari.cl\/index.php?rest_route=%2Fwp%2Fv2%2Fmedia&parent=9958"}],"wp:term":[{"taxonomy":"category","embeddable":true,"href":"https:\/\/www.radiolimari.cl\/index.php?rest_route=%2Fwp%2Fv2%2Fcategories&post=9958"},{"taxonomy":"post_tag","embeddable":true,"href":"https:\/\/www.radiolimari.cl\/index.php?rest_route=%2Fwp%2Fv2%2Ftags&post=9958"}],"curies":[{"name":"wp","href":"https:\/\/api.w.org\/{rel}","templated":true}]}}