{"id":9951,"date":"2023-08-25T22:12:29","date_gmt":"2023-08-25T22:12:29","guid":{"rendered":"https:\/\/www.radiolimari.cl\/?p=9951"},"modified":"2023-08-25T22:12:30","modified_gmt":"2023-08-25T22:12:30","slug":"capacitan-a-establecimientos-educacionales-de-limari-elqui-y-choapa-en-prevencion-de-la-conducta-suicida","status":"publish","type":"post","link":"https:\/\/www.radiolimari.cl\/?p=9951","title":{"rendered":"Capacitan a establecimientos educacionales de Limar\u00ed, Elqui y Choapa en prevenci\u00f3n de la conducta suicida"},"content":{"rendered":"\n<figure class=\"wp-block-image size-full is-resized\"><a href=\"https:\/\/www.radiolimari.cl\/wp-content\/uploads\/2023\/08\/IMG-20230825-WA0021.jpg\"><img fetchpriority=\"high\" decoding=\"async\" src=\"https:\/\/www.radiolimari.cl\/wp-content\/uploads\/2023\/08\/IMG-20230825-WA0021.jpg\" alt=\"\" class=\"wp-image-9952\" width=\"396\" height=\"264\" srcset=\"https:\/\/www.radiolimari.cl\/wp-content\/uploads\/2023\/08\/IMG-20230825-WA0021.jpg 1024w, https:\/\/www.radiolimari.cl\/wp-content\/uploads\/2023\/08\/IMG-20230825-WA0021-300x200.jpg 300w, https:\/\/www.radiolimari.cl\/wp-content\/uploads\/2023\/08\/IMG-20230825-WA0021-768x512.jpg 768w\" sizes=\"(max-width: 396px) 100vw, 396px\" \/><\/a><\/figure>\n\n\n\n<p><strong>El Programa Nacional de Prevenci\u00f3n del Suicidio incluye el desarrollo de acciones preventivas en establecimientos educacionales, porque a nivel nacional e internacional se ha reconocido este espacio, como el lugar ideal donde prevenir de manera temprana las conductas suicidas en ni\u00f1os, ni\u00f1as y adolescentes.<\/strong><\/p>\n\n\n\n<p>Profesores, asistentes de la educaci\u00f3n, duplas psicosociales y encargados de convivencia escolar de establecimientos educacionales de Elqui, Limar\u00ed y Choapa se est\u00e1n capacitando en protocolos de actuaci\u00f3n y postvenci\u00f3n con la \u201cGu\u00eda de recomendaciones para la prevenci\u00f3n de la conducta suicida en establecimientos educacionales\u201d, actividad organizada por las Seremis de Salud y Educaci\u00f3n, como parte del trabajo de la Mesa de Prevenci\u00f3n del Suicidio. &nbsp;<\/p>\n\n\n\n<p>La gu\u00eda fue elaborada bas\u00e1ndose en la evidencia nacional e internacional y recogiendo las experiencias exitosas que el Programa Nacional de Prevenci\u00f3n de Suicidio ha ido acumulando en su trabajo con escuelas y liceos del pa\u00eds. Desde el a\u00f1o 2016, el Ministerio de Salud ha trabajado con expertos, acad\u00e9micos e investigadores, fundaciones, organizaciones no gubernamentales y el sector educaci\u00f3n, para elaborar propuestas de estrategias preventivas que puedan ser implementadas por comunidades educativas.<\/p>\n\n\n\n<p>La seremi de Salud, Dra. Paola Salas, se\u00f1al\u00f3 que \u201choy d\u00eda, por los suicidios que est\u00e1n afectando a nuestra poblaci\u00f3n de adolescentes, j\u00f3venes e incluso de ni\u00f1os, nos hemos comprometido a hacer un esfuerzo mayor y tambi\u00e9n aplicar protocolos que est\u00e1n comenzando a implementarse en nuestro pa\u00eds. Viene pronto la Ley de Salud Mental, pero mientras la esperamos tenemos que aplicar medidas de prevenci\u00f3n para evitar los intentos de suicidio en nuestros j\u00f3venes\u201d. Adem\u00e1s, agreg\u00f3 que \u201clas herramientas para poder saber qu\u00e9 hacer o c\u00f3mo actuar en estas situaciones, las aprendieron en este taller tremendamente pr\u00e1ctico, en el cual lo m\u00e1s importante es que siempre pensemos c\u00f3mo podemos evitar las ideaciones suicidas en nuestros ni\u00f1os y adolescentes\u201d.&nbsp;&nbsp;&nbsp;&nbsp;&nbsp;&nbsp;&nbsp;&nbsp;&nbsp;&nbsp;<\/p>\n\n\n\n<p>Por su parte, la seremi de Educaci\u00f3n, Cecilia Ram\u00edrez Ch\u00e1vez valor\u00f3 el trabajo mancomunado de las Seremis de Salud y Educaci\u00f3n para desarrollar estas capacitaciones, destacando que \u201ces en la escuela donde las ni\u00f1as, ni\u00f1os y adolescentes tienen la mayor cantidad de relaciones interpersonales. La mayor relaci\u00f3n social se vive en la escuela. Es el segundo lugar m\u00e1s importante despu\u00e9s del hogar. Es importante que los equipos, los adultos de los establecimientos educacionales conozcan cu\u00e1les son las recomendaciones para prevenir la conducta suicida. Esto tiene relaci\u00f3n con las acciones. Lo se\u00f1ala la circular 482 de la Superintendencia de Educaci\u00f3n, donde mandata a los equipos directivos, a trav\u00e9s del reglamento interno y otros instrumentos de gesti\u00f3n a implementar acciones que vayan dirigidas al fortalecimiento de la salud mental y prevenci\u00f3n de la conducta suicida de estudiantes\u201d.<\/p>\n\n\n\n<p>Una de las asistentes a la jornada de Elqui, Francisca Andrade Cort\u00e9s, trabajadora social del Liceo Jos\u00e9 Mar\u00eda Escriv\u00e1 de Balaguer de Coquimbo expres\u00f3 que \u201ccomo comunidad educativa es s\u00faper relevante estas instancias que se nos dan de capacitarnos y entregarnos herramientas para poder trabajar con nuestra comunidad educativa, entendiendo qu\u00e9 si bien est\u00e1 el estudiante afectado, hay un entorno, compa\u00f1eros de curso y la comunidad educativa en general. Podemos tener toda la disposici\u00f3n, pero hay herramientas t\u00e9cnicas que son necesarias para poder elaborar estrategias que vayan en aporte del estudiante, su familia y comunidad\u201d. Agreg\u00f3 que los casos en sus liceos han sido abordados \u201ccon los protocolos de prevenci\u00f3n del suicidio y con orientaciones de las redes de los estamentos gubernamentales, como salud y el hospital de Coquimbo\u201d.<\/p>\n\n\n\n<p>En tanto, el inspector general del colegio Deportivo Ol\u00edmpico (ex Bernarda Mor\u00edn) de La Serena, Juan Francisco P\u00e9rez S\u00e1nchez manifest\u00f3 que \u201ctoda ayuda ministerial siempre es importante frente a esta situaci\u00f3n. Me parece relevante que est\u00e9n las autoridades coordinadas, los Ministerios de Educaci\u00f3n y Salud, porque son los 2 entes vinculados para dar atenci\u00f3n a esta situaci\u00f3n de los suicidios juveniles\u201d. Agreg\u00f3 que como colegio \u201chay un protocolo que est\u00e1 en el reglamento interno de cada una de nuestras unidades educativas, que comienza a funcionar a partir de las acciones que generan las duplas psicosociales y el proceso de derivaci\u00f3n al \u00e1rea de salud y el seguimiento que corresponde al alumno y alumna\u201d.<\/p>\n\n\n\n<p>El Programa Nacional de Prevenci\u00f3n del Suicidio incluye el desarrollo de acciones preventivas en establecimientos educacionales, porque a nivel nacional e internacional se ha reconocido este espacio como el lugar ideal donde prevenir de manera temprana las conductas suicidas en ni\u00f1os, ni\u00f1as y adolescentes.<\/p>\n\n\n\n<figure class=\"wp-block-image size-full\"><a href=\"https:\/\/www.radiolimari.cl\/wp-content\/uploads\/2023\/08\/IMG-20230825-WA0023.jpg\"><img decoding=\"async\" width=\"1024\" height=\"691\" src=\"https:\/\/www.radiolimari.cl\/wp-content\/uploads\/2023\/08\/IMG-20230825-WA0023.jpg\" alt=\"\" class=\"wp-image-9953\" srcset=\"https:\/\/www.radiolimari.cl\/wp-content\/uploads\/2023\/08\/IMG-20230825-WA0023.jpg 1024w, https:\/\/www.radiolimari.cl\/wp-content\/uploads\/2023\/08\/IMG-20230825-WA0023-300x202.jpg 300w, https:\/\/www.radiolimari.cl\/wp-content\/uploads\/2023\/08\/IMG-20230825-WA0023-768x518.jpg 768w\" sizes=\"(max-width: 1024px) 100vw, 1024px\" \/><\/a><\/figure>\n\n\n\n<p><strong>\u00bfPor qu\u00e9 prevenci\u00f3n del suicidio en comunidades educativas?<\/strong><\/p>\n\n\n\n<p>El suicidio es la segunda causa de muerte entre los 10 y 19 a\u00f1os. Se ha estimado que por cada muerte intencional hay 20 intentos de suicidio, y unas 50 personas que est\u00e1n presentando ideaci\u00f3n suicida.<\/p>\n\n\n\n<p>Las escuelas y liceos son los segundos espacios de mayor importancia en la infancia y adolescencia, donde ni\u00f1os, ni\u00f1as y adolescentes pasan gran parte del d\u00eda, donde encuentran amigos, y comparten experiencias entre pares. En el espacio escolar pueden detectarse factores de riesgo del suicidio, as\u00ed como tambi\u00e9n promover factores que disminuyen su aparici\u00f3n.<\/p>\n","protected":false},"excerpt":{"rendered":"<p>El Programa Nacional de Prevenci\u00f3n del Suicidio incluye el desarrollo de acciones preventivas en establecimientos educacionales, porque a nivel nacional e internacional se ha reconocido este espacio, como el lugar ideal donde prevenir de manera temprana las conductas suicidas en ni\u00f1os, ni\u00f1as y adolescentes. Profesores, asistentes de la educaci\u00f3n, duplas psicosociales y encargados de convivencia &#8230;<\/p>\n","protected":false},"author":2,"featured_media":9952,"comment_status":"open","ping_status":"open","sticky":false,"template":"","format":"standard","meta":{"footnotes":""},"categories":[6],"tags":[],"class_list":["post-9951","post","type-post","status-publish","format-standard","has-post-thumbnail","hentry","category-regionales"],"_links":{"self":[{"href":"https:\/\/www.radiolimari.cl\/index.php?rest_route=\/wp\/v2\/posts\/9951","targetHints":{"allow":["GET"]}}],"collection":[{"href":"https:\/\/www.radiolimari.cl\/index.php?rest_route=\/wp\/v2\/posts"}],"about":[{"href":"https:\/\/www.radiolimari.cl\/index.php?rest_route=\/wp\/v2\/types\/post"}],"author":[{"embeddable":true,"href":"https:\/\/www.radiolimari.cl\/index.php?rest_route=\/wp\/v2\/users\/2"}],"replies":[{"embeddable":true,"href":"https:\/\/www.radiolimari.cl\/index.php?rest_route=%2Fwp%2Fv2%2Fcomments&post=9951"}],"version-history":[{"count":1,"href":"https:\/\/www.radiolimari.cl\/index.php?rest_route=\/wp\/v2\/posts\/9951\/revisions"}],"predecessor-version":[{"id":9954,"href":"https:\/\/www.radiolimari.cl\/index.php?rest_route=\/wp\/v2\/posts\/9951\/revisions\/9954"}],"wp:featuredmedia":[{"embeddable":true,"href":"https:\/\/www.radiolimari.cl\/index.php?rest_route=\/wp\/v2\/media\/9952"}],"wp:attachment":[{"href":"https:\/\/www.radiolimari.cl\/index.php?rest_route=%2Fwp%2Fv2%2Fmedia&parent=9951"}],"wp:term":[{"taxonomy":"category","embeddable":true,"href":"https:\/\/www.radiolimari.cl\/index.php?rest_route=%2Fwp%2Fv2%2Fcategories&post=9951"},{"taxonomy":"post_tag","embeddable":true,"href":"https:\/\/www.radiolimari.cl\/index.php?rest_route=%2Fwp%2Fv2%2Ftags&post=9951"}],"curies":[{"name":"wp","href":"https:\/\/api.w.org\/{rel}","templated":true}]}}