{"id":9948,"date":"2023-08-25T17:02:29","date_gmt":"2023-08-25T17:02:29","guid":{"rendered":"https:\/\/www.radiolimari.cl\/?p=9948"},"modified":"2023-08-25T17:02:29","modified_gmt":"2023-08-25T17:02:29","slug":"rio-hurtado-tras-millonario-decomiso-de-marihuana-efectuado-por-carabineros-la-fiscalia-formaliza-causa-penal","status":"publish","type":"post","link":"https:\/\/www.radiolimari.cl\/?p=9948","title":{"rendered":"R\u00edo Hurtado: Tras millonario decomiso de marihuana efectuado por Carabineros la Fiscal\u00eda formaliza causa penal"},"content":{"rendered":"\n<figure class=\"wp-block-image size-full is-resized\"><a href=\"https:\/\/www.radiolimari.cl\/wp-content\/uploads\/2023\/08\/25_08_2023rio.jpg\"><img fetchpriority=\"high\" decoding=\"async\" src=\"https:\/\/www.radiolimari.cl\/wp-content\/uploads\/2023\/08\/25_08_2023rio.jpg\" alt=\"\" class=\"wp-image-9949\" width=\"393\" height=\"294\" srcset=\"https:\/\/www.radiolimari.cl\/wp-content\/uploads\/2023\/08\/25_08_2023rio.jpg 400w, https:\/\/www.radiolimari.cl\/wp-content\/uploads\/2023\/08\/25_08_2023rio-300x224.jpg 300w\" sizes=\"(max-width: 393px) 100vw, 393px\" \/><\/a><\/figure>\n\n\n\n<p>Trabajo investigativo del OS7 y Ministerio P\u00fablico permiti\u00f3 evitar la comercializaci\u00f3n de m\u00e1s de 344 mil dosis de droga.<\/p>\n\n\n\n<p>Un trabajo investigativo derivado de una denuncia al Fono Drogas se concret\u00f3 tras nueve horas en el sector de Pichasca, comuna de R\u00edo Hurtado, con el resultado de un sujeto de 45 a\u00f1os detenido y la incautaci\u00f3n de m\u00e1s de 160 kilos de marihuana, dos escopetas y municiones.<\/p>\n\n\n\n<p>\u00abEstamos dando cuenta a la comunidad del trabajo profesional y en conjunto que estamos realizando para desbaratar todas estas organizaciones criminales que est\u00e1n dedicadas al narcocultivo y al tr\u00e1fico de drogas. En este caso, se trata de un procedimiento en R\u00edo Hurtado, donde se sacan de circulaci\u00f3n m\u00e1s de 1.300 millones de pesos de acuerdo a las dosis que nosotros estimamos y por lo tanto es un gran trabajo que ha hecho nuestro organismo especializado, el OS7, en coordinaci\u00f3n con el Ministerio P\u00fablico y que permite sacar de circulaci\u00f3n este elemento tan da\u00f1ino para nuestra sociedad\u00bb, indic\u00f3 el Jefe de la Zona de Carabineros Coquimbo, General Juan Mu\u00f1oz.<\/p>\n\n\n\n<p>La investigaci\u00f3n se gener\u00f3 a ra\u00edz de la informaci\u00f3n recibida a trav\u00e9s del fono Denuncia Seguro, tras lo cual fue derivada a la Fiscal\u00eda Local de Ovalle, que a su vez, coordin\u00f3 y deriv\u00f3 la orden de investigar respectiva a Carabineros.<\/p>\n\n\n\n<p>Tras recibir la informaci\u00f3n, el OS7 ingres\u00f3 a una casa en el sector de Pichasca y luego identific\u00f3 un centro de acopio de la droga. \u00abEllos hicieron las diligencias y obtuvimos este gran resultado\u00bb, indic\u00f3 el Fiscal jefe de Ovalle, Carlos Jim\u00e9nez.<\/p>\n\n\n\n<p>Asimismo, a\u00f1adi\u00f3 que \u00abla persona que fue detenida por personal OS7 de Carabineros va a ser formalizado por el delito de tr\u00e1fico de drogas, cultivo tambi\u00e9n de esta especie can\u00e1bica e infracci\u00f3n a la ley de control de armas\u00bb.<\/p>\n\n\n\n<p>Desde el Gobierno, en tanto, destacaron los resultados de este operativo, resaltando el importante rol de la comunidad y el mecanismo Denuncia Seguro que permiti\u00f3 brindar los antecedentes para la investigaci\u00f3n. \u00abLo primero es felicitar el trabajo que est\u00e1 desarrollando el OS7 de Carabineros y tambi\u00e9n la Fiscal\u00eda de Ovalle, que no s\u00f3lo adem\u00e1s de ser un trabajo eficiente y muy efectivo, tambi\u00e9n es permanente. Aqu\u00ed se demuestra que este mecanismo (fono denuncia) funciona y nos permite tener resultados como este que van en beneficio de toda la comunidad y le dan tranquilidad tambi\u00e9n a los vecinos y vecinas de cada comuna y especialmente en este caso de R\u00edo Hurtado\u00bb, se\u00f1al\u00f3 el Delegado Presidencial Regional (s), Galo Luna.<\/p>\n\n\n\n<p>La autoridad, tambi\u00e9n reiter\u00f3 el trabajo que se est\u00e1 desarrollando a nivel gubernamental, que permitir\u00e1 la pronta creaci\u00f3n de una unidad antidrogas en la provincia de Limar\u00ed que espera apoyar la labor de la Fiscal\u00eda y hacer m\u00e1s eficiente el trabajo en terreno de Carabineros.<\/p>\n","protected":false},"excerpt":{"rendered":"<p>Trabajo investigativo del OS7 y Ministerio P\u00fablico permiti\u00f3 evitar la comercializaci\u00f3n de m\u00e1s de 344 mil dosis de droga. Un trabajo investigativo derivado de una denuncia al Fono Drogas se concret\u00f3 tras nueve horas en el sector de Pichasca, comuna de R\u00edo Hurtado, con el resultado de un sujeto de 45 a\u00f1os detenido y la &#8230;<\/p>\n","protected":false},"author":2,"featured_media":9949,"comment_status":"open","ping_status":"open","sticky":false,"template":"","format":"standard","meta":{"footnotes":""},"categories":[3],"tags":[],"class_list":["post-9948","post","type-post","status-publish","format-standard","has-post-thumbnail","hentry","category-actualidad"],"_links":{"self":[{"href":"https:\/\/www.radiolimari.cl\/index.php?rest_route=\/wp\/v2\/posts\/9948","targetHints":{"allow":["GET"]}}],"collection":[{"href":"https:\/\/www.radiolimari.cl\/index.php?rest_route=\/wp\/v2\/posts"}],"about":[{"href":"https:\/\/www.radiolimari.cl\/index.php?rest_route=\/wp\/v2\/types\/post"}],"author":[{"embeddable":true,"href":"https:\/\/www.radiolimari.cl\/index.php?rest_route=\/wp\/v2\/users\/2"}],"replies":[{"embeddable":true,"href":"https:\/\/www.radiolimari.cl\/index.php?rest_route=%2Fwp%2Fv2%2Fcomments&post=9948"}],"version-history":[{"count":1,"href":"https:\/\/www.radiolimari.cl\/index.php?rest_route=\/wp\/v2\/posts\/9948\/revisions"}],"predecessor-version":[{"id":9950,"href":"https:\/\/www.radiolimari.cl\/index.php?rest_route=\/wp\/v2\/posts\/9948\/revisions\/9950"}],"wp:featuredmedia":[{"embeddable":true,"href":"https:\/\/www.radiolimari.cl\/index.php?rest_route=\/wp\/v2\/media\/9949"}],"wp:attachment":[{"href":"https:\/\/www.radiolimari.cl\/index.php?rest_route=%2Fwp%2Fv2%2Fmedia&parent=9948"}],"wp:term":[{"taxonomy":"category","embeddable":true,"href":"https:\/\/www.radiolimari.cl\/index.php?rest_route=%2Fwp%2Fv2%2Fcategories&post=9948"},{"taxonomy":"post_tag","embeddable":true,"href":"https:\/\/www.radiolimari.cl\/index.php?rest_route=%2Fwp%2Fv2%2Ftags&post=9948"}],"curies":[{"name":"wp","href":"https:\/\/api.w.org\/{rel}","templated":true}]}}