{"id":9945,"date":"2023-08-25T16:24:23","date_gmt":"2023-08-25T16:24:23","guid":{"rendered":"https:\/\/www.radiolimari.cl\/?p=9945"},"modified":"2023-08-25T16:24:24","modified_gmt":"2023-08-25T16:24:24","slug":"ips-inaugura-sucursal-inclusiva-y-firma-convenio-con-municipio-de-ovalle","status":"publish","type":"post","link":"https:\/\/www.radiolimari.cl\/?p=9945","title":{"rendered":"IPS inaugura sucursal inclusiva y firma convenio con municipio de Ovalle"},"content":{"rendered":"\n<figure class=\"wp-block-image size-large\"><a href=\"https:\/\/www.radiolimari.cl\/wp-content\/uploads\/2023\/08\/IMG-20230825-WA0011.jpg\"><img fetchpriority=\"high\" decoding=\"async\" width=\"1024\" height=\"768\" src=\"https:\/\/www.radiolimari.cl\/wp-content\/uploads\/2023\/08\/IMG-20230825-WA0011-1024x768.jpg\" alt=\"\" class=\"wp-image-9946\" srcset=\"https:\/\/www.radiolimari.cl\/wp-content\/uploads\/2023\/08\/IMG-20230825-WA0011-1024x768.jpg 1024w, https:\/\/www.radiolimari.cl\/wp-content\/uploads\/2023\/08\/IMG-20230825-WA0011-300x225.jpg 300w, https:\/\/www.radiolimari.cl\/wp-content\/uploads\/2023\/08\/IMG-20230825-WA0011-768x576.jpg 768w, https:\/\/www.radiolimari.cl\/wp-content\/uploads\/2023\/08\/IMG-20230825-WA0011-1536x1152.jpg 1536w, https:\/\/www.radiolimari.cl\/wp-content\/uploads\/2023\/08\/IMG-20230825-WA0011.jpg 1600w\" sizes=\"(max-width: 1024px) 100vw, 1024px\" \/><\/a><\/figure>\n\n\n\n<p><strong><em>La nueva infraestructura hace posible una mejor atenci\u00f3n de personas con discapacidad, madres en etapa de lactancia y ofrece espacios para ni\u00f1os y ni\u00f1as.<\/em><\/strong><\/p>\n\n\n\n<p>Con la presencia de la Seremi del Trabajo y Previsi\u00f3n Social, Claudia Santander Campillay; el Alcalde de Ovalle, Jonathan Acu\u00f1a Rojas y el Subdirector de Servicio al Cliente del Instituto de Previsi\u00f3n Social (IPS), Juan Jos\u00e9 C\u00e1rcamo Hemmelmann, se reinaugur\u00f3 la sucursal ChileAtiende de Ovalle, al incorporar una atenci\u00f3n inclusiva, beneficiando a miles de vecinos de la comuna.<\/p>\n\n\n\n<p>La renovada sucursal del IPS\/ChileAtiende de Ovalle, ubicada en calle Vicu\u00f1a Mackenna 626, incorpor\u00f3 una sala de lactancia, zona de ni\u00f1os, ba\u00f1os con mudadores e infraestructura adecuada para facilitar la atenci\u00f3n para personas con dificultad en la movilidad, adoptando as\u00ed el car\u00e1cter de inclusiva. Tambi\u00e9n integr\u00f3 cajas m\u00e1s bajas para la gente que utiliza silla de ruedas y lugares para bicicletas.<\/p>\n\n\n\n<p>La Seremi del Trabajo y Previsi\u00f3n Social, Claudia Santander, destac\u00f3 la iniciativa implementada en Ovalle y dijo que \u201ctodo esto habla de c\u00f3mo el servicio considera al ser humano de una manera integral, entendiendo que como sociedad hemos ido avanzando en esta mirada m\u00e1s inclusiva tanto con normativas que vienen desde la Educaci\u00f3n o Salud y que desde el servicio p\u00fablico tambi\u00e9n es importante incorporar estos elementos y dar a los usuarios la atenci\u00f3n de calidad y con respeto a su condici\u00f3n, caracter\u00edstica e identidad. Creo que es parte de lo que el Estado debe hacer a trav\u00e9s de instituciones como el IPS que adem\u00e1s cumple un rol muy importante en la ciudadan\u00eda que depositan su confianza en los funcionarios\u201d.<\/p>\n\n\n\n<p>Para Juan Jos\u00e9 C\u00e1rcamo, Subdirector de Servicio al Cliente del IPS \u201ces un honor poder inaugurar esta remodelaci\u00f3n de la sucursal de Ovalle. Se trata de dependencias completamente adaptadas para aquellas personas que tienen dificultad en la movilidad, tambi\u00e9n integra a los ni\u00f1os, a las mam\u00e1s que quieran amamantar, por lo que esto es un ejemplo de lo que nosotros queremos como Gobierno en cuanto a inclusi\u00f3n en un Chile que lo hacemos todos\u201d.<\/p>\n\n\n\n<p><strong>Convenio de colaboraci\u00f3n<\/strong><\/p>\n\n\n\n<p>En la ocasi\u00f3n tambi\u00e9n se firm\u00f3 un convenio de colaboraci\u00f3n entre el IPS y la Ilustre Municipalidad de Ovalle, lo que significar\u00e1 que, desde ahora todos los municipios, los 15 de la Regi\u00f3n de Coquimbo estar\u00e1n habilitados para tomar solicitudes de Pensi\u00f3n Garantizada Universal, Pensi\u00f3n B\u00e1sica Solidaria de Invalidez, Subsidio de discapacidad, entre otros beneficios.<\/p>\n\n\n\n<p>Al respecto el alcalde de Ovalle, Jonathan Acu\u00f1a, coment\u00f3 que \u201cvaloramos tremendamente el hecho de estar marcando dos grandes hitos. El poder generar un espacio inclusivo es realmente valorable y la firma de un convenio que a la hora de poder generar avances de colaboraci\u00f3n y fortalecer diferentes \u00e1reas de apoyo social con los adultos mayores es realmente indispensable. Este convenio nos va a permitir tambi\u00e9n ir avanzando en materia de previsi\u00f3n e ir mejorando en derechos sociales para los vecinos y vecinas de nuestra comuna\u201d.<\/p>\n\n\n\n<p>Esta alianza contribuye a seguir acercando los beneficios del Estado a las personas que m\u00e1s los necesitan en esta comuna ampliando as\u00ed las alianzas y la cobertura en nuestra atenci\u00f3n.<\/p>\n","protected":false},"excerpt":{"rendered":"<p>La nueva infraestructura hace posible una mejor atenci\u00f3n de personas con discapacidad, madres en etapa de lactancia y ofrece espacios para ni\u00f1os y ni\u00f1as. Con la presencia de la Seremi del Trabajo y Previsi\u00f3n Social, Claudia Santander Campillay; el Alcalde de Ovalle, Jonathan Acu\u00f1a Rojas y el Subdirector de Servicio al Cliente del Instituto de &#8230;<\/p>\n","protected":false},"author":2,"featured_media":9946,"comment_status":"open","ping_status":"open","sticky":false,"template":"","format":"standard","meta":{"footnotes":""},"categories":[5],"tags":[],"class_list":["post-9945","post","type-post","status-publish","format-standard","has-post-thumbnail","hentry","category-actualidad-limarina"],"_links":{"self":[{"href":"https:\/\/www.radiolimari.cl\/index.php?rest_route=\/wp\/v2\/posts\/9945","targetHints":{"allow":["GET"]}}],"collection":[{"href":"https:\/\/www.radiolimari.cl\/index.php?rest_route=\/wp\/v2\/posts"}],"about":[{"href":"https:\/\/www.radiolimari.cl\/index.php?rest_route=\/wp\/v2\/types\/post"}],"author":[{"embeddable":true,"href":"https:\/\/www.radiolimari.cl\/index.php?rest_route=\/wp\/v2\/users\/2"}],"replies":[{"embeddable":true,"href":"https:\/\/www.radiolimari.cl\/index.php?rest_route=%2Fwp%2Fv2%2Fcomments&post=9945"}],"version-history":[{"count":1,"href":"https:\/\/www.radiolimari.cl\/index.php?rest_route=\/wp\/v2\/posts\/9945\/revisions"}],"predecessor-version":[{"id":9947,"href":"https:\/\/www.radiolimari.cl\/index.php?rest_route=\/wp\/v2\/posts\/9945\/revisions\/9947"}],"wp:featuredmedia":[{"embeddable":true,"href":"https:\/\/www.radiolimari.cl\/index.php?rest_route=\/wp\/v2\/media\/9946"}],"wp:attachment":[{"href":"https:\/\/www.radiolimari.cl\/index.php?rest_route=%2Fwp%2Fv2%2Fmedia&parent=9945"}],"wp:term":[{"taxonomy":"category","embeddable":true,"href":"https:\/\/www.radiolimari.cl\/index.php?rest_route=%2Fwp%2Fv2%2Fcategories&post=9945"},{"taxonomy":"post_tag","embeddable":true,"href":"https:\/\/www.radiolimari.cl\/index.php?rest_route=%2Fwp%2Fv2%2Ftags&post=9945"}],"curies":[{"name":"wp","href":"https:\/\/api.w.org\/{rel}","templated":true}]}}