{"id":9939,"date":"2023-08-24T13:46:03","date_gmt":"2023-08-24T13:46:03","guid":{"rendered":"https:\/\/www.radiolimari.cl\/?p=9939"},"modified":"2023-08-24T13:46:04","modified_gmt":"2023-08-24T13:46:04","slug":"estudiantes-de-18-colegios-desarrollan-sus-talentos-en-musica-teatro-danza-y-artes-visuales","status":"publish","type":"post","link":"https:\/\/www.radiolimari.cl\/?p=9939","title":{"rendered":"Estudiantes de 18 colegios desarrollan sus talentos en M\u00fasica, Teatro, Danza y Artes Visuales"},"content":{"rendered":"\n<figure class=\"wp-block-image size-full\"><a href=\"https:\/\/www.radiolimari.cl\/wp-content\/uploads\/2023\/08\/IMG-20230824-WA0005.jpg\"><img fetchpriority=\"high\" decoding=\"async\" width=\"1024\" height=\"768\" src=\"https:\/\/www.radiolimari.cl\/wp-content\/uploads\/2023\/08\/IMG-20230824-WA0005.jpg\" alt=\"\" class=\"wp-image-9940\" srcset=\"https:\/\/www.radiolimari.cl\/wp-content\/uploads\/2023\/08\/IMG-20230824-WA0005.jpg 1024w, https:\/\/www.radiolimari.cl\/wp-content\/uploads\/2023\/08\/IMG-20230824-WA0005-300x225.jpg 300w, https:\/\/www.radiolimari.cl\/wp-content\/uploads\/2023\/08\/IMG-20230824-WA0005-768x576.jpg 768w\" sizes=\"(max-width: 1024px) 100vw, 1024px\" \/><\/a><\/figure>\n\n\n\n<p><strong>Este a\u00f1o 2023 se ejecutaron 36 talleres de m\u00fasica, teatro, danza y artes visuales en 18 escuelas y liceos p\u00fablicos, municipales y particulares subvencionados de la Regi\u00f3n de Coquimbo.<\/strong><\/p>\n\n\n\n<p>Entregar a las y los estudiantes una educaci\u00f3n integral que permita ampliar sus conocimientos y experiencias en los diversos lenguajes art\u00edsticos, fortalecer su autoestima, su sentido de identidad, desarrollar el pensamiento cr\u00edtico y est\u00e9tico, su capacidad de resolver problemas e incentivar el trabajo en equipo, son los objetivos de los talleres art\u00edsticos del Ministerio de Educaci\u00f3n, ejecutados por Movimiento Fibra.<\/p>\n\n\n\n<figure class=\"wp-block-image size-full\"><a href=\"https:\/\/www.radiolimari.cl\/wp-content\/uploads\/2023\/08\/IMG-20230824-WA0003.jpg\"><img decoding=\"async\" width=\"1024\" height=\"683\" src=\"https:\/\/www.radiolimari.cl\/wp-content\/uploads\/2023\/08\/IMG-20230824-WA0003.jpg\" alt=\"\" class=\"wp-image-9941\" srcset=\"https:\/\/www.radiolimari.cl\/wp-content\/uploads\/2023\/08\/IMG-20230824-WA0003.jpg 1024w, https:\/\/www.radiolimari.cl\/wp-content\/uploads\/2023\/08\/IMG-20230824-WA0003-300x200.jpg 300w, https:\/\/www.radiolimari.cl\/wp-content\/uploads\/2023\/08\/IMG-20230824-WA0003-768x512.jpg 768w\" sizes=\"(max-width: 1024px) 100vw, 1024px\" \/><\/a><\/figure>\n\n\n\n<p>Este a\u00f1o 2023 se ejecutaron 36 talleres de m\u00fasica, teatro, danza y artes visuales en 18 escuelas y liceos p\u00fablicos, municipales y particulares subvencionados de la Regi\u00f3n de Coquimbo, impartidos por destacadas (os) artistas \u2013 educadores, contribuyendo a desarrollar el talento, creatividad, expresi\u00f3n y creaci\u00f3n de las y los estudiantes.<\/p>\n\n\n\n<p>La seremi de Educaci\u00f3n, Cecilia Ram\u00edrez Ch\u00e1vez destac\u00f3 que \u201ces muy importante como los talleres de educaci\u00f3n art\u00edstica que hacemos como Ministerio de Educaci\u00f3n, a trav\u00e9s del Movimiento Fibra aportan en el desarrollo integral de las ni\u00f1as, ni\u00f1os y adolescentes. Estos talleres que tienen que ver con las artes y la cultura porque no es solamente m\u00fasica, tenemos danza, teatro y artes visuales, aportan en disminuir los hechos de violencia en las escuelas. A trav\u00e9s del arte los ni\u00f1os desarrollan otras habilidades que tienen relaci\u00f3n con comunicarse con un otro, el dialogar para resolver conflictos, el respetar la opini\u00f3n distinta, que son habilidades, que les sirven no solamente para su trayectoria educativa, sino que para su trayectoria vital\u201d. Agreg\u00f3 que \u201ces muy importante en el contexto del Congreso Pedag\u00f3gico y Curricular, respecto a c\u00f3mo vamos a tener un mejor pa\u00eds, es teniendo mejores ciudadanos y ciudadanas, en que las artes y la cultura son esenciales\u201d, asever\u00f3.<\/p>\n\n\n\n\n\n<p>La profesora de educaci\u00f3n musical, Carolina Bravo Jim\u00e9nez realiz\u00f3 talleres de m\u00fasica en tres escuelas de Ovalle, explicando que en la escuela Patricio Zeballos en conjunto con otro profesor de m\u00fasica crearon un video musical, en que los estudiantes cantaron con instrumentos; en la escuela b\u00e1sica Cerro Tamaya realiz\u00f3 danza, m\u00fasica y un taller de coros y en la escuela Elvira Ochoa un taller coral e instrumental. \u201cLlevo m\u00e1s de 5 a\u00f1os trabajando en los talleres. Todos los a\u00f1os hay una ganancia, tanto para los participantes de los talleres, para el entorno, pero tambi\u00e9n para los docentes en un crecimiento de entender que la sociedad necesita m\u00e1s que un curr\u00edculum establecido, que los ni\u00f1os puedan entender la cultura, sacar sus tradiciones y sue\u00f1os, construir lineamientos para que ellos puedan tener alas para volar\u201d.<\/p>\n\n\n\n<p>El dise\u00f1ador en Comunicaci\u00f3n Visual, Iv\u00e1n Jorquera Olivares dict\u00f3 el taller en artes visuales enfocado en el muralismo en la escuela Juan Torres Mart\u00ednez de Diaguitas, comuna de Vicu\u00f1a; en los colegios Komvux de Coquimbo y Gabriel Gonz\u00e1lez Videla de La Serena. \u201cCon este muralismo partimos con distintos tipos de artes urbanos y se fusiona mucho con lo rural y rescatamos la identidad del territorio. Uno va aprendiendo de los mismos estudiantes. Cada experiencia que me ha tocado vivir en los distintos talleres de la regi\u00f3n, he aprendido mucho de las identidades de los territorios. Y como tambi\u00e9n los estudiantes se apropian de esa identidad<\/p>\n\n\n\n<p>La Coordinadora Regional de los Talleres Art\u00edsticos del Movimiento Fibra &#8211; Mineduc, Oriana Riquelme sostuvo que \u201chay menos horario para el arte. Sin embargo, cada a\u00f1o nuestras actividades e intervenciones son m\u00e1s profundas, m\u00e1s valoradas y significativas. Queremos m\u00e1s instancias para hacer arte y bienestar. Tenemos una focalizaci\u00f3n importante en el desarrollo de las habilidades socioemocionales desde las herramientas art\u00edsticas, trabajamos para el aprendizaje profundo y el bienestar\u201d. Adem\u00e1s, expres\u00f3 que \u201ctenemos en todos los cierres a los estudiantes llorando porque se acaban los talleres. Porque estos talleres son de 3 meses, que es muy poco. Tenemos a apoderados, madres, padres participando activamente, tanto de las clases, de las celebraciones y presentaciones de sus hijos. Volviendo al colegio y comprando regalos para nuestros artistas educadores valorando el trabajo que hacen\u201d, asegur\u00f3.<\/p>\n\n\n\n<p>Los 18 establecimientos participantes fueron: Escuela Jos\u00e9 Alfaro Alfaro, Liceo San Jos\u00e9 Mar\u00eda Escriv\u00e1 de Balaguer, colegio Komvux de la comuna de Coquimbo; Liceo Gabriela Mistral, Colegio Gabriel Gonz\u00e1lez Videla y Escuela Lambert de comuna de La Serena; Escuela Jos\u00e9 Santos Ossa de la comuna de La Higuera; Escuela Juan Torres Mart\u00ednez la comuna de Vicu\u00f1a; Colegio de Artes Eliseo Videla Jorquera, Escuela Patricio Zeballos, Escuela Pedro Enrique Alfonso Barrios, Escuela B\u00e1sica Luc\u00eda Nu\u00f1ez de la Cuadra, Escuela Elvira del Carmen Ochoa Avil\u00e9s, Colegio Dalmacia y Escuela B\u00e1sica Cerro Tamaya de la comuna de Ovalle; Escuela Juan Carrasco Risco y Escuela San Isidro de Cuz Cuz de la Comuna de Illapel y Escuela Coir\u00f3n de la comuna de Salamanca.<\/p>\n","protected":false},"excerpt":{"rendered":"<p>Este a\u00f1o 2023 se ejecutaron 36 talleres de m\u00fasica, teatro, danza y artes visuales en 18 escuelas y liceos p\u00fablicos, municipales y particulares subvencionados de la Regi\u00f3n de Coquimbo. Entregar a las y los estudiantes una educaci\u00f3n integral que permita ampliar sus conocimientos y experiencias en los diversos lenguajes art\u00edsticos, fortalecer su autoestima, su sentido &#8230;<\/p>\n","protected":false},"author":2,"featured_media":9940,"comment_status":"open","ping_status":"open","sticky":false,"template":"","format":"standard","meta":{"footnotes":""},"categories":[6],"tags":[],"class_list":["post-9939","post","type-post","status-publish","format-standard","has-post-thumbnail","hentry","category-regionales"],"_links":{"self":[{"href":"https:\/\/www.radiolimari.cl\/index.php?rest_route=\/wp\/v2\/posts\/9939","targetHints":{"allow":["GET"]}}],"collection":[{"href":"https:\/\/www.radiolimari.cl\/index.php?rest_route=\/wp\/v2\/posts"}],"about":[{"href":"https:\/\/www.radiolimari.cl\/index.php?rest_route=\/wp\/v2\/types\/post"}],"author":[{"embeddable":true,"href":"https:\/\/www.radiolimari.cl\/index.php?rest_route=\/wp\/v2\/users\/2"}],"replies":[{"embeddable":true,"href":"https:\/\/www.radiolimari.cl\/index.php?rest_route=%2Fwp%2Fv2%2Fcomments&post=9939"}],"version-history":[{"count":1,"href":"https:\/\/www.radiolimari.cl\/index.php?rest_route=\/wp\/v2\/posts\/9939\/revisions"}],"predecessor-version":[{"id":9943,"href":"https:\/\/www.radiolimari.cl\/index.php?rest_route=\/wp\/v2\/posts\/9939\/revisions\/9943"}],"wp:featuredmedia":[{"embeddable":true,"href":"https:\/\/www.radiolimari.cl\/index.php?rest_route=\/wp\/v2\/media\/9940"}],"wp:attachment":[{"href":"https:\/\/www.radiolimari.cl\/index.php?rest_route=%2Fwp%2Fv2%2Fmedia&parent=9939"}],"wp:term":[{"taxonomy":"category","embeddable":true,"href":"https:\/\/www.radiolimari.cl\/index.php?rest_route=%2Fwp%2Fv2%2Fcategories&post=9939"},{"taxonomy":"post_tag","embeddable":true,"href":"https:\/\/www.radiolimari.cl\/index.php?rest_route=%2Fwp%2Fv2%2Ftags&post=9939"}],"curies":[{"name":"wp","href":"https:\/\/api.w.org\/{rel}","templated":true}]}}