{"id":9936,"date":"2023-08-23T22:18:23","date_gmt":"2023-08-23T22:18:23","guid":{"rendered":"https:\/\/www.radiolimari.cl\/?p=9936"},"modified":"2023-08-23T22:18:24","modified_gmt":"2023-08-23T22:18:24","slug":"gobernadora-regional-enfatiza-que-su-gestion-es-de-total-probidad","status":"publish","type":"post","link":"https:\/\/www.radiolimari.cl\/?p=9936","title":{"rendered":"Gobernadora Regional enfatiza que su gesti\u00f3n es de total probidad"},"content":{"rendered":"\n<figure class=\"wp-block-image size-full\"><a href=\"https:\/\/www.radiolimari.cl\/wp-content\/uploads\/2023\/08\/IMG-20230823-WA0006.jpg\"><img fetchpriority=\"high\" decoding=\"async\" width=\"1024\" height=\"683\" src=\"https:\/\/www.radiolimari.cl\/wp-content\/uploads\/2023\/08\/IMG-20230823-WA0006.jpg\" alt=\"\" class=\"wp-image-9937\" srcset=\"https:\/\/www.radiolimari.cl\/wp-content\/uploads\/2023\/08\/IMG-20230823-WA0006.jpg 1024w, https:\/\/www.radiolimari.cl\/wp-content\/uploads\/2023\/08\/IMG-20230823-WA0006-300x200.jpg 300w, https:\/\/www.radiolimari.cl\/wp-content\/uploads\/2023\/08\/IMG-20230823-WA0006-768x512.jpg 768w\" sizes=\"(max-width: 1024px) 100vw, 1024px\" \/><\/a><\/figure>\n\n\n\n<p>La Gobernadora Regional y presidenta del Consejo Regional, Krist Naranjo lamenta las declaraciones \u201cmal intencionadas de algunos consejeros regionales\u201d respecto a los procesos en la ejecuci\u00f3n sobre proyectos de inter\u00e9s regional que financia el Gobierno Regional de Coquimbo. Tambi\u00e9n la primera autoridad manifiesta tajantemente que no hay ning\u00fan hecho de corrupci\u00f3n similar al \u201ccaso convenios\u201d con ninguna fundaci\u00f3n.<\/p>\n\n\n\n<p><strong>\u201cAclaramos que todo proyecto de inter\u00e9s regional cuenta con un instructivo aprobado por Contralor\u00eda y el Consejo Regional. Tambi\u00e9n tenemos el reglamento de postulaci\u00f3n de inter\u00e9s regional aprobadas por el CORE. Es importante se\u00f1alar que todo proyecto es revisado y aprobado por una Comisi\u00f3n Evaluadora integrada por representantes del Gobierno Regional, Consejo Regional y servicios sectoriales\u201d,<\/strong> explic\u00f3 Pablo Riveros, jefe de la Divisi\u00f3n de Desarrollo Social y Humano (DIDESO)<\/p>\n\n\n\n<p>En el caso del proyecto ejecutado por Fundaci\u00f3n Buenas Ra\u00edces desde el GORE se\u00f1alaron que &nbsp;fue aprobado por unanimidad por la Comisi\u00f3n Evaluadora el 30 de noviembre del 2022. La comisi\u00f3n cont\u00f3 con tres participantes; una integrante miembro del gobierno regional, &nbsp;Pamela Olave; m\u00e1s un profesional asignado por el Consejo Regional de Coquimbo (CORE) Natalia Burgos y el seremi de Desarrollo Social y Familia, Eduardo Alcayaga.<\/p>\n\n\n\n<p>Dicho proyecto, en su convenio establece su t\u00e9rmino del proceso de ejecuci\u00f3n para el 31 de julio del presente a\u00f1o, y para el 31 de agosto para la presentaci\u00f3n de las rendiciones respectivas, tal cual lo dicta el reglamento y el instructivo aprobado por Contralor\u00eda y el CORE. La fundaci\u00f3n previa al vencimiento de la ejecuci\u00f3n de la iniciativa ingres\u00f3 una solicitud de ampliaci\u00f3n de plazo para el 30 de octubre en su ejecuci\u00f3n y para el 30 de noviembre la presentaci\u00f3n de las rendiciones, la cual actualmente est\u00e1 aprobada por resoluci\u00f3n.<\/p>\n\n\n\n<p>Hay que dejar claro que el reglamento de convenio indica, \u201cel plazo de ejecuci\u00f3n de los proyectos comenzar\u00e1 a contar de la fecha de la resoluci\u00f3n con que se tramite totalmente el convenio de transferencia, y se extender\u00e1 por un m\u00e1ximo de 12 meses\u201d<\/p>\n\n\n\n<p>La Gobernadora de la regi\u00f3n de Coquimbo, ante esta situaci\u00f3n, manifiesta su preocupaci\u00f3n por la mala intenci\u00f3n en declaraciones de algunos consejeros regionales, <strong>\u201clamento la mala intenci\u00f3n de algunos consejeros regionales que est\u00e1n sembrando dudas sin fundamento ver\u00eddico ante todas las fundaciones y corporaciones que participan de estos procesos que establece la Ley. Aclaro que no tengo ninguna relaci\u00f3n con fundaci\u00f3n alguna. Reitero que hasta el momento no existe ninguna situaci\u00f3n irregular, an\u00f3mala u otros hechos que se comparen con los llamados casos convenios que se inician en el MINVU del Gobierno Central. &nbsp;En mi gesti\u00f3n no hay casos de corrupci\u00f3n con fundaci\u00f3n alguna. Me gustar\u00eda que los cores destacaran los positivo y dejaran de lado los ataques pol\u00edticos, tampoco tenemos en mi gesti\u00f3n ning\u00fan atisbo de lo que es el PapayaGate que hasta hoy no se formaliza a los responsables del desfalco del GORE de m\u00e1s de $9.800 millones.<\/strong><\/p>\n\n\n\n<p>Asimismo, la Gobernadora, insisti\u00f3, <strong>\u201cmi gesti\u00f3n es proba y transparente. No hay nada que esconder. Insisto desde el d\u00eda que se conoci\u00f3 el problema con el seremi de Antofagasta por el tema MINVU, instru\u00ed a mis equipos revisar todos los convenios. Y m\u00e1s a\u00fan solicit\u00e9 una auditor\u00eda externa para demostrar con hechos que no hay nada que esconder y si hay alg\u00fan problema administrativo tendr\u00e1 que subsanarse. Pero ac\u00e1, en mi gesti\u00f3n, la transparencia y probidad est\u00e1 en primera l\u00ednea\u201d<\/strong><\/p>\n\n\n\n<p>Cabe destacar que, el Gobierno Regional trabaj\u00f3 estos proyectos siempre en funci\u00f3n a las bases legales regularizadas bajo el instructivo validado por la Contralor\u00eda, por lo que esta decisi\u00f3n obedece a mantener la transparencia y \u00e9tica de los procesos administrativos de la instituci\u00f3n, sin que sea notificada irregularidad alguna de este proyecto, ni de ning\u00fan otro.<\/p>\n\n\n\n<p>Foto referencial: inauguraci\u00f3n de proyecto de Fundaci\u00f3n Buenas Ra\u00edces (eco barrios) en Las Compa\u00f1\u00edas<\/p>\n\n\n\n<p><\/p>\n","protected":false},"excerpt":{"rendered":"<p>La Gobernadora Regional y presidenta del Consejo Regional, Krist Naranjo lamenta las declaraciones \u201cmal intencionadas de algunos consejeros regionales\u201d respecto a los procesos en la ejecuci\u00f3n sobre proyectos de inter\u00e9s regional que financia el Gobierno Regional de Coquimbo. Tambi\u00e9n la primera autoridad manifiesta tajantemente que no hay ning\u00fan hecho de corrupci\u00f3n similar al \u201ccaso convenios\u201d &#8230;<\/p>\n","protected":false},"author":2,"featured_media":9937,"comment_status":"open","ping_status":"open","sticky":false,"template":"","format":"standard","meta":{"footnotes":""},"categories":[3],"tags":[],"class_list":["post-9936","post","type-post","status-publish","format-standard","has-post-thumbnail","hentry","category-actualidad"],"_links":{"self":[{"href":"https:\/\/www.radiolimari.cl\/index.php?rest_route=\/wp\/v2\/posts\/9936","targetHints":{"allow":["GET"]}}],"collection":[{"href":"https:\/\/www.radiolimari.cl\/index.php?rest_route=\/wp\/v2\/posts"}],"about":[{"href":"https:\/\/www.radiolimari.cl\/index.php?rest_route=\/wp\/v2\/types\/post"}],"author":[{"embeddable":true,"href":"https:\/\/www.radiolimari.cl\/index.php?rest_route=\/wp\/v2\/users\/2"}],"replies":[{"embeddable":true,"href":"https:\/\/www.radiolimari.cl\/index.php?rest_route=%2Fwp%2Fv2%2Fcomments&post=9936"}],"version-history":[{"count":1,"href":"https:\/\/www.radiolimari.cl\/index.php?rest_route=\/wp\/v2\/posts\/9936\/revisions"}],"predecessor-version":[{"id":9938,"href":"https:\/\/www.radiolimari.cl\/index.php?rest_route=\/wp\/v2\/posts\/9936\/revisions\/9938"}],"wp:featuredmedia":[{"embeddable":true,"href":"https:\/\/www.radiolimari.cl\/index.php?rest_route=\/wp\/v2\/media\/9937"}],"wp:attachment":[{"href":"https:\/\/www.radiolimari.cl\/index.php?rest_route=%2Fwp%2Fv2%2Fmedia&parent=9936"}],"wp:term":[{"taxonomy":"category","embeddable":true,"href":"https:\/\/www.radiolimari.cl\/index.php?rest_route=%2Fwp%2Fv2%2Fcategories&post=9936"},{"taxonomy":"post_tag","embeddable":true,"href":"https:\/\/www.radiolimari.cl\/index.php?rest_route=%2Fwp%2Fv2%2Ftags&post=9936"}],"curies":[{"name":"wp","href":"https:\/\/api.w.org\/{rel}","templated":true}]}}