{"id":9933,"date":"2023-08-23T20:31:07","date_gmt":"2023-08-23T20:31:07","guid":{"rendered":"https:\/\/www.radiolimari.cl\/?p=9933"},"modified":"2023-08-23T20:31:07","modified_gmt":"2023-08-23T20:31:07","slug":"realizan-feria-informativa-sobre-cuidados-del-corazon-en-ovalle","status":"publish","type":"post","link":"https:\/\/www.radiolimari.cl\/?p=9933","title":{"rendered":"Realizan feria informativa sobre cuidados del coraz\u00f3n en Ovalle"},"content":{"rendered":"\n<figure class=\"wp-block-image size-large\"><a href=\"https:\/\/www.radiolimari.cl\/wp-content\/uploads\/2023\/08\/Feria-Cardiovascular-CECOSF-San-Jose-de-la-Dehesa-1-scaled.jpg\"><img fetchpriority=\"high\" decoding=\"async\" width=\"1024\" height=\"473\" src=\"https:\/\/www.radiolimari.cl\/wp-content\/uploads\/2023\/08\/Feria-Cardiovascular-CECOSF-San-Jose-de-la-Dehesa-1-1024x473.jpg\" alt=\"\" class=\"wp-image-9934\" srcset=\"https:\/\/www.radiolimari.cl\/wp-content\/uploads\/2023\/08\/Feria-Cardiovascular-CECOSF-San-Jose-de-la-Dehesa-1-1024x473.jpg 1024w, https:\/\/www.radiolimari.cl\/wp-content\/uploads\/2023\/08\/Feria-Cardiovascular-CECOSF-San-Jose-de-la-Dehesa-1-300x139.jpg 300w, https:\/\/www.radiolimari.cl\/wp-content\/uploads\/2023\/08\/Feria-Cardiovascular-CECOSF-San-Jose-de-la-Dehesa-1-768x355.jpg 768w, https:\/\/www.radiolimari.cl\/wp-content\/uploads\/2023\/08\/Feria-Cardiovascular-CECOSF-San-Jose-de-la-Dehesa-1-1536x709.jpg 1536w, https:\/\/www.radiolimari.cl\/wp-content\/uploads\/2023\/08\/Feria-Cardiovascular-CECOSF-San-Jose-de-la-Dehesa-1-2048x946.jpg 2048w\" sizes=\"(max-width: 1024px) 100vw, 1024px\" \/><\/a><\/figure>\n\n\n\n<p><strong><em>La Feria Cardiovascular fue organizada por el CECOSF San Jos\u00e9 de la Dehesa y tuvo como principal objetivo entregar recomendaciones a los usuarios, para que protejan a trav\u00e9s de buena alimentaci\u00f3n y actividades f\u00edsicas este \u00f3rgano vital.<\/em><\/strong><\/p>\n\n\n\n<p>Es uno de los \u00f3rganos vitales del cuerpo humano. El coraz\u00f3n y sus cuidados son esenciales para mantener una vida saludable. Es por esta raz\u00f3n, que el Cecosf de la poblaci\u00f3n San Jos\u00e9 de la Dehesa realiz\u00f3 una Feria Cardiovascular, con la finalidad de dar recomendaciones a usuarios y usuarias sobre los cuidados esenciales para evitar enfermedades.<\/p>\n\n\n\n<p>Durante la iniciativa, se entregaron \u201ctips\u201d sobre la importancia de la actividad f\u00edsica, la correcta alimentaci\u00f3n y la buena salud mental, temas fundamentales para el buen funcionamiento del coraz\u00f3n.<\/p>\n\n\n\n<p>En esta oportunidad, se realizaron bailes, juegos recreativos y deportes, taller de primeros auxilios, adem\u00e1s de ex\u00e1menes de medicina preventiva.<\/p>\n\n\n\n<p>Felipe Dur\u00e1n, encargado de convivencia escolar de la escuela Oscar Araya Molina indic\u00f3 que es una actividad muy interesante porque \u201cnos ense\u00f1a acerca del cuidado personal, como el taller de primeros auxilios, en el cual, participaron muchos alumnos y alumnas, lo que aporta y educa acerca de la empat\u00eda entre compa\u00f1eros\u201d.<\/p>\n\n\n\n<p>Al respecto, Catalina Villal\u00f3n, encargada Programa Cardiovascular San Jos\u00e9 de la Dehesa indic\u00f3 que es importante interiorizar desde una edad temprana el cuidado que requiere nuestro coraz\u00f3n, \u201cse realiz\u00f3 la invitaci\u00f3n especial a colegios y jardines para que se interioricen desde una edad temprana acerca del cuidado que requiere nuestro coraz\u00f3n, en base a actividades f\u00edsicas y juegos l\u00fadicos, adem\u00e1s, educar c\u00f3mo influye el cuidado del coraz\u00f3n con otras acciones, como el cuidado de los dientes, salud mental, alimentaci\u00f3n saludable, actividad f\u00edsica, entre otros.\u201d<\/p>\n\n\n\n<p>La actividad se desarrolla en el marco del mes del coraz\u00f3n, practicando la promoci\u00f3n, prevenci\u00f3n y participaci\u00f3n de salud en la comunidad.<\/p>\n","protected":false},"excerpt":{"rendered":"<p>La Feria Cardiovascular fue organizada por el CECOSF San Jos\u00e9 de la Dehesa y tuvo como principal objetivo entregar recomendaciones a los usuarios, para que protejan a trav\u00e9s de buena alimentaci\u00f3n y actividades f\u00edsicas este \u00f3rgano vital. Es uno de los \u00f3rganos vitales del cuerpo humano. El coraz\u00f3n y sus cuidados son esenciales para mantener &#8230;<\/p>\n","protected":false},"author":2,"featured_media":9934,"comment_status":"open","ping_status":"open","sticky":false,"template":"","format":"standard","meta":{"footnotes":""},"categories":[5],"tags":[],"class_list":["post-9933","post","type-post","status-publish","format-standard","has-post-thumbnail","hentry","category-actualidad-limarina"],"_links":{"self":[{"href":"https:\/\/www.radiolimari.cl\/index.php?rest_route=\/wp\/v2\/posts\/9933","targetHints":{"allow":["GET"]}}],"collection":[{"href":"https:\/\/www.radiolimari.cl\/index.php?rest_route=\/wp\/v2\/posts"}],"about":[{"href":"https:\/\/www.radiolimari.cl\/index.php?rest_route=\/wp\/v2\/types\/post"}],"author":[{"embeddable":true,"href":"https:\/\/www.radiolimari.cl\/index.php?rest_route=\/wp\/v2\/users\/2"}],"replies":[{"embeddable":true,"href":"https:\/\/www.radiolimari.cl\/index.php?rest_route=%2Fwp%2Fv2%2Fcomments&post=9933"}],"version-history":[{"count":1,"href":"https:\/\/www.radiolimari.cl\/index.php?rest_route=\/wp\/v2\/posts\/9933\/revisions"}],"predecessor-version":[{"id":9935,"href":"https:\/\/www.radiolimari.cl\/index.php?rest_route=\/wp\/v2\/posts\/9933\/revisions\/9935"}],"wp:featuredmedia":[{"embeddable":true,"href":"https:\/\/www.radiolimari.cl\/index.php?rest_route=\/wp\/v2\/media\/9934"}],"wp:attachment":[{"href":"https:\/\/www.radiolimari.cl\/index.php?rest_route=%2Fwp%2Fv2%2Fmedia&parent=9933"}],"wp:term":[{"taxonomy":"category","embeddable":true,"href":"https:\/\/www.radiolimari.cl\/index.php?rest_route=%2Fwp%2Fv2%2Fcategories&post=9933"},{"taxonomy":"post_tag","embeddable":true,"href":"https:\/\/www.radiolimari.cl\/index.php?rest_route=%2Fwp%2Fv2%2Ftags&post=9933"}],"curies":[{"name":"wp","href":"https:\/\/api.w.org\/{rel}","templated":true}]}}