{"id":9930,"date":"2023-08-23T19:57:57","date_gmt":"2023-08-23T19:57:57","guid":{"rendered":"https:\/\/www.radiolimari.cl\/?p=9930"},"modified":"2023-08-23T19:57:57","modified_gmt":"2023-08-23T19:57:57","slug":"en-cerro-blanco-de-la-comuna-de-ovalle-dirigentes-campesinos-junto-a-usuarios-y-usuarias-de-indap-se-reunen-en-actividad-organizada-por-mucech-region-de-coquimbo","status":"publish","type":"post","link":"https:\/\/www.radiolimari.cl\/?p=9930","title":{"rendered":"En Cerro Blanco de la comuna de Ovalle dirigentes campesinos junto a usuarios y usuarias de INDAP se re\u00fanen en actividad organizada por MUCECH Regi\u00f3n de Coquimbo"},"content":{"rendered":"\n<figure class=\"wp-block-image size-large is-resized\"><a href=\"https:\/\/www.radiolimari.cl\/wp-content\/uploads\/2023\/08\/Usuarios-y-usuarias-de-INDAP-de-distintas-comunas-de-la-region-de-Coquimbo-se-hicieron-presentes-en-la-actividad-de-MUCECH.jpeg\"><img fetchpriority=\"high\" decoding=\"async\" src=\"https:\/\/www.radiolimari.cl\/wp-content\/uploads\/2023\/08\/Usuarios-y-usuarias-de-INDAP-de-distintas-comunas-de-la-region-de-Coquimbo-se-hicieron-presentes-en-la-actividad-de-MUCECH-1024x697.jpeg\" alt=\"\" class=\"wp-image-9931\" width=\"396\" height=\"269\" srcset=\"https:\/\/www.radiolimari.cl\/wp-content\/uploads\/2023\/08\/Usuarios-y-usuarias-de-INDAP-de-distintas-comunas-de-la-region-de-Coquimbo-se-hicieron-presentes-en-la-actividad-de-MUCECH-1024x697.jpeg 1024w, https:\/\/www.radiolimari.cl\/wp-content\/uploads\/2023\/08\/Usuarios-y-usuarias-de-INDAP-de-distintas-comunas-de-la-region-de-Coquimbo-se-hicieron-presentes-en-la-actividad-de-MUCECH-300x204.jpeg 300w, https:\/\/www.radiolimari.cl\/wp-content\/uploads\/2023\/08\/Usuarios-y-usuarias-de-INDAP-de-distintas-comunas-de-la-region-de-Coquimbo-se-hicieron-presentes-en-la-actividad-de-MUCECH-768x522.jpeg 768w, https:\/\/www.radiolimari.cl\/wp-content\/uploads\/2023\/08\/Usuarios-y-usuarias-de-INDAP-de-distintas-comunas-de-la-region-de-Coquimbo-se-hicieron-presentes-en-la-actividad-de-MUCECH-1536x1045.jpeg 1536w, https:\/\/www.radiolimari.cl\/wp-content\/uploads\/2023\/08\/Usuarios-y-usuarias-de-INDAP-de-distintas-comunas-de-la-region-de-Coquimbo-se-hicieron-presentes-en-la-actividad-de-MUCECH.jpeg 2048w\" sizes=\"(max-width: 396px) 100vw, 396px\" \/><\/a><\/figure>\n\n\n\n<p>Una jornada que permiti\u00f3 dialogar y obtener retroalimentaci\u00f3n fue la que se vivi\u00f3 en el encuentro organizado por el Movimiento Unitario Campesino y Etnias de Chile (MUCECH).<\/p>\n\n\n\n<p>En detalle, se realiz\u00f3 un conversatorio en el que participaron campesinos y campesinas, entre ellos, usuarios y usuarias del Instituto de Desarrollo Agropecuario (INDAP) de comunas de la regi\u00f3n de Coquimbo, y en el que tambi\u00e9n estuvo la Directora Regional (S), Tonya Romero Rojas, quien dio a conocer los diversos programas del servicio y los requisitos para acceder a ellos.<\/p>\n\n\n\n<p>Al respecto, el presidente de MUCECH IV Regi\u00f3n, Domingo Cort\u00e9s, valor\u00f3 que se efect\u00faen este tipo de instancias y expres\u00f3 que fue muy positiva, tanto por la cantidad de asistentes como tambi\u00e9n porque \u201cjunto con conversar y reencontrarnos, tambi\u00e9n tuvimos la oportunidad de conocer sobre varios temas relevantes como, por ejemplo, una exposici\u00f3n sobre cultivo hidrop\u00f3nico. Hubo mucho di\u00e1logo, nos vamos muy conformes y damos las gracias a INDAP por todo el apoyo y por todas las facilidades que nos ha dado para realizar estas actividades\u201d.<\/p>\n\n\n\n<p>Por su parte, la agricultora de Punitaqui, Clara Alfaro, coment\u00f3 lo fundamental que ha sido el INDAP en su desarrollo productivo en los m\u00e1s de 27 a\u00f1os que lleva siendo usuaria y puntualiz\u00f3 que estas acciones son \u201cimportantes porque hacen renacer el florecimiento del mundo campesino y del verdadero valor que debemos tener. Y tambi\u00e9n vemos que las instituciones estatales se van abriendo y van teniendo menos burocracia al momento de atendernos o darnos soluciones\u201d.<\/p>\n\n\n\n<p>Sobre lo que significa para el servicio del agro participar de jornadas junto a la MUCECH, la Directora Regional (S) de INDAP, Tonya Romero, se\u00f1al\u00f3 que \u201cpara nuestra instituci\u00f3n siempre es relevante acompa\u00f1ar a la Agricultura Familiar Campesina e Ind\u00edgena en todo su quehacer, tanto a nivel productivo como tambi\u00e9n organizacional. Por eso, participar de estos encuentros nos llena de satisfacci\u00f3n, ya que junto con dar a conocer nuestros programas obtenemos retroalimentaci\u00f3n sobre el despliegue constante que estamos realizando a lo largo y ancho de la regi\u00f3n de Coquimbo\u201d.<\/p>\n\n\n\n<p>Cabe indicar que, adem\u00e1s de lo anterior, la Directora tambi\u00e9n orient\u00f3 los diversos requerimientos que fueron surgiendo de parte de los asistentes.<\/p>\n\n\n\n<p>Asimismo, el Seremi de Agricultura, Christian \u00c1lvarez, subray\u00f3 en el hecho que el estar junto a organizaciones campesinas \u201ces justamente lo que nos han mandatado el Presidente Gabriel Boric y el Ministro de Agricultura, Esteban Valenzuela, ya que este tipo de instancias, como las organizadas por la MUCECH y en la que particip\u00f3 la Directora Regional (S) de INDAP, posibilita dialogar, recoger ideas e inquietudes y dar a conocer toda la gama de programas que en este caso dispone INDAP para la Agricultura Familiar Campesina e Ind\u00edgena. Este tipo de actividades, sin duda, contribuyen a seguir potenciando todo el despliegue que realizamos como Minagri\u201d.<\/p>\n\n\n\n<p>El nombre del encuentro se denomin\u00f3 \u201cTradici\u00f3n campesina y desarrollo rural\u201d.<\/p>\n","protected":false},"excerpt":{"rendered":"<p>Una jornada que permiti\u00f3 dialogar y obtener retroalimentaci\u00f3n fue la que se vivi\u00f3 en el encuentro organizado por el Movimiento Unitario Campesino y Etnias de Chile (MUCECH). En detalle, se realiz\u00f3 un conversatorio en el que participaron campesinos y campesinas, entre ellos, usuarios y usuarias del Instituto de Desarrollo Agropecuario (INDAP) de comunas de la &#8230;<\/p>\n","protected":false},"author":2,"featured_media":9931,"comment_status":"open","ping_status":"open","sticky":false,"template":"","format":"standard","meta":{"footnotes":""},"categories":[6],"tags":[],"class_list":["post-9930","post","type-post","status-publish","format-standard","has-post-thumbnail","hentry","category-regionales"],"_links":{"self":[{"href":"https:\/\/www.radiolimari.cl\/index.php?rest_route=\/wp\/v2\/posts\/9930","targetHints":{"allow":["GET"]}}],"collection":[{"href":"https:\/\/www.radiolimari.cl\/index.php?rest_route=\/wp\/v2\/posts"}],"about":[{"href":"https:\/\/www.radiolimari.cl\/index.php?rest_route=\/wp\/v2\/types\/post"}],"author":[{"embeddable":true,"href":"https:\/\/www.radiolimari.cl\/index.php?rest_route=\/wp\/v2\/users\/2"}],"replies":[{"embeddable":true,"href":"https:\/\/www.radiolimari.cl\/index.php?rest_route=%2Fwp%2Fv2%2Fcomments&post=9930"}],"version-history":[{"count":1,"href":"https:\/\/www.radiolimari.cl\/index.php?rest_route=\/wp\/v2\/posts\/9930\/revisions"}],"predecessor-version":[{"id":9932,"href":"https:\/\/www.radiolimari.cl\/index.php?rest_route=\/wp\/v2\/posts\/9930\/revisions\/9932"}],"wp:featuredmedia":[{"embeddable":true,"href":"https:\/\/www.radiolimari.cl\/index.php?rest_route=\/wp\/v2\/media\/9931"}],"wp:attachment":[{"href":"https:\/\/www.radiolimari.cl\/index.php?rest_route=%2Fwp%2Fv2%2Fmedia&parent=9930"}],"wp:term":[{"taxonomy":"category","embeddable":true,"href":"https:\/\/www.radiolimari.cl\/index.php?rest_route=%2Fwp%2Fv2%2Fcategories&post=9930"},{"taxonomy":"post_tag","embeddable":true,"href":"https:\/\/www.radiolimari.cl\/index.php?rest_route=%2Fwp%2Fv2%2Ftags&post=9930"}],"curies":[{"name":"wp","href":"https:\/\/api.w.org\/{rel}","templated":true}]}}