{"id":9927,"date":"2023-08-23T16:56:14","date_gmt":"2023-08-23T16:56:14","guid":{"rendered":"https:\/\/www.radiolimari.cl\/?p=9927"},"modified":"2023-08-23T16:56:15","modified_gmt":"2023-08-23T16:56:15","slug":"tribunal-oral-en-lo-penal-de-ovalle-absuelve-a-acusado-por-homicidio-por-falta-de-pruebas","status":"publish","type":"post","link":"https:\/\/www.radiolimari.cl\/?p=9927","title":{"rendered":"Tribunal Oral en lo penal de Ovalle absuelve a acusado por homicidio por falta de pruebas"},"content":{"rendered":"\n<figure class=\"wp-block-image size-large\"><a href=\"https:\/\/www.radiolimari.cl\/wp-content\/uploads\/2023\/08\/top-ovalle3-scaled.jpg\"><img fetchpriority=\"high\" decoding=\"async\" width=\"1024\" height=\"684\" src=\"https:\/\/www.radiolimari.cl\/wp-content\/uploads\/2023\/08\/top-ovalle3-1024x684.jpg\" alt=\"\" class=\"wp-image-9928\" srcset=\"https:\/\/www.radiolimari.cl\/wp-content\/uploads\/2023\/08\/top-ovalle3-1024x684.jpg 1024w, https:\/\/www.radiolimari.cl\/wp-content\/uploads\/2023\/08\/top-ovalle3-300x201.jpg 300w, https:\/\/www.radiolimari.cl\/wp-content\/uploads\/2023\/08\/top-ovalle3-768x513.jpg 768w, https:\/\/www.radiolimari.cl\/wp-content\/uploads\/2023\/08\/top-ovalle3-1536x1027.jpg 1536w, https:\/\/www.radiolimari.cl\/wp-content\/uploads\/2023\/08\/top-ovalle3-2048x1369.jpg 2048w\" sizes=\"(max-width: 1024px) 100vw, 1024px\" \/><\/a><\/figure>\n\n\n\n<p>El Tribunal de Juicio Oral en lo Penal de Ovalle dict\u00f3 veredicto absolutorio en favor de J.S.V.P., acusado por el Ministerio P\u00fablico como autor del delito de homicidio. Il\u00edcito que habr\u00eda perpetrado en febrero pasado.<\/p>\n\n\n\n<p>En resoluci\u00f3n un\u00e1nime, el tribunal \u2013integrado por las magistradas Claudia Molina Contador (presidenta), Claudio Weishaupt Milner y Lilian Tapia Carvajal (redactora)\u2013 tras la deliberaci\u00f3n de rigor, decret\u00f3 la absoluci\u00f3n de J.S.V.P. debido a la incongruencia y contradicciones de los testimonios rendidos en estrado por los testigos de cargo, presentados por el ente persecutor.<\/p>\n\n\n\n<p>\u201cEn estas circunstancias el Ministerio P\u00fablico para acreditar los presupuestos del delito present\u00f3 a tres supuestos testigos presenciales, entregando cada uno de estos versiones distintas de los hechos, no solo en cuanto a las personas que supuestamente aquel d\u00eda estaban en las inmediaciones del lugar, sino que adem\u00e1s son divergentes en las acciones que cada uno de estos ve o est\u00e1 en posibilidad de ver, y en las acciones que tanto los testigos como el acusado y la persona fallecida realizaron aquel d\u00eda, razones que impiden dar a sus dichos valor probatorio alguno\u201d, consigna el acta de deliberaci\u00f3n.<\/p>\n\n\n\n<p>El dictamen agrega que: \u201cEn estas circunstancias era necesario que el ente persecutor presentara prueba objetiva que permitiera a estos sentenciadores decantarse por la versi\u00f3n de uno de estos testigos a fin de desvirtuar los dichos del acusado, sin embargo, aquello no sucedi\u00f3 desde que no logr\u00f3 presentar prueba id\u00f3nea para acreditar el lugar d\u00f3nde se realiz\u00f3 la pu\u00f1alada mortal y el lugar d\u00f3nde finalmente se desvanece, ambos elementos f\u00e1cticos, espaciales, esenciales para un caso de homicidio y que en este en particular se tornaba imprescindible\u201d.<\/p>\n\n\n\n<p>Para el tribunal: \u201cEn consecuencia, con la prueba incorporada en juicio no es posible acreditar conforme el est\u00e1ndar legal que alguna de las tres versiones dadas por los testigos efectivamente ocurri\u00f3 en la forma se\u00f1alada por al menos uno de estos, alz\u00e1ndose la versi\u00f3n del acusado como una explicaci\u00f3n razonable de los hechos al otorgar un relato coherente en que explica por qu\u00e9 y c\u00f3mo debi\u00f3 defenderse de una agresi\u00f3n ileg\u00edtima, como lo es el intent\u00f3 de sustracci\u00f3n de especie mueble y ser amenazado con un arma corto punzante, en raz\u00f3n de la cual se inicia un forceje\u00f3 en que finalmente apu\u00f1ala a (\u2026)\u201d.<\/p>\n\n\n\n<p>\u201cEn efecto, la ausencia de resguardo policial del sitio del suceso deja abierta la posibilidad de que este fuese alterado, explicando con ello por qu\u00e9 no se encontr\u00f3 el o las armas; asimismo, la falta de diligencias planim\u00e9tricas para ilustrar al tribunal el desplazamiento del acusado y occiso, en especial el lugar que se presum\u00eda como aquel en que se ejecut\u00f3 la pu\u00f1alada y el lugar donde finalmente cae, deja un vac\u00edo en los hechos que no puede ser suplido\u201d, a\u00f1ade.<\/p>\n\n\n\n<p>\u201cAs\u00ed las cosas, las falencias investigativas han repercutido en la decisi\u00f3n adoptada desde que estos jueces ante la ausencia de medios probatorios objetivos para preferir la versi\u00f3n de alguno de los tres testigos sobre los otros, hace imposible preferir uno de estos testimonios de cargo sobre los otros dos, careciendo como corolario de lo anterior de valor probatorio sus dichos, lo que trae como consecuencia que no se cuente con elementos probatorios para el establecimiento de los hechos en la forma propuesta por el acusador\u00a8, concluye el veredicto.<\/p>\n\n\n\n<p>La audiencia de comunicaci\u00f3n de la sentencia \u2013que ser\u00e1 redactada por la magistrada Tapia Carvajal\u2013 qued\u00f3 programada para las 13:45 horas del pr\u00f3ximo lunes 28 de agosto.<\/p>\n\n\n\n<p><\/p>\n","protected":false},"excerpt":{"rendered":"<p>El Tribunal de Juicio Oral en lo Penal de Ovalle dict\u00f3 veredicto absolutorio en favor de J.S.V.P., acusado por el Ministerio P\u00fablico como autor del delito de homicidio. Il\u00edcito que habr\u00eda perpetrado en febrero pasado. En resoluci\u00f3n un\u00e1nime, el tribunal \u2013integrado por las magistradas Claudia Molina Contador (presidenta), Claudio Weishaupt Milner y Lilian Tapia Carvajal &#8230;<\/p>\n","protected":false},"author":2,"featured_media":9928,"comment_status":"open","ping_status":"open","sticky":false,"template":"","format":"standard","meta":{"footnotes":""},"categories":[3],"tags":[],"class_list":["post-9927","post","type-post","status-publish","format-standard","has-post-thumbnail","hentry","category-actualidad"],"_links":{"self":[{"href":"https:\/\/www.radiolimari.cl\/index.php?rest_route=\/wp\/v2\/posts\/9927","targetHints":{"allow":["GET"]}}],"collection":[{"href":"https:\/\/www.radiolimari.cl\/index.php?rest_route=\/wp\/v2\/posts"}],"about":[{"href":"https:\/\/www.radiolimari.cl\/index.php?rest_route=\/wp\/v2\/types\/post"}],"author":[{"embeddable":true,"href":"https:\/\/www.radiolimari.cl\/index.php?rest_route=\/wp\/v2\/users\/2"}],"replies":[{"embeddable":true,"href":"https:\/\/www.radiolimari.cl\/index.php?rest_route=%2Fwp%2Fv2%2Fcomments&post=9927"}],"version-history":[{"count":1,"href":"https:\/\/www.radiolimari.cl\/index.php?rest_route=\/wp\/v2\/posts\/9927\/revisions"}],"predecessor-version":[{"id":9929,"href":"https:\/\/www.radiolimari.cl\/index.php?rest_route=\/wp\/v2\/posts\/9927\/revisions\/9929"}],"wp:featuredmedia":[{"embeddable":true,"href":"https:\/\/www.radiolimari.cl\/index.php?rest_route=\/wp\/v2\/media\/9928"}],"wp:attachment":[{"href":"https:\/\/www.radiolimari.cl\/index.php?rest_route=%2Fwp%2Fv2%2Fmedia&parent=9927"}],"wp:term":[{"taxonomy":"category","embeddable":true,"href":"https:\/\/www.radiolimari.cl\/index.php?rest_route=%2Fwp%2Fv2%2Fcategories&post=9927"},{"taxonomy":"post_tag","embeddable":true,"href":"https:\/\/www.radiolimari.cl\/index.php?rest_route=%2Fwp%2Fv2%2Ftags&post=9927"}],"curies":[{"name":"wp","href":"https:\/\/api.w.org\/{rel}","templated":true}]}}