{"id":9921,"date":"2023-08-21T19:22:49","date_gmt":"2023-08-21T19:22:49","guid":{"rendered":"https:\/\/www.radiolimari.cl\/?p=9921"},"modified":"2023-08-21T19:22:50","modified_gmt":"2023-08-21T19:22:50","slug":"en-ovalle-la-union-comunal-de-centros-de-madres-celebro-su-octavo-aniversario","status":"publish","type":"post","link":"https:\/\/www.radiolimari.cl\/?p=9921","title":{"rendered":"En Ovalle la Uni\u00f3n Comunal de Centros de Madres celebr\u00f3 su octavo aniversario"},"content":{"rendered":"\n<figure class=\"wp-block-image size-large\"><a href=\"https:\/\/www.radiolimari.cl\/wp-content\/uploads\/2023\/08\/Aniversario-8-de-Union-Comunal-de-Centros-de-Madres-Ovalle-Mejor.jpg\"><img fetchpriority=\"high\" decoding=\"async\" width=\"1024\" height=\"683\" src=\"https:\/\/www.radiolimari.cl\/wp-content\/uploads\/2023\/08\/Aniversario-8-de-Union-Comunal-de-Centros-de-Madres-Ovalle-Mejor-1024x683.jpg\" alt=\"\" class=\"wp-image-9922\" srcset=\"https:\/\/www.radiolimari.cl\/wp-content\/uploads\/2023\/08\/Aniversario-8-de-Union-Comunal-de-Centros-de-Madres-Ovalle-Mejor-1024x683.jpg 1024w, https:\/\/www.radiolimari.cl\/wp-content\/uploads\/2023\/08\/Aniversario-8-de-Union-Comunal-de-Centros-de-Madres-Ovalle-Mejor-300x200.jpg 300w, https:\/\/www.radiolimari.cl\/wp-content\/uploads\/2023\/08\/Aniversario-8-de-Union-Comunal-de-Centros-de-Madres-Ovalle-Mejor-768x512.jpg 768w, https:\/\/www.radiolimari.cl\/wp-content\/uploads\/2023\/08\/Aniversario-8-de-Union-Comunal-de-Centros-de-Madres-Ovalle-Mejor-1536x1024.jpg 1536w, https:\/\/www.radiolimari.cl\/wp-content\/uploads\/2023\/08\/Aniversario-8-de-Union-Comunal-de-Centros-de-Madres-Ovalle-Mejor.jpg 1920w\" sizes=\"(max-width: 1024px) 100vw, 1024px\" \/><\/a><\/figure>\n\n\n\n<p>En la ocasi\u00f3n, se realiz\u00f3 un concurso de trajes con materiales reciclables y las grandes ganadoras fueron las integrantes del Centro de Madres Nuestra Se\u00f1ora del Rosario, quienes presentaron un traje a base \u201cchapitas\u201d de latas de bebidas y sacos harineros. En tanto, el segundo lugar fue para el Centro de Madres Uni\u00f3n y Progreso.<\/p>\n\n\n\n<p>8 a\u00f1os est\u00e1n celebrando las integrantes de la Uni\u00f3n Comunal de Centros de Madres \u201cOvalle Mejor\u201d de Ovalle. En el marco del nuevo cumplea\u00f1os, se realiz\u00f3 una jornada de camarader\u00eda en el Club \u00c1rabe local y cont\u00f3 con la participaci\u00f3n de integrantes de los m\u00e1s de 30 centros de madres, que se mantienen activos en la comuna.<br>En la celebraci\u00f3n, se efectu\u00f3 un concurso de trajes confeccionados con materiales reciclables, donde cada uno de los centros de madres se luci\u00f3 con su creatividad y el desplante de las representantes quienes fueron parte de un desfile de modas. Tras la evaluaci\u00f3n de los 14 trajes en competencia, la ganadora fue Marisel Monardez, representante del Centro de Madres Nuestra Se\u00f1ora del Rosario, quien se coron\u00f3 como reina, gracias a su vestido a base de sacos harineros y \u201cchapitas\u201d de bebidas. El segundo lugar y el t\u00edtulo de virreina, fue para Devora Ram\u00edrez del Centro de Madres Uni\u00f3n y Progreso, quienes presentaron un traje realizado con sacos harineros y bandejas de huevos.<br>En este sentido, la nueva reina Marisel Monardez mostr\u00f3 su felicidad y afirm\u00f3 que ganar la competencia fue un premio al esfuerzo \u201cporque nos cost\u00f3 harto confeccionar nuestro vestido, porque cada una de las integrantes del centro trabaj\u00f3 y mucho, para llegar a este bonito resultado. Adem\u00e1s, muy contenta en lo personal porque es segunda vez que me convierto en reina\u201d. En tanto, Devora Ram\u00edrez, quien obtuvo el segundo lugar en el certamen, afirm\u00f3 que fue un trabajo arduo \u201cque nos uni\u00f3 a todas, porque trabajamos en conjunto y estamos muy felices, porque vali\u00f3 la pena el esfuerzo, porque nunca nos imaginamos que \u00edbamos a obtener el segundo lugar de la competencia\u201d.<br>La presidenta de la Uni\u00f3n Comunal de Centros de Madres \u201cOvalle Mejor\u201d, Judith Mena mostr\u00f3 su satisfacci\u00f3n e indic\u00f3 que es un orgullo \u201cporque estamos activas y cada vez somos m\u00e1s. Somos muy organizadas y agradezco que tengan las ganas de participar y ser parte de la celebraci\u00f3n de nuestro octavo aniversario, lo que vimos reflejado en el compromiso que hubo de parte de cada uno de los centros de madres por esforzarse y confeccionar un traje reciclable\u201d.<br>El alcalde de Ovalle, Jonathan Acu\u00f1a se\u00f1al\u00f3 que es muy gratificante porque \u201cestamos retomando este tipo de actividades con nuestros centros de madres. Estamos trabajando con ellos y continuaremos entreg\u00e1ndole el apoyo y estamos felices que cada d\u00eda vayan aumentando estas organizaciones en nuestra comuna\u201d.<\/p>\n","protected":false},"excerpt":{"rendered":"<p>En la ocasi\u00f3n, se realiz\u00f3 un concurso de trajes con materiales reciclables y las grandes ganadoras fueron las integrantes del Centro de Madres Nuestra Se\u00f1ora del Rosario, quienes presentaron un traje a base \u201cchapitas\u201d de latas de bebidas y sacos harineros. En tanto, el segundo lugar fue para el Centro de Madres Uni\u00f3n y Progreso. &#8230;<\/p>\n","protected":false},"author":2,"featured_media":9922,"comment_status":"open","ping_status":"open","sticky":false,"template":"","format":"standard","meta":{"footnotes":""},"categories":[5],"tags":[],"class_list":["post-9921","post","type-post","status-publish","format-standard","has-post-thumbnail","hentry","category-actualidad-limarina"],"_links":{"self":[{"href":"https:\/\/www.radiolimari.cl\/index.php?rest_route=\/wp\/v2\/posts\/9921","targetHints":{"allow":["GET"]}}],"collection":[{"href":"https:\/\/www.radiolimari.cl\/index.php?rest_route=\/wp\/v2\/posts"}],"about":[{"href":"https:\/\/www.radiolimari.cl\/index.php?rest_route=\/wp\/v2\/types\/post"}],"author":[{"embeddable":true,"href":"https:\/\/www.radiolimari.cl\/index.php?rest_route=\/wp\/v2\/users\/2"}],"replies":[{"embeddable":true,"href":"https:\/\/www.radiolimari.cl\/index.php?rest_route=%2Fwp%2Fv2%2Fcomments&post=9921"}],"version-history":[{"count":1,"href":"https:\/\/www.radiolimari.cl\/index.php?rest_route=\/wp\/v2\/posts\/9921\/revisions"}],"predecessor-version":[{"id":9923,"href":"https:\/\/www.radiolimari.cl\/index.php?rest_route=\/wp\/v2\/posts\/9921\/revisions\/9923"}],"wp:featuredmedia":[{"embeddable":true,"href":"https:\/\/www.radiolimari.cl\/index.php?rest_route=\/wp\/v2\/media\/9922"}],"wp:attachment":[{"href":"https:\/\/www.radiolimari.cl\/index.php?rest_route=%2Fwp%2Fv2%2Fmedia&parent=9921"}],"wp:term":[{"taxonomy":"category","embeddable":true,"href":"https:\/\/www.radiolimari.cl\/index.php?rest_route=%2Fwp%2Fv2%2Fcategories&post=9921"},{"taxonomy":"post_tag","embeddable":true,"href":"https:\/\/www.radiolimari.cl\/index.php?rest_route=%2Fwp%2Fv2%2Ftags&post=9921"}],"curies":[{"name":"wp","href":"https:\/\/api.w.org\/{rel}","templated":true}]}}