{"id":9918,"date":"2023-08-18T15:56:17","date_gmt":"2023-08-18T15:56:17","guid":{"rendered":"https:\/\/www.radiolimari.cl\/?p=9918"},"modified":"2023-08-18T15:56:17","modified_gmt":"2023-08-18T15:56:17","slug":"subsecretario-claudio-reyes-en-despliegue-territorial-por-la-reforma-previsional-no-podemos-seguir-demorando-una-mejora-sustancial-de-las-pensiones","status":"publish","type":"post","link":"https:\/\/www.radiolimari.cl\/?p=9918","title":{"rendered":"Subsecretario Claudio Reyes en despliegue territorial por la Reforma Previsional: \u201cNo podemos seguir demorando una mejora sustancial de las pensiones\u201d"},"content":{"rendered":"\n<figure class=\"wp-block-image size-full\"><a href=\"https:\/\/www.radiolimari.cl\/wp-content\/uploads\/2023\/08\/IMG-20230818-WA0005.jpg\"><img fetchpriority=\"high\" decoding=\"async\" width=\"1024\" height=\"768\" src=\"https:\/\/www.radiolimari.cl\/wp-content\/uploads\/2023\/08\/IMG-20230818-WA0005.jpg\" alt=\"\" class=\"wp-image-9919\" srcset=\"https:\/\/www.radiolimari.cl\/wp-content\/uploads\/2023\/08\/IMG-20230818-WA0005.jpg 1024w, https:\/\/www.radiolimari.cl\/wp-content\/uploads\/2023\/08\/IMG-20230818-WA0005-300x225.jpg 300w, https:\/\/www.radiolimari.cl\/wp-content\/uploads\/2023\/08\/IMG-20230818-WA0005-768x576.jpg 768w\" sizes=\"(max-width: 1024px) 100vw, 1024px\" \/><\/a><\/figure>\n\n\n\n<p>M\u00e1s de 300 personas participaron de un encuentro que se realiz\u00f3 en el sal\u00f3n Gabriel Gonz\u00e1lez Videla de la Delegaci\u00f3n Presidencial de la Regi\u00f3n de Coquimbo que tuvo como objetivo detallar los ejes principales y los beneficios del proyecto de Reforma a las Pensiones presentada por el Gobierno y que se tramita en el Congreso Nacional.<\/p>\n\n\n\n<p>La actividad fue encabezada por el subsecretario de Previsi\u00f3n Social, Claudio Reyes Barrientos, quien lleg\u00f3 a la capital regional como parte de la gira que realizan por el pa\u00eds las autoridades de gobierno con el fin de socializar la reforma previsional. A su vez, estuvieron presentes el presidente de la C\u00e1mara de Diputados y Diputadas Ricardo Cifuentes, el senador Daniel N\u00fa\u00f1ez, las diputadas Nathalie Castillo y Carolina Tello, el delegado presidencial (s) Galo Luna y la secretaria regional ministerial de Trabajo y Previsi\u00f3n Social, Claudia Santander,<\/p>\n\n\n\n<p><strong>\u201cEl Presidente Boric nos ha encomendado la tarea de explicar en detalle los beneficios de la reforma que presentamos en el parlamento en noviembre del a\u00f1o pasado, y aclarar las dudas de las personas en un amplio despliegue territorial por todo Chile\u201d,<\/strong> dijo el Subsecretario Reyes.<\/p>\n\n\n\n<p>La autoridad explic\u00f3 el detalle de las indicaciones que se est\u00e1n trabajando: <strong>\u201cLa principal apuesta del gobierno en esto es que con el incremento del 6% de cotizaciones que se produce con cargo al empleador, se cree un seguro social y ese seguro social permita la solidaridad con aquellos pensionados que hoy d\u00eda tienen pensiones bajas que no alcanzan a finalizar el mes, por eso es que el objetivo fundamental de esta reforma es mejorar las pensiones actuales sin olvidarse de los pensionados futuros.\u201d<\/strong><\/p>\n\n\n\n<p>El Delegado Presidencial Regional (s), Galo Luna, valor\u00f3 la relevancia de la actual discusi\u00f3n porque <strong>\u201clo que est\u00e1 en juego es un tercer intento como pa\u00eds de poder mejorar la calidad de vida de los adultos y adultas mayores que han hecho su esfuerzo de vida por sostener este pa\u00eds. No podemos seguir d\u00e1ndoles la espalda. Y hacer un llamado a todos los actores pol\u00edticos a que ya no existan excusas para no sentarse a la mesa a conversar.\u201d<\/strong><\/p>\n\n\n\n<p>Por su parte, el presidente de la C\u00e1mara de Diputados y Diputadas, Ricardo Cifuentes, transparent\u00f3 su voluntad con la Reforma: <strong>\u201cNosotros estamos absolutamente disponibles y lo hemos manifestado de distintas maneras de llegar a un acuerdo, yo creo que aqu\u00ed hay que pedirle a la oposici\u00f3n que se abra a un acuerdo en esta materia. Este es un problema urgente hay adultos mayores que se nos est\u00e1n yendo y se van con una miseria esto no puede ser y tiene que haber un pilar solidario que sea capaz como dice muy bien el subsecretario de mejorar las pensiones no solo en el futuro sino tambi\u00e9n urgentemente en el presente.\u201d<\/strong><\/p>\n\n\n\n<p>El senador Daniel N\u00fa\u00f1ez ejemplific\u00f3 la dura realidad de los pensionados: <strong>\u201ccuando uno anda en la calle se encuentra con adultos mayores, personas jubiladas que est\u00e1n vendiendo s\u00faper 8, gomitas de eucaliptus, es gente que no le alcanza hoy d\u00eda con su pensi\u00f3n para salir de la pobreza y no llega a fin de mes. Entonces uno se pregunta y qu\u00e9 hace el gobierno para resolver ese drama social, que es un drama oculto pero que est\u00e1 hoy d\u00eda en las familias chilenas y tambi\u00e9n est\u00e1n en los hogares de nuestra regi\u00f3n de Coquimbo y resulta que el proyecto de ley del gobierno si hoy d\u00eda se aprueba, implica que un pensionado que cotiz\u00f3 10 a\u00f1os va mejorar su pensi\u00f3n inmediatamente, no en 5,10 o 15 a\u00f1os inmediatamente en 80 mil pesos, eso es humanidad, eso es lo que gente le pide al gobierno que haga y eso es lo que nosotros emplazamos ac\u00e1 a los parlamentarios de derecha aprobar.\u201d<\/strong><\/p>\n\n\n\n<p>En la misma l\u00ednea, la secretaria regional ministerial de Trabajo y Previsi\u00f3n Social, Claudia Santander explicit\u00f3 los objetivos del gobierno: <strong>\u201cNosotros no queremos que siga existiendo este temor latente que est\u00e1 en todos los trabajadores que cuando lleguen a la vejez van a llegar a la pobreza. Esto no puede seguir de esta manera as\u00ed que por lo tanto creemos que tanto los pensionados actuales como los futuros requieren esta reforma de pensiones y requieren de este compromiso de quienes est\u00e1n hoy d\u00eda en el parlamento representando a la ciudadan\u00eda de cumplir con los pensionados actuales y tambi\u00e9n de reformar este sistema actual que entrega pensiones miserables y que necesariamente tenemos que mejorar y en eso la generosidad de todos y todas es lo que la ciudadan\u00eda est\u00e1 esperando con la aprobaci\u00f3n de este proyecto de reforma.\u201d<\/strong><\/p>\n\n\n\n<p><strong>Despliegue Territorial<\/strong><\/p>\n\n\n\n<p>El lunes los ministros de Hacienda, Mario Marcel, y de Trabajo y Previsi\u00f3n Social, Jeannette Jara, iniciaron la gira \u00abMejores Pensiones y Pacto Fiscal\u00bb, cuyo objetivo ha sido sostener encuentros ciudadanos en distintas zonas del pa\u00eds para exponer los beneficios y alcances de ambos proyectos.<\/p>\n\n\n\n<p>Hasta ahora se han realizado actividades en Talca, San Javier, Chill\u00e1n, Concepci\u00f3n y Los \u00c1ngeles. Este jueves las autoridades visitan Temuco y Nueva Imperial.&nbsp; Y este viernes y s\u00e1bado es el turno de Valdivia, Osorno y Castro.<\/p>\n\n\n\n<p>Cabe recordar que la reforma previsional ingres\u00f3 al Congreso el 7 de noviembre de 2022 y fue aprobado en general el 25 de enero pasado, en la Comisi\u00f3n de Trabajo de la C\u00e1mara de Diputados y Diputadas.<\/p>\n","protected":false},"excerpt":{"rendered":"<p>M\u00e1s de 300 personas participaron de un encuentro que se realiz\u00f3 en el sal\u00f3n Gabriel Gonz\u00e1lez Videla de la Delegaci\u00f3n Presidencial de la Regi\u00f3n de Coquimbo que tuvo como objetivo detallar los ejes principales y los beneficios del proyecto de Reforma a las Pensiones presentada por el Gobierno y que se tramita en el Congreso &#8230;<\/p>\n","protected":false},"author":2,"featured_media":9919,"comment_status":"open","ping_status":"open","sticky":false,"template":"","format":"standard","meta":{"footnotes":""},"categories":[6],"tags":[],"class_list":["post-9918","post","type-post","status-publish","format-standard","has-post-thumbnail","hentry","category-regionales"],"_links":{"self":[{"href":"https:\/\/www.radiolimari.cl\/index.php?rest_route=\/wp\/v2\/posts\/9918","targetHints":{"allow":["GET"]}}],"collection":[{"href":"https:\/\/www.radiolimari.cl\/index.php?rest_route=\/wp\/v2\/posts"}],"about":[{"href":"https:\/\/www.radiolimari.cl\/index.php?rest_route=\/wp\/v2\/types\/post"}],"author":[{"embeddable":true,"href":"https:\/\/www.radiolimari.cl\/index.php?rest_route=\/wp\/v2\/users\/2"}],"replies":[{"embeddable":true,"href":"https:\/\/www.radiolimari.cl\/index.php?rest_route=%2Fwp%2Fv2%2Fcomments&post=9918"}],"version-history":[{"count":1,"href":"https:\/\/www.radiolimari.cl\/index.php?rest_route=\/wp\/v2\/posts\/9918\/revisions"}],"predecessor-version":[{"id":9920,"href":"https:\/\/www.radiolimari.cl\/index.php?rest_route=\/wp\/v2\/posts\/9918\/revisions\/9920"}],"wp:featuredmedia":[{"embeddable":true,"href":"https:\/\/www.radiolimari.cl\/index.php?rest_route=\/wp\/v2\/media\/9919"}],"wp:attachment":[{"href":"https:\/\/www.radiolimari.cl\/index.php?rest_route=%2Fwp%2Fv2%2Fmedia&parent=9918"}],"wp:term":[{"taxonomy":"category","embeddable":true,"href":"https:\/\/www.radiolimari.cl\/index.php?rest_route=%2Fwp%2Fv2%2Fcategories&post=9918"},{"taxonomy":"post_tag","embeddable":true,"href":"https:\/\/www.radiolimari.cl\/index.php?rest_route=%2Fwp%2Fv2%2Ftags&post=9918"}],"curies":[{"name":"wp","href":"https:\/\/api.w.org\/{rel}","templated":true}]}}