{"id":9912,"date":"2023-08-17T19:10:57","date_gmt":"2023-08-17T19:10:57","guid":{"rendered":"https:\/\/www.radiolimari.cl\/?p=9912"},"modified":"2023-08-17T19:10:58","modified_gmt":"2023-08-17T19:10:58","slug":"mas-seguridad-inauguran-luminarias-solares-en-el-tome-alto-de-monte-patria","status":"publish","type":"post","link":"https:\/\/www.radiolimari.cl\/?p=9912","title":{"rendered":"M\u00e1s seguridad: Inauguran luminarias solares en el Tome Alto de Monte Patria"},"content":{"rendered":"\n<figure class=\"wp-block-image size-large is-resized\"><a href=\"https:\/\/www.radiolimari.cl\/wp-content\/uploads\/2023\/08\/IMG-4752-1-scaled.jpg\"><img fetchpriority=\"high\" decoding=\"async\" src=\"https:\/\/www.radiolimari.cl\/wp-content\/uploads\/2023\/08\/IMG-4752-1-1024x768.jpg\" alt=\"\" class=\"wp-image-9913\" width=\"396\" height=\"297\" srcset=\"https:\/\/www.radiolimari.cl\/wp-content\/uploads\/2023\/08\/IMG-4752-1-1024x768.jpg 1024w, https:\/\/www.radiolimari.cl\/wp-content\/uploads\/2023\/08\/IMG-4752-1-300x225.jpg 300w, https:\/\/www.radiolimari.cl\/wp-content\/uploads\/2023\/08\/IMG-4752-1-768x576.jpg 768w, https:\/\/www.radiolimari.cl\/wp-content\/uploads\/2023\/08\/IMG-4752-1-1536x1152.jpg 1536w, https:\/\/www.radiolimari.cl\/wp-content\/uploads\/2023\/08\/IMG-4752-1-2048x1536.jpg 2048w\" sizes=\"(max-width: 396px) 100vw, 396px\" \/><\/a><\/figure>\n\n\n\n<p><strong><em>En el acceso del pueblo se instalaron luminarias solares que entregan m\u00e1s seguridad a la comunidad, sobre a todo a los peatones<\/em><\/strong>.<\/p>\n\n\n\n<p>Aplausos, emoci\u00f3n y satisfacci\u00f3n vislumbraban los rostros de decenas de pobladores del sector Tome Alto en Monte Patria que junto a la gobernadora regional, Krist Naranjo y el alcalde de la comuna, Cristian Herrera inauguraron, a trav\u00e9s de un corte de cinta, la instalaci\u00f3n de alumbrado p\u00fablico con paneles fotovoltaico.<\/p>\n\n\n\n<p>La iniciativa tuvo un costo que bordeo los $42 millones y fue financiada por el Fondo Regional de Iniciativa Local (FRIL) del Gobierno Regional de Coquimbo.&nbsp;<\/p>\n\n\n\n<p>Son 20 luminarias solares que se instalaron, sobre todo en el ingreso del pueblo, este proyecto ya finalizado tiene contentos a la comunidad del Tome Alto que anhelaba mayor iluminaci\u00f3n en el acceso del pueblo, as\u00ed lo comenta la presidenta de la Junta de Vecinos del sector, Gladys P\u00e9rez, \u201c<strong>muy bonito que se cumplieran los sue\u00f1os que toda la comunidad del pueblo ten\u00eda. Agradecerle al se\u00f1or alcalde, a la se\u00f1orita gobernadora que por fin se cumpli\u00f3 el sue\u00f1o que quer\u00eda toda la gente del pueblo. Este proyecto nos entrega seguridad a todos, a los peatones principalmente que caminan hacia al pueblo o viene hacia la carretera y ojal\u00e1 nos sigan ayudando para salgan m\u00e1s proyectos\u201d,<\/strong> explic\u00f3.<\/p>\n\n\n\n<p>Por su parte, la gobernadora de la Regi\u00f3n de Coquimbo, Kirst Naranjo, destac\u00f3 el aporte del GORE y recalc\u00f3 la significancia que tiene para los pobladores la iniciativa, <strong>\u201cun importante proyecto para la comunidad de El Tome Alto, es una buena cantidad de paneles fotovoltaicos y de luminarias para el acceso al pueblo, pero tambi\u00e9n cumple un rol importante en seguridad. Estamos contentos porque a\u00fan hay sectores vulnerables todav\u00eda en seguridad p\u00fablica en nuestra regi\u00f3n y en esta comuna, por lo tanto, nos alegra que los vecinos puedan contar con estas nuevas luminarias que les hemos financiado desde el Gobierno Regional que les ayudar\u00e1 a sentirse m\u00e1s seguros y caminar por sus calles con mayor tranquilidad\u201d<\/strong><\/p>\n\n\n\n<p>Finalmente, el alcalde de Monte Patria, Cristian Herrera manifest\u00f3 que contin\u00faan cumpliendo de cara a la ciudadan\u00eda y agradeci\u00f3 el apoyo de la gobernadora Naranjo, \u201c<strong>estamos cumpliendo un compromiso que asumimos con a la comunidad, una de las primeras reuniones que tuvimos en el Tome Alto nos pidieron tener continuidad a un proyecto de luminarias solares que ya exist\u00eda pero que no llegaba hasta el mismo pueblo y tampoco iluminaba el paradero del ingreso donde ellos se bajaban. Nos comprometimos con ellos a sacar adelante la iniciativa y gracias al apoyo del Gobierno Regional, de la gobernadora Krist Naranjo y del consejo regional logramos cumplir este objetivo y hoy tenemos nuevas luminarias solares que les permite bajarse de la micro y poder caminar con mucha mayor seguridad hacia sus hogares\u201d<\/strong><\/p>\n\n\n\n<p>La obra gruesa de la iniciativa contempl\u00f3 el trazado el\u00e9ctrico fotovoltaico, movimientos de tierra para instalaci\u00f3n de los dados de hormig\u00f3n h-20 para el montaje de los postes de 6 metros, instalaci\u00f3n de canastillos de anclaje, montaje e instalaci\u00f3n de luminarias led de 50 watts, 24 volts DC, con panel solar monocristalino de 300 WP y con 2 bater\u00edas en gabinete met\u00e1lico y controlador de carga.<\/p>\n","protected":false},"excerpt":{"rendered":"<p>En el acceso del pueblo se instalaron luminarias solares que entregan m\u00e1s seguridad a la comunidad, sobre a todo a los peatones. Aplausos, emoci\u00f3n y satisfacci\u00f3n vislumbraban los rostros de decenas de pobladores del sector Tome Alto en Monte Patria que junto a la gobernadora regional, Krist Naranjo y el alcalde de la comuna, Cristian &#8230;<\/p>\n","protected":false},"author":2,"featured_media":9913,"comment_status":"open","ping_status":"open","sticky":false,"template":"","format":"standard","meta":{"footnotes":""},"categories":[6],"tags":[],"class_list":["post-9912","post","type-post","status-publish","format-standard","has-post-thumbnail","hentry","category-regionales"],"_links":{"self":[{"href":"https:\/\/www.radiolimari.cl\/index.php?rest_route=\/wp\/v2\/posts\/9912","targetHints":{"allow":["GET"]}}],"collection":[{"href":"https:\/\/www.radiolimari.cl\/index.php?rest_route=\/wp\/v2\/posts"}],"about":[{"href":"https:\/\/www.radiolimari.cl\/index.php?rest_route=\/wp\/v2\/types\/post"}],"author":[{"embeddable":true,"href":"https:\/\/www.radiolimari.cl\/index.php?rest_route=\/wp\/v2\/users\/2"}],"replies":[{"embeddable":true,"href":"https:\/\/www.radiolimari.cl\/index.php?rest_route=%2Fwp%2Fv2%2Fcomments&post=9912"}],"version-history":[{"count":1,"href":"https:\/\/www.radiolimari.cl\/index.php?rest_route=\/wp\/v2\/posts\/9912\/revisions"}],"predecessor-version":[{"id":9914,"href":"https:\/\/www.radiolimari.cl\/index.php?rest_route=\/wp\/v2\/posts\/9912\/revisions\/9914"}],"wp:featuredmedia":[{"embeddable":true,"href":"https:\/\/www.radiolimari.cl\/index.php?rest_route=\/wp\/v2\/media\/9913"}],"wp:attachment":[{"href":"https:\/\/www.radiolimari.cl\/index.php?rest_route=%2Fwp%2Fv2%2Fmedia&parent=9912"}],"wp:term":[{"taxonomy":"category","embeddable":true,"href":"https:\/\/www.radiolimari.cl\/index.php?rest_route=%2Fwp%2Fv2%2Fcategories&post=9912"},{"taxonomy":"post_tag","embeddable":true,"href":"https:\/\/www.radiolimari.cl\/index.php?rest_route=%2Fwp%2Fv2%2Ftags&post=9912"}],"curies":[{"name":"wp","href":"https:\/\/api.w.org\/{rel}","templated":true}]}}