{"id":9903,"date":"2023-08-17T01:44:54","date_gmt":"2023-08-17T01:44:54","guid":{"rendered":"https:\/\/www.radiolimari.cl\/?p=9903"},"modified":"2023-08-17T01:44:54","modified_gmt":"2023-08-17T01:44:54","slug":"capacitan-a-mujeres-en-diversas-tematicas-sociales-y-de-salud-en-ovalle","status":"publish","type":"post","link":"https:\/\/www.radiolimari.cl\/?p=9903","title":{"rendered":"Capacitan a mujeres en diversas tem\u00e1ticas sociales y de salud en Ovalle"},"content":{"rendered":"\n<figure class=\"wp-block-image size-large\"><a href=\"https:\/\/www.radiolimari.cl\/wp-content\/uploads\/2023\/08\/Capacitacion-mujeres-Salud-3.jpg\"><img fetchpriority=\"high\" decoding=\"async\" width=\"1024\" height=\"768\" src=\"https:\/\/www.radiolimari.cl\/wp-content\/uploads\/2023\/08\/Capacitacion-mujeres-Salud-3-1024x768.jpg\" alt=\"\" class=\"wp-image-9904\" srcset=\"https:\/\/www.radiolimari.cl\/wp-content\/uploads\/2023\/08\/Capacitacion-mujeres-Salud-3-1024x768.jpg 1024w, https:\/\/www.radiolimari.cl\/wp-content\/uploads\/2023\/08\/Capacitacion-mujeres-Salud-3-300x225.jpg 300w, https:\/\/www.radiolimari.cl\/wp-content\/uploads\/2023\/08\/Capacitacion-mujeres-Salud-3-768x576.jpg 768w, https:\/\/www.radiolimari.cl\/wp-content\/uploads\/2023\/08\/Capacitacion-mujeres-Salud-3.jpg 1280w\" sizes=\"(max-width: 1024px) 100vw, 1024px\" \/><\/a><\/figure>\n\n\n\n<p><strong><em>La jornada, organizada por el departamento de Salud Municipal, la Oficina de la Mujer y Equidad de G\u00e9nero y Psircutop\u00eda, se efectu\u00f3 en el sal\u00f3n auditorium del Instituto Santo Tom\u00e1s, y se enfoc\u00f3 en temas relacionados con prestaciones de la Oficina de la Mujer, salud mental y nueva Ley de Pensi\u00f3n de Alimentos.<\/em><\/strong><\/p>\n\n\n\n<p>Con el prop\u00f3sito de fortalecer el rol de la mujer, se realiz\u00f3 una jornada de capacitaci\u00f3n para integrantes de agrupaciones de mujeres de los diferentes centros comunitarios de Salud Familiar (CECOSF) de la comuna. La iniciativa organizada por el departamento de Salud Municipal y gracias a la alianza entre el referente comunal del convenio CECOSF, Oficina de la Mujer y Equidad de G\u00e9nero y Psircutop\u00eda, se realiz\u00f3 en el sal\u00f3n auditorium del Instituto Santo Tom\u00e1s y favoreci\u00f3 a 40 mujeres.&nbsp; &nbsp;&nbsp;&nbsp;&nbsp;&nbsp;<\/p>\n\n\n\n<p>Dentro de las tem\u00e1ticas que se expusieron estuvo las prestaciones que otorga la Oficina de la Mujer y Equidad de G\u00e9nero, informaci\u00f3n que fue entregada por su encargada, Alejandra P\u00e9rez. Adem\u00e1s, la psic\u00f3loga del programa Elige Vida Sana, Yocelyn Nu\u00f1ez entreg\u00f3 datos importantes sobre salud mental y el empoderamiento de la mujer, y la abogada del Centro Sayen, Constanza Perry expuso sobre la nueva Ley de Pensiones de Alimentos.<\/p>\n\n\n\n<p>En este sentido, la usuaria del CECOSF Los Copihues, Rosa Pereira sostuvo que estas jornadas son muy importantes, puesto que permite que las personas \u201cest\u00e9n informadas acerca de las instituciones que nos apoyan y nos informan sobre d\u00f3nde dirigirnos en determinadas circunstancias, a su vez, podemos ayudar a otros pobladores\u201d. En tanto, Estelvina Castillo, tesorera del Consejo Consultivo del Cecosf Limar\u00ed indic\u00f3 que este tipo de instancias son muy productivas \u201cpuesto que todo lo que sea capacitaci\u00f3n para nosotros es importante, porque cada vez tenemos que aprender m\u00e1s y estar vigente en nuestros conocimientos, para poder orientar a los vecinos y a los integrantes de nuestra organizaci\u00f3n\u201d.<\/p>\n\n\n\n<p>La encargada de la Oficina de la Mujer y Equidad de G\u00e9nero, Alejandra P\u00e9rez hizo un balance positivo de la actividad, puesto que \u201csalieron todas muy contentas y agradecieron este espacio de participaci\u00f3n. El objetivo de nuestra oficina es que a trav\u00e9s de estos encuentros las mujeres tomen protagonismo y puedan contar con herramientas, que permitan disminuir la brecha que existe en materia de leyes y derechos. El tema de la nueva Ley de Pensiones era s\u00faper importante tratarlo, porque la ley cambi\u00f3 y ahora la mujer no tiene que andar detr\u00e1s del hombre o del deudor de pensi\u00f3n de alimentos, porque el estado es quien se hace cargo\u201d.<\/p>\n","protected":false},"excerpt":{"rendered":"<p>La jornada, organizada por el departamento de Salud Municipal, la Oficina de la Mujer y Equidad de G\u00e9nero y Psircutop\u00eda, se efectu\u00f3 en el sal\u00f3n auditorium del Instituto Santo Tom\u00e1s, y se enfoc\u00f3 en temas relacionados con prestaciones de la Oficina de la Mujer, salud mental y nueva Ley de Pensi\u00f3n de Alimentos. Con el &#8230;<\/p>\n","protected":false},"author":2,"featured_media":9904,"comment_status":"open","ping_status":"open","sticky":false,"template":"","format":"standard","meta":{"footnotes":""},"categories":[5],"tags":[],"class_list":["post-9903","post","type-post","status-publish","format-standard","has-post-thumbnail","hentry","category-actualidad-limarina"],"_links":{"self":[{"href":"https:\/\/www.radiolimari.cl\/index.php?rest_route=\/wp\/v2\/posts\/9903","targetHints":{"allow":["GET"]}}],"collection":[{"href":"https:\/\/www.radiolimari.cl\/index.php?rest_route=\/wp\/v2\/posts"}],"about":[{"href":"https:\/\/www.radiolimari.cl\/index.php?rest_route=\/wp\/v2\/types\/post"}],"author":[{"embeddable":true,"href":"https:\/\/www.radiolimari.cl\/index.php?rest_route=\/wp\/v2\/users\/2"}],"replies":[{"embeddable":true,"href":"https:\/\/www.radiolimari.cl\/index.php?rest_route=%2Fwp%2Fv2%2Fcomments&post=9903"}],"version-history":[{"count":1,"href":"https:\/\/www.radiolimari.cl\/index.php?rest_route=\/wp\/v2\/posts\/9903\/revisions"}],"predecessor-version":[{"id":9905,"href":"https:\/\/www.radiolimari.cl\/index.php?rest_route=\/wp\/v2\/posts\/9903\/revisions\/9905"}],"wp:featuredmedia":[{"embeddable":true,"href":"https:\/\/www.radiolimari.cl\/index.php?rest_route=\/wp\/v2\/media\/9904"}],"wp:attachment":[{"href":"https:\/\/www.radiolimari.cl\/index.php?rest_route=%2Fwp%2Fv2%2Fmedia&parent=9903"}],"wp:term":[{"taxonomy":"category","embeddable":true,"href":"https:\/\/www.radiolimari.cl\/index.php?rest_route=%2Fwp%2Fv2%2Fcategories&post=9903"},{"taxonomy":"post_tag","embeddable":true,"href":"https:\/\/www.radiolimari.cl\/index.php?rest_route=%2Fwp%2Fv2%2Ftags&post=9903"}],"curies":[{"name":"wp","href":"https:\/\/api.w.org\/{rel}","templated":true}]}}