{"id":9887,"date":"2023-08-10T15:24:46","date_gmt":"2023-08-10T15:24:46","guid":{"rendered":"https:\/\/www.radiolimari.cl\/?p=9887"},"modified":"2023-08-10T15:24:56","modified_gmt":"2023-08-10T15:24:56","slug":"vocera-de-gobierno-el-pacto-fiscal-es-mas-que-una-reforma-tributaria-es-un-acuerdo-para-avanzar-en-las-urgencias-como-los-cuidados-las-pensiones-la-salud-y-la-seguridad","status":"publish","type":"post","link":"https:\/\/www.radiolimari.cl\/?p=9887","title":{"rendered":"Vocera de Gobierno: \u201cEl Pacto Fiscal es m\u00e1s que una reforma tributaria, es un acuerdo para avanzar en las urgencias, como los cuidados, las pensiones, la salud y la seguridad\u201d"},"content":{"rendered":"\n<figure class=\"wp-block-image size-full\"><a href=\"https:\/\/www.radiolimari.cl\/wp-content\/uploads\/2023\/08\/IMG_9240.jpg\"><img fetchpriority=\"high\" decoding=\"async\" width=\"1024\" height=\"683\" src=\"https:\/\/www.radiolimari.cl\/wp-content\/uploads\/2023\/08\/IMG_9240.jpg\" alt=\"\" class=\"wp-image-9888\" srcset=\"https:\/\/www.radiolimari.cl\/wp-content\/uploads\/2023\/08\/IMG_9240.jpg 1024w, https:\/\/www.radiolimari.cl\/wp-content\/uploads\/2023\/08\/IMG_9240-300x200.jpg 300w, https:\/\/www.radiolimari.cl\/wp-content\/uploads\/2023\/08\/IMG_9240-768x512.jpg 768w\" sizes=\"(max-width: 1024px) 100vw, 1024px\" \/><\/a><\/figure>\n\n\n\n<p><strong><em>La Seremi, Paulina Mora, explic\u00f3 que la propuesta busca generar recursos para inversi\u00f3n social de un modo que no perjudique, sino que apoye el crecimiento sostenible de la econom\u00eda y la eficiencia en el uso de los recursos p\u00fablicos, generando un c\u00edrculo virtuoso<\/em><\/strong>.<\/p>\n\n\n\n<p>Una implementaci\u00f3n gradual, entregar un horizonte de estabilidad econ\u00f3mica y progreso social para los pr\u00f3ximos 10 a\u00f1os, son parte de los objetivos que se espera lograr con el Pacto Fiscal, presentado por el Presidente Gabriel Boric, para recaudar cerca de un 2,7% del PIB y as\u00ed contar con recursos permanentes para mejorar cuatro grandes urgencias: pensiones, salud, cuidados y seguridad.<\/p>\n\n\n\n<p>Al respecto, la Vocera Regional Paulina Mora, indic\u00f3 que esta propuesta es mucho m\u00e1s amplia que una reforma tributaria, ya que permitir\u00e1 fomentar el crecimiento econ\u00f3mico y recaudar m\u00e1s para invertir con eficiencia y transparencia en mejorar las condiciones de vida de las personas.<\/p>\n\n\n\n<p><strong>\u201cHoy debemos conversar sobre c\u00f3mo el Estado puede aportar m\u00e1s, para mejorar las pensiones, la salud, el \u00e1rea de los cuidados y la seguridad p\u00fablica. Estas son necesidades, que la ciudadan\u00eda nos ha planteado y que no podemos seguir postergando. Por eso, como Gobierno, hemos impulsado el di\u00e1logo amplio, porque no queremos retrasar m\u00e1s lo que las personas necesitan. Por eso, el llamado es a abordar el Pacto Fiscal con altura de miras, sin peque\u00f1eces pol\u00edticas y poniendo el bien com\u00fan por sobre los intereses particulares\u201d, expres\u00f3 el Seremi de Gobierno, Paulina Mora.<\/strong><\/p>\n\n\n\n<p>La autoridad agreg\u00f3 que est\u00e1n optimistas respecto al recibimiento de esta propuesta por parte del Congreso y de los distintos sectores productivos. <strong>\u201cEste gran acuerdo naci\u00f3 de un trabajo serio y responsables, despu\u00e9s de m\u00e1s de 30 encuentro con distintos gremios y actores pol\u00edticos. Por eso, estamos convencidos de que dialogando podremos, incluso, llegar a mejorar lo que hemos presentado. Para esto, el Ministro de Hacienda Mario Marcel iniciar\u00e1 un ciclo de encuentros, con el objetivo de explicar el proyecto en detalle y despejar las dudas\u201d, asever\u00f3 Mora.<\/strong><\/p>\n\n\n\n<p>En concreto, el Pacto Fiscal contiene los principios para un sistema tributario moderno en Chile, las necesidades y prioridades de gasto, los lineamientos para una reforma al Estado, adem\u00e1s de medidas de impulso para el crecimiento econ\u00f3mico, iniciativas tributarias y seguimiento de las iniciativas acordadas.<\/p>\n\n\n\n<p>En total son 12 principios, entre los cuales desataca justicia tributaria, reciprocidad, simplicidad, estabilidad y certeza y eficiencia econ\u00f3mica. En esa l\u00ednea, el gobierno destac\u00f3 la importancia de la reciprocidad teniendo presente que no solo se trata de tributaci\u00f3n, sino tambi\u00e9n de las responsabilidades que el Estado adquiere con la ciudadan\u00eda para hacer un gasto correcto y eficiente.<\/p>\n\n\n\n<p>En cuanto a las necesidades de gasto, la propuesta prioriza cuatro \u00e1reas con un costo de 2,7% del PIB, distribuido en pensiones (1,2% del PIB), protecci\u00f3n social (0,3% del PIB), salud (0,9% del PIB) y seguridad ciudadana (0,3% del PIB). Entre las medidas est\u00e1n, entre otras cosas, aumentar la Pensi\u00f3n Garantizada Universal (PGU) a $250 mil, crear un fondo de \u00abSala Cuna para Chile\u00bb, reducir las listas de espera en los hospitales y dotar de m\u00e1s y mejor tecnolog\u00eda a las polic\u00edas.<\/p>\n\n\n\n<p><strong>ITINERARIO DE LA PROPUESTA.<\/strong> La Seremi de Gobierno, Paulina Mora detall\u00f3 que el calendario de implementaci\u00f3n de las medidas del Pacto Fiscal se divide en tres fases. La primera ser\u00e1 entre agosto y septiembre de este a\u00f1o y considera la convocatoria de actores econ\u00f3micos y sociales para la revisi\u00f3n de contenidos; estimaciones de espacio fiscal por crecimiento y eficiencia; preparaci\u00f3n del proyecto sobre fiscalizaci\u00f3n del cumplimiento de las obligaciones tributarias; y ordenamiento de iniciativas procrecimiento y reforma del Estado en proyectos de ley.<\/p>\n\n\n\n<p>La segunda se desarrollar\u00e1 entre octubre y diciembre de 2023 y se centrar\u00e1 en la conformaci\u00f3n de la comisi\u00f3n de implementaci\u00f3n, el ingreso de proyectos priorizados y la preparaci\u00f3n de la reforma del impuesto a la Renta. Para, finalmente, entre marzo y mayo del pr\u00f3ximo a\u00f1o, ingresar al Congreso el proyecto que reforma el impuesto a la renta; as\u00ed como la tramitaci\u00f3n y despacho de los proyectos remanentes pro crecimiento y los de reforma al Estado.<\/p>\n\n\n\n<p><strong>\u201cInvito a todos los sectores a hacerse parte de esta conversaci\u00f3n. Necesitamos avanzar hacia un pa\u00eds m\u00e1s justo para todas y todos. Hoy podemos hacerlo posible, podemos mejorar la calidad de vida de las personas en base al di\u00e1logo y a las propuestas que nos permitan aumentar la inversi\u00f3n social y aportar al crecimiento econ\u00f3mico\u201d, sentenci\u00f3 la Vocera Regional, Paulina Mora.<\/strong><\/p>\n","protected":false},"excerpt":{"rendered":"<p>La Seremi, Paulina Mora, explic\u00f3 que la propuesta busca generar recursos para inversi\u00f3n social de un modo que no perjudique, sino que apoye el crecimiento sostenible de la econom\u00eda y la eficiencia en el uso de los recursos p\u00fablicos, generando un c\u00edrculo virtuoso. Una implementaci\u00f3n gradual, entregar un horizonte de estabilidad econ\u00f3mica y progreso social &#8230;<\/p>\n","protected":false},"author":2,"featured_media":9888,"comment_status":"open","ping_status":"open","sticky":false,"template":"","format":"standard","meta":{"footnotes":""},"categories":[3],"tags":[],"class_list":["post-9887","post","type-post","status-publish","format-standard","has-post-thumbnail","hentry","category-actualidad"],"_links":{"self":[{"href":"https:\/\/www.radiolimari.cl\/index.php?rest_route=\/wp\/v2\/posts\/9887","targetHints":{"allow":["GET"]}}],"collection":[{"href":"https:\/\/www.radiolimari.cl\/index.php?rest_route=\/wp\/v2\/posts"}],"about":[{"href":"https:\/\/www.radiolimari.cl\/index.php?rest_route=\/wp\/v2\/types\/post"}],"author":[{"embeddable":true,"href":"https:\/\/www.radiolimari.cl\/index.php?rest_route=\/wp\/v2\/users\/2"}],"replies":[{"embeddable":true,"href":"https:\/\/www.radiolimari.cl\/index.php?rest_route=%2Fwp%2Fv2%2Fcomments&post=9887"}],"version-history":[{"count":1,"href":"https:\/\/www.radiolimari.cl\/index.php?rest_route=\/wp\/v2\/posts\/9887\/revisions"}],"predecessor-version":[{"id":9889,"href":"https:\/\/www.radiolimari.cl\/index.php?rest_route=\/wp\/v2\/posts\/9887\/revisions\/9889"}],"wp:featuredmedia":[{"embeddable":true,"href":"https:\/\/www.radiolimari.cl\/index.php?rest_route=\/wp\/v2\/media\/9888"}],"wp:attachment":[{"href":"https:\/\/www.radiolimari.cl\/index.php?rest_route=%2Fwp%2Fv2%2Fmedia&parent=9887"}],"wp:term":[{"taxonomy":"category","embeddable":true,"href":"https:\/\/www.radiolimari.cl\/index.php?rest_route=%2Fwp%2Fv2%2Fcategories&post=9887"},{"taxonomy":"post_tag","embeddable":true,"href":"https:\/\/www.radiolimari.cl\/index.php?rest_route=%2Fwp%2Fv2%2Ftags&post=9887"}],"curies":[{"name":"wp","href":"https:\/\/api.w.org\/{rel}","templated":true}]}}