{"id":9880,"date":"2023-08-08T12:22:36","date_gmt":"2023-08-08T12:22:36","guid":{"rendered":"https:\/\/www.radiolimari.cl\/?p=9880"},"modified":"2023-08-08T12:22:37","modified_gmt":"2023-08-08T12:22:37","slug":"liceos-de-coquimbo-inician-programa-protagonistas-del-cambio-para-la-reactivacion-educativa","status":"publish","type":"post","link":"https:\/\/www.radiolimari.cl\/?p=9880","title":{"rendered":"Liceos de Coquimbo inician programa \u201cProtagonistas del cambio\u00bb para la reactivaci\u00f3n educativa."},"content":{"rendered":"\n<figure class=\"wp-block-image size-large is-resized\"><a href=\"https:\/\/www.radiolimari.cl\/wp-content\/uploads\/2023\/08\/1.-Foto-Archivo-Liceo-Tecnico-Profesional.jpg\"><img fetchpriority=\"high\" decoding=\"async\" src=\"https:\/\/www.radiolimari.cl\/wp-content\/uploads\/2023\/08\/1.-Foto-Archivo-Liceo-Tecnico-Profesional-1024x768.jpg\" alt=\"\" class=\"wp-image-9881\" width=\"396\" height=\"297\" srcset=\"https:\/\/www.radiolimari.cl\/wp-content\/uploads\/2023\/08\/1.-Foto-Archivo-Liceo-Tecnico-Profesional-1024x768.jpg 1024w, https:\/\/www.radiolimari.cl\/wp-content\/uploads\/2023\/08\/1.-Foto-Archivo-Liceo-Tecnico-Profesional-300x225.jpg 300w, https:\/\/www.radiolimari.cl\/wp-content\/uploads\/2023\/08\/1.-Foto-Archivo-Liceo-Tecnico-Profesional-768x576.jpg 768w, https:\/\/www.radiolimari.cl\/wp-content\/uploads\/2023\/08\/1.-Foto-Archivo-Liceo-Tecnico-Profesional.jpg 1290w\" sizes=\"(max-width: 396px) 100vw, 396px\" \/><\/a><\/figure>\n\n\n\n<p><strong>Con el apoyo de las redes Futuro T\u00e9cnico, el Mineduc implementa esta iniciativa en los establecimientos educacionales t\u00e9cnico &#8211; profesionales. Futuro T\u00e9cnico Coquimbo realiz\u00f3 su primera jornada informativa para dar inicio al programa en sus respectivas regiones.<\/strong><\/p>\n\n\n\n<p>El Ministerio de Educaci\u00f3n, a trav\u00e9s de su Centro de Innovaci\u00f3n, anunci\u00f3 el inicio de la implementaci\u00f3n del programa Protagonistas del Cambio, iniciativa que est\u00e1 llevando a las regiones del pa\u00eds, en alianza con las Redes Futuro T\u00e9cnico para incentivar la reactivaci\u00f3n educativa en todos los liceos t\u00e9cnicos profesionales.<\/p>\n\n\n\n<p>Esta iniciativa que tiene como objetivo brindar a los estudiantes una experiencia transformadora de aprendizaje, lleg\u00f3 a la IV y V regi\u00f3n, por medio de Futuro T\u00e9cnico Coquimbo y Valpara\u00edso, redes de colaboraci\u00f3n que forman parte de la agenda de modernizaci\u00f3n de la Formaci\u00f3n T\u00e9cnico-Profesional (TP) impulsada por el Ministerio de Educaci\u00f3n, a trav\u00e9s de las Coordinaciones Regionales de Educaci\u00f3n Media T\u00e9cnico Profesional de la Seremis de Educaci\u00f3n e implementada en alianza con Fundaci\u00f3n Chile, quienes se encargaron de realizar una preselecci\u00f3n de liceos e invitarlos a participar de este desaf\u00edo educacional, que tendr\u00e1 una duraci\u00f3n de 6 meses y que contar\u00e1 con la gu\u00eda permanente de las redes Futuro T\u00e9cnico a un \u201cequipo motor\u201d por liceo.<\/p>\n\n\n\n<p>Protagonistas del Cambio es una iniciativa pionera que busca fomentar la participaci\u00f3n activa de los estudiantes y empoderarlos como agentes de cambio en sus comunidades. Se promover\u00e1 el desarrollo de habilidades socioemocionales, creativas y de liderazgo, necesarias para enfrentar los desaf\u00edos del siglo XXI, as\u00ed lo destac\u00f3 el <strong>secretario ejecutivo de Ense\u00f1anza Media T\u00e9cnico Profesional del Mineduc, Cristian Lincovil, <\/strong>comentando que \u201cuna Educaci\u00f3n T\u00e9cnico Profesional que avance al desarrollo humano sostenible requiere, sin duda, la innovaci\u00f3n pedag\u00f3gica centrada en los aprendizajes. A trav\u00e9s de ella, las y los estudiantes deben contar con oportunidades para conectar lo aprendido en la formaci\u00f3n general y diferenciada, y para vincular esos saberes a la resoluci\u00f3n de problemas reales de sus comunidades\u201d.<\/p>\n\n\n\n<p>El secretario agreg\u00f3 adem\u00e1s que \u201choy, a trav\u00e9s de las Redes Futuro T\u00e9cnico, acompa\u00f1amos el desarrollo de estas experiencias con un enfoque territorial, promoviendo el trabajo colaborativo entre establecimientos y la participaci\u00f3n activa de las y los estudiantes. Con ello, damos un paso m\u00e1s hacia la educaci\u00f3n t\u00e9cnica que so\u00f1amos: una en que estudiantes, trabajadores y trabajadoras construyen sus propias trayectorias de vida, vinculadas al desarrollo econ\u00f3mico y social sustentable de Chile y sus territorios\u201d.<\/p>\n\n\n\n<p><strong>La seremi de Educaci\u00f3n, Cecilia Ram\u00edrez Ch\u00e1vez<\/strong> indic\u00f3 que \u201cen la Regi\u00f3n de Coquimbo, nuestro Ministerio de Educaci\u00f3n, a trav\u00e9s de la Coordinaci\u00f3n Regional de Educaci\u00f3n Media T\u00e9cnico Profesional y Red Futuro T\u00e9cnico Coquimbo, se encargaron de realizar una preselecci\u00f3n de liceos para el Programa Protagonistas del Cambio. La meta era incorporar a 3 liceos, logr\u00e1ndose integrar 10 establecimientos educacionales de la regi\u00f3n, que nos tiene muy satisfechos. Este programa permitir\u00e1 capacitar en formaci\u00f3n a los equipos docentes y directivos y promover la innovaci\u00f3n pedag\u00f3gica y la reflexi\u00f3n centrada en las y los estudiantes, teniendo como foco la reactivaci\u00f3n educativa. Nuestro gobierno del Presidente Gabriel Boric Font, a trav\u00e9s de la gesti\u00f3n del Ministro Marco Antonio \u00c1vila seguir\u00e1 avanzando en una agenda transformadora para la Educaci\u00f3n T\u00e9cnico Profesional (ETP), con foco en el desarrollo humano sostenible, en el que el estudiantado pueda desarrollar sus talentos y capacidades en sus trayectorias educativas, para que puedan aportar a atender las necesidades econ\u00f3micas, sociales y de desarrollo sostenible en su territorios y regiones\u201d.<\/p>\n\n\n\n<p>En tanto, desde el Centro de Innovaci\u00f3n, explicaron que Protagonistas del Cambio tiene por objeto contribuir a la reactivaci\u00f3n educativa en la medida que las y los estudiantes viven una experiencia de aprendizaje transformadora. \u201cEsta experiencia se desarrolla mediante una metodolog\u00eda de proyecto donde convergen y se promueve el protagonismo de las y los estudiantes, la integraci\u00f3n de aprendizajes y el impacto en la comunidad. Los equipos docentes y directivos de los liceos que participen recibir\u00e1n un recurso metodol\u00f3gico y un acompa\u00f1amiento pedag\u00f3gico por parte de las Redes de Futuro T\u00e9cnico, teniendo la posibilidad de desarrollar y fortalecer sus capacidades de colaboraci\u00f3n, liderazgo y gesti\u00f3n pedag\u00f3gica para la innovaci\u00f3n.\u201d, destac\u00f3 <strong>Mart\u00edn C\u00e1ceres, director del Centro de Innovaci\u00f3n.<\/strong><\/p>\n\n\n\n<p>El programa ofrecer\u00e1 una variedad de actividades y recursos dise\u00f1ados para fomentar la creatividad, el pensamiento cr\u00edtico y la colaboraci\u00f3n entre los estudiantes. A trav\u00e9s de desaf\u00edos y proyectos, se les animar\u00e1 a abordar problem\u00e1ticas locales y a proponer soluciones innovadoras. Adem\u00e1s, se facilitar\u00e1n espacios de mentor\u00eda y acompa\u00f1amiento para impulsar su crecimiento personal y profesional, con el compromiso del Ministerio de Educaci\u00f3n de Chile por promover una educaci\u00f3n de calidad, inclusiva y pertinente, buscando generar un impacto positivo en la vida de los estudiantes y fomentar la participaci\u00f3n ciudadana desde edades tempranas.<\/p>\n\n\n\n<p>Finalmente, <strong>la coordinadora de la Red Futuro T\u00e9cnico Macrozona Centro Norte,<\/strong> <strong>Vanessa Ar\u00e9valo<\/strong>, a\u00f1adi\u00f3 que \u201cvamos a estar trabajando de la mano del Mineduc y su Centro de Innovaci\u00f3n para implementar esta iniciativa en las regiones. Hasta el momento hemos tenido una excelente participaci\u00f3n y retroalimentaci\u00f3n de los docentes y liceos de ambas regiones, quienes, a pesar de tener una alta carga laboral, est\u00e1n entusiasmados con la opci\u00f3n de ser parte de una iniciativa transformadora con las que tendr\u00e1n que acercarse a las necesidades reales de las comunidades de la IV y V regi\u00f3n. Para la implementaci\u00f3n vamos a proporcionar un recurso metodol\u00f3gico y acompa\u00f1amiento pedag\u00f3gico para brindar soporte a los liceos en todo el proceso\u201d.y<\/p>\n\n\n\n<p>Durante su primer a\u00f1o de implementaci\u00f3n, esta iniciativa permitir\u00e1 a los liceos aventurarse en implementar un proceso innovador en sus comunidades educativas, trabajando con pedagog\u00edas solidarias y cooperativas que permitan aprender en y con el mundo para encontrar soluciones viables y creativas a problemas reales de su entorno, convirtiendo a los estudiantes en los verdaderos protagonistas del cambio.<\/p>\n","protected":false},"excerpt":{"rendered":"<p>Con el apoyo de las redes Futuro T\u00e9cnico, el Mineduc implementa esta iniciativa en los establecimientos educacionales t\u00e9cnico &#8211; profesionales. Futuro T\u00e9cnico Coquimbo realiz\u00f3 su primera jornada informativa para dar inicio al programa en sus respectivas regiones. El Ministerio de Educaci\u00f3n, a trav\u00e9s de su Centro de Innovaci\u00f3n, anunci\u00f3 el inicio de la implementaci\u00f3n del &#8230;<\/p>\n","protected":false},"author":2,"featured_media":9881,"comment_status":"open","ping_status":"open","sticky":false,"template":"","format":"standard","meta":{"footnotes":""},"categories":[6],"tags":[],"class_list":["post-9880","post","type-post","status-publish","format-standard","has-post-thumbnail","hentry","category-regionales"],"_links":{"self":[{"href":"https:\/\/www.radiolimari.cl\/index.php?rest_route=\/wp\/v2\/posts\/9880","targetHints":{"allow":["GET"]}}],"collection":[{"href":"https:\/\/www.radiolimari.cl\/index.php?rest_route=\/wp\/v2\/posts"}],"about":[{"href":"https:\/\/www.radiolimari.cl\/index.php?rest_route=\/wp\/v2\/types\/post"}],"author":[{"embeddable":true,"href":"https:\/\/www.radiolimari.cl\/index.php?rest_route=\/wp\/v2\/users\/2"}],"replies":[{"embeddable":true,"href":"https:\/\/www.radiolimari.cl\/index.php?rest_route=%2Fwp%2Fv2%2Fcomments&post=9880"}],"version-history":[{"count":1,"href":"https:\/\/www.radiolimari.cl\/index.php?rest_route=\/wp\/v2\/posts\/9880\/revisions"}],"predecessor-version":[{"id":9882,"href":"https:\/\/www.radiolimari.cl\/index.php?rest_route=\/wp\/v2\/posts\/9880\/revisions\/9882"}],"wp:featuredmedia":[{"embeddable":true,"href":"https:\/\/www.radiolimari.cl\/index.php?rest_route=\/wp\/v2\/media\/9881"}],"wp:attachment":[{"href":"https:\/\/www.radiolimari.cl\/index.php?rest_route=%2Fwp%2Fv2%2Fmedia&parent=9880"}],"wp:term":[{"taxonomy":"category","embeddable":true,"href":"https:\/\/www.radiolimari.cl\/index.php?rest_route=%2Fwp%2Fv2%2Fcategories&post=9880"},{"taxonomy":"post_tag","embeddable":true,"href":"https:\/\/www.radiolimari.cl\/index.php?rest_route=%2Fwp%2Fv2%2Ftags&post=9880"}],"curies":[{"name":"wp","href":"https:\/\/api.w.org\/{rel}","templated":true}]}}