{"id":9872,"date":"2023-08-05T02:28:58","date_gmt":"2023-08-05T02:28:58","guid":{"rendered":"https:\/\/www.radiolimari.cl\/?p=9872"},"modified":"2023-08-05T02:28:59","modified_gmt":"2023-08-05T02:28:59","slug":"hasta-el-01-de-septiembre-se-puede-postular-a-establecimientos-educacionales-a-traves-del-sistema-de-admision-escolar","status":"publish","type":"post","link":"https:\/\/www.radiolimari.cl\/?p=9872","title":{"rendered":"Hasta el 01 de septiembre se puede postular a establecimientos educacionales, a trav\u00e9s del Sistema de Admisi\u00f3n Escolar"},"content":{"rendered":"\n<figure class=\"wp-block-image size-large\"><a href=\"https:\/\/www.radiolimari.cl\/wp-content\/uploads\/2023\/08\/3.-Foto-SAE-Ministro-de-Educacion.jpeg\"><img fetchpriority=\"high\" decoding=\"async\" width=\"1024\" height=\"683\" src=\"https:\/\/www.radiolimari.cl\/wp-content\/uploads\/2023\/08\/3.-Foto-SAE-Ministro-de-Educacion-1024x683.jpeg\" alt=\"\" class=\"wp-image-9873\" srcset=\"https:\/\/www.radiolimari.cl\/wp-content\/uploads\/2023\/08\/3.-Foto-SAE-Ministro-de-Educacion-1024x683.jpeg 1024w, https:\/\/www.radiolimari.cl\/wp-content\/uploads\/2023\/08\/3.-Foto-SAE-Ministro-de-Educacion-300x200.jpeg 300w, https:\/\/www.radiolimari.cl\/wp-content\/uploads\/2023\/08\/3.-Foto-SAE-Ministro-de-Educacion-768x512.jpeg 768w, https:\/\/www.radiolimari.cl\/wp-content\/uploads\/2023\/08\/3.-Foto-SAE-Ministro-de-Educacion-1536x1024.jpeg 1536w, https:\/\/www.radiolimari.cl\/wp-content\/uploads\/2023\/08\/3.-Foto-SAE-Ministro-de-Educacion.jpeg 1600w\" sizes=\"(max-width: 1024px) 100vw, 1024px\" \/><\/a><\/figure>\n\n\n\n<p><strong><em>El proceso de postulaci\u00f3n a establecimientos educacionales se extiende entre el, viernes 04 de agosto hasta el viernes 01 de septiembre, a trav\u00e9s de la web <\/em><\/strong><a href=\"http:\/\/www.sistemadeadmisionescolar.cl\/\"><strong><em>www.sistemadeadmisionescolar.cl<\/em><\/strong><\/a><\/p>\n\n\n\n<p>Este viernes 04 de agosto al mediod\u00eda comenz\u00f3 en todo el pa\u00eds el proceso de postulaci\u00f3n a establecimientos municipales, servicios locales de educaci\u00f3n y particulares subvencionados a trav\u00e9s de la web<a href=\"http:\/\/www.sistemadeadmisionescolar.cl\/\">www.sistemadeadmisionescolar.cl<\/a><strong> <\/strong>que se extender\u00e1 hasta el viernes 01 de septiembre de este a\u00f1o.<\/p>\n\n\n\n<p>Para postular en l\u00ednea, las familias deber\u00e1n registrarse en <a href=\"http:\/\/www.sistemadeadmisionescolar.cl\">www.sistemadeadmisionescolar.cl<\/a> e identificar todas las alternativas de establecimientos educativos que sean de su inter\u00e9s y ordenarlas por orden de preferencia. Este proceso puede hacerse cualquier d\u00eda dentro del periodo de postulaci\u00f3n, ya que la fecha no influye en los resultados.&nbsp;<\/p>\n\n\n\n<p>El ministro de Educaci\u00f3n Marco Antonio \u00c1vila destac\u00f3 la importancia de que las familias decidan informadamente los futuros establecimientos para sus hijos e hijas, valorando la evoluci\u00f3n que ha tenido el mecanismo de acceso que se implementa por s\u00e9ptimo a\u00f1o en el pa\u00eds: \u201cEste es un sistema que hoy funciona de manera ordenada, que adem\u00e1s es una gran conquista de la Ley de Inclusi\u00f3n, y tambi\u00e9n es mucho m\u00e1s igualitario, equitativo y justo para las distintas familias\u201d recalc\u00f3 la autoridad.<\/p>\n\n\n\n<p>Por su parte, la subsecretaria de Educaci\u00f3n, Alejandra Arratia hizo algunas recomendaciones a quienes deben realizar este proceso: \u201ces importante postular a todos los establecimientos que le parezcan atractivos, en los cuales les gustar\u00eda que sus hijos e hijas puedan estudiar. Pueden postular a todos los que se ajusten a sus intereses y expectativas, desde hoy y por las pr\u00f3ximas cuatro semanas\u201d destac\u00f3.<\/p>\n\n\n\n<p>La <strong>seremi de Educaci\u00f3n, Cecilia Ram\u00edrez Ch\u00e1vez<\/strong>, inform\u00f3 que \u201ccomo Ministerio de Educaci\u00f3n de la Regi\u00f3n de Coquimbo estamos facilitando el proceso para la postulaci\u00f3n al Sistema de Admisi\u00f3n Escolar con los tr\u00e1mites complementarios en las Oficinas Ayuda Mineduc en la Seremi de Educaci\u00f3n en La Serena y en los Departamentos Provinciales de Educaci\u00f3n de Limar\u00ed en Ovalle y de Choapa en Illapel. Estos son el registro de apoderadas y apoderados y el apoyo para las familias extranjeras que realizar\u00e1n el tr\u00e1mite por primera vez para obtener sus identificadores provisorios. Adem\u00e1s, tendremos 72 establecimientos educacionales en la regi\u00f3n que ser\u00e1n puntos de apoyo para realizar el tr\u00e1mite en forma online. Y las y los funcionarios del Sistema de Admisi\u00f3n Escolar (SAE) est\u00e1n orientando a las familias para realizar la postulaci\u00f3n en <a href=\"http:\/\/www.sistemadeadmisionescolar.cl\">www.sistemadeadmisionescolar.cl<\/a> la que al mediod\u00eda de este viernes 04 de agosto tuvo un alto flujo de visitas que provoc\u00f3 algunas dificultades en el funcionamiento de la plataforma, pero que ya han sido solucionadas. El proceso finaliza el viernes 01 de septiembre, por tanto, tenemos 4 semanas para que las familias de la regi\u00f3n pueden informarse de los distintos proyectos educativos. Lo fundamental es que en su postulaci\u00f3n puedan incluir todos los establecimientos educacionales de su preferencia, cercanos y que se adecuen a sus necesidades\u201d, asever\u00f3.<\/p>\n\n\n\n<p>Adem\u00e1s, el Ministerio de Educaci\u00f3n ha ampliado las formas de informaci\u00f3n en base a antecedentes recabados de a\u00f1os anteriores. Por ejemplo, a partir del an\u00e1lisis del proceso pasado, se constat\u00f3 que solo el 14% de las familias conoce la oferta educativa cercana a su barrio. Con esta informaci\u00f3n, se actualiz\u00f3 el sitio <a href=\"http:\/\/www.sistemadeadmisionescolar.cl\/\"><em>www.sistemadeadmisionescolar.cl<\/em><\/a> y se han enviado mensajes de Whatsapp y fichas informativas, a trav\u00e9s de correo electr\u00f3nico con informaci\u00f3n personalizada para que las familias que deben realizar este proceso.<\/p>\n\n\n\n<p><strong><u>Recomendaciones para quienes no tienen RUN<\/u><\/strong><\/p>\n\n\n\n<p>El Ministerio de Educaci\u00f3n, reiter\u00f3 que las familias extranjeras que todav\u00eda no cuenten con el Rol \u00danico Nacional deben solicitar los identificadores provisorios que permite realizar la postulaci\u00f3n al Sistema de Admisi\u00f3n Escolar. Se trata del identificador provisorio para apoderado (IPA) y el Identificador Provisorio Escolar (IPE), dos registros que se pueden pedir en<a href=\"https:\/\/www.ayudamineduc.cl\/ficha\/postulacion-de-familias-extranjeras-al-sistema-de-admision-escolar\"> <\/a><a href=\"https:\/\/www.ayudamineduc.cl\/ficha\/postulacion-de-familias-extranjeras-al-sistema-de-admision-escolar\">https:\/\/www.ayudamineduc.cl\/ficha\/postulacion-de-familias-extranjeras-al-sistema-de-admision-escolar<\/a>.<\/p>\n\n\n\n<p>En este proceso, las familias deben entregar la informaci\u00f3n de sus hijos e hijas consangu\u00edneos para que el SAE establezca los v\u00ednculos correspondientes, asigne un identificador al apoderado y\/o postulantes, y el apoderado obtenga una cuenta en la plataforma del SAE. De esta manera, el apoderado quedar\u00e1 habilitado para ingresar con su IPA y contrase\u00f1a.<\/p>\n\n\n\n<p><strong>\u00bfC\u00f3mo postular?<\/strong><\/p>\n\n\n\n<p><strong>Paso 1<\/strong><\/p>\n\n\n\n<p>&#8211;&nbsp;&nbsp;&nbsp;&nbsp;&nbsp;&nbsp;&nbsp;&nbsp;&nbsp; Se ingresa a la p\u00e1gina web <a href=\"http:\/\/www.sistemadeadmisionescolar.cl\/\">&nbsp;<\/a><a href=\"http:\/\/www.sistemadeadmisionescolar.cl\/\">www.sistemadeadmisionescolar.cl<\/a> y se debe registrar como apoderado. S\u00f3lo podr\u00e1n registrarse y realizar la postulaci\u00f3n, la persona con relaci\u00f3n consangu\u00ednea con el estudiante o bajo la figura de tutor\u00eda legal o simple.<\/p>\n\n\n\n<p>&#8211;&nbsp; Si el apoderado y\/o el estudiante no tienen RUN chileno, deber\u00e1n solicitar un Identificador Provisorio Escolar (IPE) y\/o el Identificador Provisorio del Apoderado (IPA), previo al registro en la plataforma. Este tr\u00e1mite debe realizarse en<a href=\"http:\/\/www.ayudamineduc.cl\/\"> <\/a><a href=\"http:\/\/www.ayudamineduc.cl\/\">www.ayudamineduc.cl<\/a> hasta el 25 de agosto de 2023.<\/p>\n\n\n\n<p><strong>Paso 2<\/strong><\/p>\n\n\n\n<p>&#8211;&nbsp;&nbsp;&nbsp;&nbsp;&nbsp;&nbsp;&nbsp;&nbsp;&nbsp; Una vez registrado en la plataforma, el apoderado puede verificar con anticipaci\u00f3n que el nivel sugerido por la plataforma sea el correcto para el a\u00f1o escolar 2024. En caso de solicitar actualizar el nivel al que postula, tambi\u00e9n lo podr\u00e1 realizar en www.ayudamineduc.cl hasta el 25 de agosto de 2023.<\/p>\n\n\n\n<p>&#8211;&nbsp;&nbsp;&nbsp;&nbsp;&nbsp;&nbsp; Tambi\u00e9n podr\u00e1 buscar informaci\u00f3n acerca de los establecimientos de su inter\u00e9s, luego agregarlos en su listado y ordenarlos de acuerdo con su preferencia.<\/p>\n\n\n\n<p><strong>Paso 3<\/strong><\/p>\n\n\n\n<p>&#8211;&nbsp;&nbsp;&nbsp;&nbsp;&nbsp;&nbsp; A continuaci\u00f3n, se env\u00eda la postulaci\u00f3n y se descarga el comprobante. Al finalizar, hay que cerrar la sesi\u00f3n.<\/p>\n\n\n\n<p><strong>\u00bfC\u00f3mo funciona?<\/strong><\/p>\n\n\n\n<p>Cuando el establecimiento tenga tantas vacantes como postulantes, todos los ni\u00f1os, ni\u00f1as y adolescentes ser\u00e1n admitidos a dicho establecimiento. Si, por el contrario, el n\u00famero de vacantes es inferior al n\u00famero de postulantes, el Mineduc aplicar\u00e1 un mecanismo de asignaci\u00f3n (algoritmo) y que, de acuerdo con lo establecido por ley, tendr\u00e1n prioridad de ingreso en un determinado establecimiento los siguientes casos:<\/p>\n\n\n\n<ol class=\"wp-block-list\" type=\"1\" start=\"1\">\n<li>Las hermanas o hermanos de estudiantes ya matriculados en el establecimiento.<\/li>\n\n\n\n<li>Estudiantes calificados como prioritarios hasta completar un 15% de los cupos totales del nivel.<\/li>\n\n\n\n<li>Hijos\/as de funcionarios\/as del establecimiento educacional.<\/li>\n\n\n\n<li>Ex alumnos\/as del establecimiento educacional que no fueron expulsados del mismo.<\/li>\n\n\n\n<li>Los apoderados pueden postular a sus hijos\/as y\/o de los que sean tutores en edad escolar a un m\u00ednimo de dos establecimientos de zona urbana y un establecimiento de zona rural. No se establece un n\u00famero m\u00e1ximo de establecimientos a los cuales postular, el apoderado podr\u00e1 postular a todos los colegios que desee.<\/li>\n<\/ol>\n\n\n\n<p><strong><u>Fechas clave del proceso SAE<\/u><\/strong><\/p>\n\n\n\n<p><strong>04 de agosto al 01 de septiembre: <\/strong>Etapa de postulaci\u00f3n.<\/p>\n\n\n\n<p><strong>19 al 25 de octubre:<\/strong> Publicaci\u00f3n de los resultados de postulaci\u00f3n.<\/p>\n\n\n\n<p><strong>06 al 07 de noviembre:<\/strong> Publicaci\u00f3n de resultados de listas de espera.<\/p>\n\n\n\n<p><strong>17 al 24 de noviembre: <\/strong>Per\u00edodo Complementario de postulaci\u00f3n. Es para aquellos apoderados que hayan rechazado su asignaci\u00f3n o que no postularon en el periodo principal.<\/p>\n\n\n\n<p><strong>07 de diciembre:<\/strong> Publicaci\u00f3n resultados Per\u00edodo Complementario de postulaci\u00f3n.<\/p>\n\n\n\n<p><strong>11 al 22 de diciembre: <\/strong>Per\u00edodo de matr\u00edcula en los establecimientos. Es para estudiantes nuevos y estudiantes que continuar\u00e1n en su mismo establecimiento.<\/p>\n\n\n\n<p><strong>26 al 27 de diciembre: <\/strong>Per\u00edodo de regularizaci\u00f3n exclusiva para repitentes. Tiene por finalidad permitir la regularizaci\u00f3n de aquellos estudiantes admitidos por sistema que repitieron de nivel, por tanto, buscan una vacante en el nivel previo al que postularon.<\/p>\n\n\n\n<p><strong>Desde el 28 de diciembre de 2023 y hasta antes del inicio del periodo de matr\u00edculas del proceso de admisi\u00f3n del a\u00f1o 2025:<\/strong> Inicio del per\u00edodo de regularizaci\u00f3n a\u00f1o lectivo 2024. Esto se realiza directamente en los establecimientos para aquellos estudiantes que no postularon en ninguno de los dos procesos o quieren buscar otro colegio.<\/p>\n","protected":false},"excerpt":{"rendered":"<p>El proceso de postulaci\u00f3n a establecimientos educacionales se extiende entre el, viernes 04 de agosto hasta el viernes 01 de septiembre, a trav\u00e9s de la web www.sistemadeadmisionescolar.cl Este viernes 04 de agosto al mediod\u00eda comenz\u00f3 en todo el pa\u00eds el proceso de postulaci\u00f3n a establecimientos municipales, servicios locales de educaci\u00f3n y particulares subvencionados a trav\u00e9s &#8230;<\/p>\n","protected":false},"author":2,"featured_media":9873,"comment_status":"open","ping_status":"open","sticky":false,"template":"","format":"standard","meta":{"footnotes":""},"categories":[6],"tags":[],"class_list":["post-9872","post","type-post","status-publish","format-standard","has-post-thumbnail","hentry","category-regionales"],"_links":{"self":[{"href":"https:\/\/www.radiolimari.cl\/index.php?rest_route=\/wp\/v2\/posts\/9872","targetHints":{"allow":["GET"]}}],"collection":[{"href":"https:\/\/www.radiolimari.cl\/index.php?rest_route=\/wp\/v2\/posts"}],"about":[{"href":"https:\/\/www.radiolimari.cl\/index.php?rest_route=\/wp\/v2\/types\/post"}],"author":[{"embeddable":true,"href":"https:\/\/www.radiolimari.cl\/index.php?rest_route=\/wp\/v2\/users\/2"}],"replies":[{"embeddable":true,"href":"https:\/\/www.radiolimari.cl\/index.php?rest_route=%2Fwp%2Fv2%2Fcomments&post=9872"}],"version-history":[{"count":1,"href":"https:\/\/www.radiolimari.cl\/index.php?rest_route=\/wp\/v2\/posts\/9872\/revisions"}],"predecessor-version":[{"id":9874,"href":"https:\/\/www.radiolimari.cl\/index.php?rest_route=\/wp\/v2\/posts\/9872\/revisions\/9874"}],"wp:featuredmedia":[{"embeddable":true,"href":"https:\/\/www.radiolimari.cl\/index.php?rest_route=\/wp\/v2\/media\/9873"}],"wp:attachment":[{"href":"https:\/\/www.radiolimari.cl\/index.php?rest_route=%2Fwp%2Fv2%2Fmedia&parent=9872"}],"wp:term":[{"taxonomy":"category","embeddable":true,"href":"https:\/\/www.radiolimari.cl\/index.php?rest_route=%2Fwp%2Fv2%2Fcategories&post=9872"},{"taxonomy":"post_tag","embeddable":true,"href":"https:\/\/www.radiolimari.cl\/index.php?rest_route=%2Fwp%2Fv2%2Ftags&post=9872"}],"curies":[{"name":"wp","href":"https:\/\/api.w.org\/{rel}","templated":true}]}}