{"id":9859,"date":"2023-08-03T17:03:56","date_gmt":"2023-08-03T17:03:56","guid":{"rendered":"https:\/\/www.radiolimari.cl\/?p=9859"},"modified":"2023-08-03T17:03:57","modified_gmt":"2023-08-03T17:03:57","slug":"destacan-necesidad-de-mejorar-eficacia-y-competitividad-de-cooperativas-del-limari-y-la-region","status":"publish","type":"post","link":"https:\/\/www.radiolimari.cl\/?p=9859","title":{"rendered":"Destacan necesidad de mejorar eficacia y competitividad de cooperativas del Limar\u00ed y la Regi\u00f3n"},"content":{"rendered":"\n<figure class=\"wp-block-image size-large is-resized\"><a href=\"https:\/\/www.radiolimari.cl\/wp-content\/uploads\/2023\/08\/IMG-20230803-WA0003.jpg\"><img fetchpriority=\"high\" decoding=\"async\" src=\"https:\/\/www.radiolimari.cl\/wp-content\/uploads\/2023\/08\/IMG-20230803-WA0003-1024x576.jpg\" alt=\"\" class=\"wp-image-9860\" width=\"396\" height=\"222\" srcset=\"https:\/\/www.radiolimari.cl\/wp-content\/uploads\/2023\/08\/IMG-20230803-WA0003-1024x576.jpg 1024w, https:\/\/www.radiolimari.cl\/wp-content\/uploads\/2023\/08\/IMG-20230803-WA0003-300x169.jpg 300w, https:\/\/www.radiolimari.cl\/wp-content\/uploads\/2023\/08\/IMG-20230803-WA0003-768x432.jpg 768w, https:\/\/www.radiolimari.cl\/wp-content\/uploads\/2023\/08\/IMG-20230803-WA0003-1536x864.jpg 1536w, https:\/\/www.radiolimari.cl\/wp-content\/uploads\/2023\/08\/IMG-20230803-WA0003.jpg 1600w\" sizes=\"(max-width: 396px) 100vw, 396px\" \/><\/a><\/figure>\n\n\n\n<p><strong>Tercer M\u00f3dulo de los planes formativos del Programa Red Cooperativa, sobre finanzas y gesti\u00f3n, reuni\u00f3 a 100 organizaciones y profesionales en Ovalle, Illapel y La Serena.<\/strong><\/p>\n\n\n\n<p>La necesidad de que las cooperativas del Limar\u00ed y la Regi\u00f3n perfeccionen sus finanzas y gesti\u00f3n, asumiendo en plenitud su naturaleza de empresas, contexto econ\u00f3mico y desaf\u00edos del mercado, fue la premisa del m\u00f3dulo 3 del plan de formaci\u00f3n de Red Cooperativa \u2013Programa financiado por el Gobierno Regional y ejecutado por Fundaci\u00f3n Chile\u2013, llevado a cabo en Ovalle, Illapel y La Serena, congregando en sus cuatro d\u00edas de duraci\u00f3n a un centenar de organizaciones y profesionales de la Econom\u00eda Social de Limar\u00ed, Choapa y Elqui.<\/p>\n\n\n\n<figure class=\"wp-block-image size-large\"><a href=\"https:\/\/www.radiolimari.cl\/wp-content\/uploads\/2023\/08\/IMG-20230803-WA0004.jpg\"><img decoding=\"async\" width=\"1024\" height=\"682\" src=\"https:\/\/www.radiolimari.cl\/wp-content\/uploads\/2023\/08\/IMG-20230803-WA0004-1024x682.jpg\" alt=\"\" class=\"wp-image-9861\" srcset=\"https:\/\/www.radiolimari.cl\/wp-content\/uploads\/2023\/08\/IMG-20230803-WA0004-1024x682.jpg 1024w, https:\/\/www.radiolimari.cl\/wp-content\/uploads\/2023\/08\/IMG-20230803-WA0004-300x200.jpg 300w, https:\/\/www.radiolimari.cl\/wp-content\/uploads\/2023\/08\/IMG-20230803-WA0004-768x512.jpg 768w, https:\/\/www.radiolimari.cl\/wp-content\/uploads\/2023\/08\/IMG-20230803-WA0004-1536x1023.jpg 1536w, https:\/\/www.radiolimari.cl\/wp-content\/uploads\/2023\/08\/IMG-20230803-WA0004.jpg 1600w\" sizes=\"(max-width: 1024px) 100vw, 1024px\" \/><\/a><\/figure>\n\n\n\n<p>El M\u00f3dulo, guiado por expertos del Centro Internacional de Econom\u00eda Social y Cooperativas (Ciescoop), Universidad de Santiago, abord\u00f3 la contabilidad y principios financieros cooperativos; presupuesto, planificaci\u00f3n y ejecuci\u00f3n presupuestaria; control de gesti\u00f3n; y financiamiento.<\/p>\n\n\n\n<p>En los \u00faltimos a\u00f1os, a nivel mundial las organizaciones de Econom\u00eda Social, como las cooperativas, manifiestan un auge. Su plena consolidaci\u00f3n depende en parte importante de sus finanzas, gesti\u00f3n e inserci\u00f3n en los contextos econ\u00f3micos. Tambi\u00e9n, se facilita el desarrollo de un Ecosistema de Econom\u00eda Social regional, uno de los objetivos de Red Cooperativa.<\/p>\n\n\n\n<p>Al respecto, el asesor del Ciescoop, Roberto Luengo, se\u00f1al\u00f3 que \u201cLas cooperativas son empresas de car\u00e1cter social, por lo que no se enfocan solamente en lo econ\u00f3mico. Pero, esto no es &#8216;poes\u00eda&#8217;, requiere an\u00e1lisis y estudio sobre tributaci\u00f3n y gesti\u00f3n. Es fundamental que manejen acabada e inteligentemente sus modelos y planes de negocios, y organizaci\u00f3n financiera, para que no quiebren y se sostengan en el tiempo, y puedan as\u00ed resolver las necesidades sociales de sus socios. Esto no es optativo, para tener un orden financiero, hay que educar a socios cooperados, y formadores o mentores\u00bb.<\/p>\n\n\n\n<p>Por su parte, Nelson Castillo, de Cooperativa Capel y participante del Programa en Limar\u00ed, indic\u00f3 que \u201clas cooperativas tienen que estar convencidas que deben ser muy rigurosas en lo financiero y la gesti\u00f3n, porque entre otros aspectos de eso depende que perduren o desaparezcan. Los principios cooperativos son muy importantes, fundamentales, pero junto a ello desde el primer momento hay que asegurar que se maneje bien su gesti\u00f3n y finanzas\u201d.<\/p>\n\n\n\n<p>El director de Red Cooperativa, Manuel Far\u00edas, agreg\u00f3 que \u201cla clave de una cooperativa es entender de administraci\u00f3n y finanzas, porque es una empresa, con sus particularidades en ingresos econ\u00f3micos, remanentes, pagos de remuneraciones y otras materias. En ese esfuerzo trabaja el Programa, recogiendo uno de los principios de la Econom\u00eda Social, como lo es la capacitaci\u00f3n de los socios. Para que una cooperativa cumpla su finalidad de ser justa para sus asociados y una palanca de desarrollo econ\u00f3mico y empleabilidad, debe primeramente gestionarse con conocimientos t\u00e9cnicos\u201d.<\/p>\n","protected":false},"excerpt":{"rendered":"<p>Tercer M\u00f3dulo de los planes formativos del Programa Red Cooperativa, sobre finanzas y gesti\u00f3n, reuni\u00f3 a 100 organizaciones y profesionales en Ovalle, Illapel y La Serena. La necesidad de que las cooperativas del Limar\u00ed y la Regi\u00f3n perfeccionen sus finanzas y gesti\u00f3n, asumiendo en plenitud su naturaleza de empresas, contexto econ\u00f3mico y desaf\u00edos del mercado, &#8230;<\/p>\n","protected":false},"author":2,"featured_media":9860,"comment_status":"open","ping_status":"open","sticky":false,"template":"","format":"standard","meta":{"footnotes":""},"categories":[5],"tags":[],"class_list":["post-9859","post","type-post","status-publish","format-standard","has-post-thumbnail","hentry","category-actualidad-limarina"],"_links":{"self":[{"href":"https:\/\/www.radiolimari.cl\/index.php?rest_route=\/wp\/v2\/posts\/9859","targetHints":{"allow":["GET"]}}],"collection":[{"href":"https:\/\/www.radiolimari.cl\/index.php?rest_route=\/wp\/v2\/posts"}],"about":[{"href":"https:\/\/www.radiolimari.cl\/index.php?rest_route=\/wp\/v2\/types\/post"}],"author":[{"embeddable":true,"href":"https:\/\/www.radiolimari.cl\/index.php?rest_route=\/wp\/v2\/users\/2"}],"replies":[{"embeddable":true,"href":"https:\/\/www.radiolimari.cl\/index.php?rest_route=%2Fwp%2Fv2%2Fcomments&post=9859"}],"version-history":[{"count":1,"href":"https:\/\/www.radiolimari.cl\/index.php?rest_route=\/wp\/v2\/posts\/9859\/revisions"}],"predecessor-version":[{"id":9862,"href":"https:\/\/www.radiolimari.cl\/index.php?rest_route=\/wp\/v2\/posts\/9859\/revisions\/9862"}],"wp:featuredmedia":[{"embeddable":true,"href":"https:\/\/www.radiolimari.cl\/index.php?rest_route=\/wp\/v2\/media\/9860"}],"wp:attachment":[{"href":"https:\/\/www.radiolimari.cl\/index.php?rest_route=%2Fwp%2Fv2%2Fmedia&parent=9859"}],"wp:term":[{"taxonomy":"category","embeddable":true,"href":"https:\/\/www.radiolimari.cl\/index.php?rest_route=%2Fwp%2Fv2%2Fcategories&post=9859"},{"taxonomy":"post_tag","embeddable":true,"href":"https:\/\/www.radiolimari.cl\/index.php?rest_route=%2Fwp%2Fv2%2Ftags&post=9859"}],"curies":[{"name":"wp","href":"https:\/\/api.w.org\/{rel}","templated":true}]}}