{"id":9850,"date":"2023-08-02T17:49:44","date_gmt":"2023-08-02T17:49:44","guid":{"rendered":"https:\/\/www.radiolimari.cl\/?p=9850"},"modified":"2023-08-02T17:49:44","modified_gmt":"2023-08-02T17:49:44","slug":"concejales-de-la-serena-piden-dar-urgencia-a-tranvia-para-la-conurbacion-y-apoyan-decision-de-gobernadora","status":"publish","type":"post","link":"https:\/\/www.radiolimari.cl\/?p=9850","title":{"rendered":"Concejales de La Serena piden dar urgencia a tranv\u00eda para la conurbaci\u00f3n y apoyan decisi\u00f3n de gobernadora"},"content":{"rendered":"\n<figure class=\"wp-block-image size-full is-resized\"><a href=\"https:\/\/www.radiolimari.cl\/wp-content\/uploads\/2023\/08\/635f5a38-c3a2-495c-aed4-ba9bf9209441.jpg\"><img fetchpriority=\"high\" decoding=\"async\" src=\"https:\/\/www.radiolimari.cl\/wp-content\/uploads\/2023\/08\/635f5a38-c3a2-495c-aed4-ba9bf9209441.jpg\" alt=\"\" class=\"wp-image-9851\" width=\"405\" height=\"335\" srcset=\"https:\/\/www.radiolimari.cl\/wp-content\/uploads\/2023\/08\/635f5a38-c3a2-495c-aed4-ba9bf9209441.jpg 1010w, https:\/\/www.radiolimari.cl\/wp-content\/uploads\/2023\/08\/635f5a38-c3a2-495c-aed4-ba9bf9209441-300x249.jpg 300w, https:\/\/www.radiolimari.cl\/wp-content\/uploads\/2023\/08\/635f5a38-c3a2-495c-aed4-ba9bf9209441-768x638.jpg 768w\" sizes=\"(max-width: 405px) 100vw, 405px\" \/><\/a><\/figure>\n\n\n\n<p><strong>Gremio microbusero junto a la m\u00e1xima autoridad regional acordaron enviar un oficio al Ministerio de Obras P\u00fablicas y el Ministerio de Transportes, para solicitar bajar licitaci\u00f3n del proyecto de electromovilidad. <\/strong><\/p>\n\n\n\n<p>Diversas reacciones provoc\u00f3 la decisi\u00f3n de la gobernadora regional, Krist Naranjo, quien, luego de sostener una fruct\u00edfera reuni\u00f3n junto al gremio microbusero, envi\u00f3 un oficio al Ministerio de Obras P\u00fablicas y el Ministerio de Transportes, para solicitar bajar la licitaci\u00f3n del proyecto de electromovilidad que impulsa el gobierno central.<\/p>\n\n\n\n<p>Seg\u00fan anunci\u00f3 la gobernadora luego de esta reuni\u00f3n, \u201cvamos a avanzar en dos frentes; uno es el proyecto que articula la zona metropolitana que es el tranv\u00eda, en donde ellos est\u00e1n de acuerdo en trabajar con nosotros. Adem\u00e1s, estamos solicitando a los ministros de Obras P\u00fablicas y Transporte que bajen la licitaci\u00f3n de los buses el\u00e9ctricos, principalmente porque no ha sido consensuado con nuestra regi\u00f3n y los diversos actores que deben estar trabajando en este tipo de propuestas. Es as\u00ed como, el tranv\u00eda, el \u00fanico proyecto que el gobierno central tiene para invertir en nuestra regi\u00f3n, hoy d\u00eda no est\u00e1 siendo licitado a\u00fan, pese al compromiso que se realiz\u00f3 el a\u00f1o pasado a trav\u00e9s del Ministerio de Obras P\u00fablicas\u201d.<\/p>\n\n\n\n<p>En apoyo al tranv\u00eda y la decisi\u00f3n de la gobernadora, la concejal de La Serena, Daniela Norambuena, afirm\u00f3 que \u201choy d\u00eda se necesita urgente un transporte p\u00fablico adecuado para las necesidades de las personas. Hoy d\u00eda tenemos una congesti\u00f3n vehicular, un sistema desordenado entre la ciudad de La Serena y Coquimbo, para eso necesitamos mejorar la calidad de vida de las personas. Con ello, se necesita de manera urgente apoyar el tranv\u00eda, que va a permitir la mejora de la conectividad, reducir los tiempos de viaje, va a facilitar los traslados y tambi\u00e9n es amigable con el medio ambiente. Yo estoy segura, que la gobernadora va a poder lograr este desaf\u00edo, la apoyo en ese sentido com\u00fan, creo que tenemos que tomar este proyecto en este momento, ya no podemos seguir esperando a\u00f1os y sue\u00f1os, sino que se necesitan hechos y realidades, porque es lo que espera la ciudadan\u00eda\u201d.<\/p>\n\n\n\n<p>Por su parte, el concejal de La Serena, F\u00e9lix Velasco, dijo que \u201cson millonarios los recursos que invierte el Estado en el metro en Santiago. En nuestra conurbaci\u00f3n, la zona metropolitana la cuarta m\u00e1s grande del pa\u00eds, requiere poder concretar este tranv\u00eda, una soluci\u00f3n moderna y que integre transporte p\u00fablico actual, para dar modernidad, seguridad y un transporte de calidad. El presidente se comprometi\u00f3, varios ministros se han comprometido, esperamos la acci\u00f3n real y concreta de avanzar, de licitar y de concretar este transporte p\u00fablico con una inversi\u00f3n fuerte del Estado sin m\u00e1s espera\u201d. &nbsp;<\/p>\n\n\n\n<p>Finalmente, sobre los dichos de distintos actores que se refirieron a este tema y las cr\u00edticas hacia la reuni\u00f3n que sostuvo la gobernadora con representantes de l\u00edneas de microbuses de la regi\u00f3n, Justo \u00c1lvarez, presidente de Liserco, presidente regional de Feronor y presidente nacional de Conabus, expres\u00f3 que \u201ces lamentable, porque hoy d\u00eda lo que hizo la gobernadora es llamarnos para explicarnos el tema del tranv\u00eda, eso no es pecado, que hayan llamado a los gremios para poder conversar, que es lo que no hicieron ellos. (El delegado) no me representa y no lo conozco\u201d.<\/p>\n","protected":false},"excerpt":{"rendered":"<p>Gremio microbusero junto a la m\u00e1xima autoridad regional acordaron enviar un oficio al Ministerio de Obras P\u00fablicas y el Ministerio de Transportes, para solicitar bajar licitaci\u00f3n del proyecto de electromovilidad. Diversas reacciones provoc\u00f3 la decisi\u00f3n de la gobernadora regional, Krist Naranjo, quien, luego de sostener una fruct\u00edfera reuni\u00f3n junto al gremio microbusero, envi\u00f3 un oficio &#8230;<\/p>\n","protected":false},"author":2,"featured_media":9851,"comment_status":"open","ping_status":"open","sticky":false,"template":"","format":"standard","meta":{"footnotes":""},"categories":[6],"tags":[],"class_list":["post-9850","post","type-post","status-publish","format-standard","has-post-thumbnail","hentry","category-regionales"],"_links":{"self":[{"href":"https:\/\/www.radiolimari.cl\/index.php?rest_route=\/wp\/v2\/posts\/9850","targetHints":{"allow":["GET"]}}],"collection":[{"href":"https:\/\/www.radiolimari.cl\/index.php?rest_route=\/wp\/v2\/posts"}],"about":[{"href":"https:\/\/www.radiolimari.cl\/index.php?rest_route=\/wp\/v2\/types\/post"}],"author":[{"embeddable":true,"href":"https:\/\/www.radiolimari.cl\/index.php?rest_route=\/wp\/v2\/users\/2"}],"replies":[{"embeddable":true,"href":"https:\/\/www.radiolimari.cl\/index.php?rest_route=%2Fwp%2Fv2%2Fcomments&post=9850"}],"version-history":[{"count":1,"href":"https:\/\/www.radiolimari.cl\/index.php?rest_route=\/wp\/v2\/posts\/9850\/revisions"}],"predecessor-version":[{"id":9852,"href":"https:\/\/www.radiolimari.cl\/index.php?rest_route=\/wp\/v2\/posts\/9850\/revisions\/9852"}],"wp:featuredmedia":[{"embeddable":true,"href":"https:\/\/www.radiolimari.cl\/index.php?rest_route=\/wp\/v2\/media\/9851"}],"wp:attachment":[{"href":"https:\/\/www.radiolimari.cl\/index.php?rest_route=%2Fwp%2Fv2%2Fmedia&parent=9850"}],"wp:term":[{"taxonomy":"category","embeddable":true,"href":"https:\/\/www.radiolimari.cl\/index.php?rest_route=%2Fwp%2Fv2%2Fcategories&post=9850"},{"taxonomy":"post_tag","embeddable":true,"href":"https:\/\/www.radiolimari.cl\/index.php?rest_route=%2Fwp%2Fv2%2Ftags&post=9850"}],"curies":[{"name":"wp","href":"https:\/\/api.w.org\/{rel}","templated":true}]}}