{"id":9829,"date":"2023-07-31T19:17:38","date_gmt":"2023-07-31T19:17:38","guid":{"rendered":"https:\/\/www.radiolimari.cl\/?p=9829"},"modified":"2023-07-31T19:17:39","modified_gmt":"2023-07-31T19:17:39","slug":"desafio-levantemos-chile-y-gobierno-regional-de-coquimbo-lanzan-proyecto-para-cambiar-la-vida-de-pacientes-con-parkinson","status":"publish","type":"post","link":"https:\/\/www.radiolimari.cl\/?p=9829","title":{"rendered":"Desaf\u00edo Levantemos Chile y Gobierno Regional de Coquimbo lanzan proyecto para cambiar la vida de pacientes con Parkinson"},"content":{"rendered":"\n<figure class=\"wp-block-image size-large\"><a href=\"https:\/\/www.radiolimari.cl\/wp-content\/uploads\/2023\/07\/IMG-20230731-WA0007.jpg\"><img fetchpriority=\"high\" decoding=\"async\" width=\"1024\" height=\"682\" src=\"https:\/\/www.radiolimari.cl\/wp-content\/uploads\/2023\/07\/IMG-20230731-WA0007-1024x682.jpg\" alt=\"\" class=\"wp-image-9830\" srcset=\"https:\/\/www.radiolimari.cl\/wp-content\/uploads\/2023\/07\/IMG-20230731-WA0007-1024x682.jpg 1024w, https:\/\/www.radiolimari.cl\/wp-content\/uploads\/2023\/07\/IMG-20230731-WA0007-300x200.jpg 300w, https:\/\/www.radiolimari.cl\/wp-content\/uploads\/2023\/07\/IMG-20230731-WA0007-768x512.jpg 768w, https:\/\/www.radiolimari.cl\/wp-content\/uploads\/2023\/07\/IMG-20230731-WA0007-1536x1023.jpg 1536w, https:\/\/www.radiolimari.cl\/wp-content\/uploads\/2023\/07\/IMG-20230731-WA0007.jpg 1600w\" sizes=\"(max-width: 1024px) 100vw, 1024px\" \/><\/a><\/figure>\n\n\n\n<p>Desaf\u00edo Levantemos Chile, gracias a la colaboraci\u00f3n y al financiamiento del Gobierno Regional de Coquimbo, dieron inicio a un proyecto para intervenir quir\u00fargicamente de manera gratuita a cinco pacientes con Parkinson\u00a0\u00a0 gracias a esta colaboraci\u00f3n p\u00fablico-privada.<\/p>\n\n\n\n<p>Ser\u00e1n cinco pacientes beneficiados, los cuales acceder\u00e1n a una cirug\u00eda e implantaci\u00f3n de un kit de estimulaci\u00f3n profunda, que tiene beneficios f\u00edsicos, mentales, emocionales y sociales, pero que hoy en d\u00eda solo se encuentra disponible en algunos centros de salud del sistema privado del pa\u00eds, con un costo cercano a los $45 millones.<\/p>\n\n\n\n<p>Uno de los pacientes beneficiados, fue Ra\u00fal Rojas de 61 a\u00f1os quien padec\u00eda parkinson desde hace 5 a\u00f1os aproximadamente: \u201cSe sent\u00eda terrible el no poder moverme, tanto para mi como para mi familia que ten\u00eda que ayudarme. Ahora estoy muy bien, estoy adapt\u00e1ndome al proceso que creo rendir\u00e1 frutos. Puedo afeitarme y hacer mis cosas de la vida diaria. Mover mis brazos y levantarme solo, tengo movilidad completa\u201d, expres\u00f3.<\/p>\n\n\n\n<p>Desde Desaf\u00edo Levantemos Chile, la directora del \u00e1rea de Salud, B\u00e1rbara Leyton, dijo que \u201ceste proyecto busca cambiar la vida de estos cinco pacientes y sus familias, que tras la operaci\u00f3n podr\u00e1n retomar sus vidas normales; lo que m\u00e1s les gustaba hacer, sus trabajos , entre otros. Nosotros trabajamos por terminar con la inequidad y creemos que esta es una tremenda oportunidad para que las personas de la regi\u00f3n puedan llevar adelante sus sue\u00f1os y compromisos\u201d.<\/p>\n\n\n\n<p>Estas cirug\u00edas ser\u00e1n totalmente gratuitas para los pacientes y se desarrollar\u00e1n con una inversi\u00f3n total de $176.440.000 millones de pesos que fueron financiados por el Gobierno Regional de Coquimbo. Cuenta con el apoyo y coordinaci\u00f3n de la Fundaci\u00f3n, el Servicio de Salud y Hospitales de la regi\u00f3n.<\/p>\n\n\n\n<p>\u201cEsta es una iniciativa extremadamente relevante para nuestra regi\u00f3n. Como Gobierno Regional continuamos apoyando a distintos pacientes que deben ser intervenidos por temas de salud. Junto a Desaf\u00edo Levantemos Chile estamos entregando mejor calidad de vida y cumpliendo anhelos de pacientes y sus familias que hasta hace un tiempo no ten\u00edan las condiciones para operarse, pero gracias a este programa que financiamos ahora s\u00ed puede ser intervenidos y as\u00ed mejorar su salud y su est\u00e1ndar de vida\u201d, Krist Naranjo Pe\u00f1aloza, Gobernadora Regional de Coquimbo.<\/p>\n\n\n\n<p>Desde el a\u00f1o 2020, gracias a la colaboraci\u00f3n p\u00fablico privada, el Gobierno Regional junto a Desaf\u00edo Levantemos Chile, y el Servicio de Salud de Coquimbo ha logrado cambiar la vida de m\u00e1s de 280 pacientes y sus familias, realizando diferentes intervenciones quir\u00fargicas, con una inversi\u00f3n de m\u00e1s de mil millones de pesos y, para este a\u00f1o se espera superar las 460 personas beneficiadas.<\/p>\n\n\n\n<p>Por su parte, la doctora Mar\u00eda Eugenia Contreras, neur\u00f3loga del Hospital de La Serena, explic\u00f3 que \u201cla enfermedad de Parkinson es cr\u00f3nica y degenerativa, que no solo afecta a la persona, sino tambi\u00e9n a la familia. Tenemos pacientes cada d\u00eda m\u00e1s j\u00f3venes, por lo que tenemos que hacernos cargo. Esta cirug\u00eda cambia la calidad de vida, no es para todos los pacientes. Pero para quienes s\u00ed pueden optar a ella, mejorar\u00e1n su movilidad. Pagando cero podr\u00e1n tener esta cirug\u00eda\u201d.<\/p>\n","protected":false},"excerpt":{"rendered":"<p>Desaf\u00edo Levantemos Chile, gracias a la colaboraci\u00f3n y al financiamiento del Gobierno Regional de Coquimbo, dieron inicio a un proyecto para intervenir quir\u00fargicamente de manera gratuita a cinco pacientes con Parkinson\u00a0\u00a0 gracias a esta colaboraci\u00f3n p\u00fablico-privada. Ser\u00e1n cinco pacientes beneficiados, los cuales acceder\u00e1n a una cirug\u00eda e implantaci\u00f3n de un kit de estimulaci\u00f3n profunda, que &#8230;<\/p>\n","protected":false},"author":2,"featured_media":9830,"comment_status":"open","ping_status":"open","sticky":false,"template":"","format":"standard","meta":{"footnotes":""},"categories":[3],"tags":[],"class_list":["post-9829","post","type-post","status-publish","format-standard","has-post-thumbnail","hentry","category-actualidad"],"_links":{"self":[{"href":"https:\/\/www.radiolimari.cl\/index.php?rest_route=\/wp\/v2\/posts\/9829","targetHints":{"allow":["GET"]}}],"collection":[{"href":"https:\/\/www.radiolimari.cl\/index.php?rest_route=\/wp\/v2\/posts"}],"about":[{"href":"https:\/\/www.radiolimari.cl\/index.php?rest_route=\/wp\/v2\/types\/post"}],"author":[{"embeddable":true,"href":"https:\/\/www.radiolimari.cl\/index.php?rest_route=\/wp\/v2\/users\/2"}],"replies":[{"embeddable":true,"href":"https:\/\/www.radiolimari.cl\/index.php?rest_route=%2Fwp%2Fv2%2Fcomments&post=9829"}],"version-history":[{"count":1,"href":"https:\/\/www.radiolimari.cl\/index.php?rest_route=\/wp\/v2\/posts\/9829\/revisions"}],"predecessor-version":[{"id":9831,"href":"https:\/\/www.radiolimari.cl\/index.php?rest_route=\/wp\/v2\/posts\/9829\/revisions\/9831"}],"wp:featuredmedia":[{"embeddable":true,"href":"https:\/\/www.radiolimari.cl\/index.php?rest_route=\/wp\/v2\/media\/9830"}],"wp:attachment":[{"href":"https:\/\/www.radiolimari.cl\/index.php?rest_route=%2Fwp%2Fv2%2Fmedia&parent=9829"}],"wp:term":[{"taxonomy":"category","embeddable":true,"href":"https:\/\/www.radiolimari.cl\/index.php?rest_route=%2Fwp%2Fv2%2Fcategories&post=9829"},{"taxonomy":"post_tag","embeddable":true,"href":"https:\/\/www.radiolimari.cl\/index.php?rest_route=%2Fwp%2Fv2%2Ftags&post=9829"}],"curies":[{"name":"wp","href":"https:\/\/api.w.org\/{rel}","templated":true}]}}