{"id":9826,"date":"2023-07-31T14:41:11","date_gmt":"2023-07-31T14:41:11","guid":{"rendered":"https:\/\/www.radiolimari.cl\/?p=9826"},"modified":"2023-07-31T14:41:12","modified_gmt":"2023-07-31T14:41:12","slug":"en-talleres-de-analisis-de-datos-del-dia-y-el-simce-agencia-de-calidad-se-reune-con-equipos-directivos-y-docentes-de-las-tres-provincias-de-la-region-de-coquimbo","status":"publish","type":"post","link":"https:\/\/www.radiolimari.cl\/?p=9826","title":{"rendered":"En talleres de An\u00e1lisis de Datos del DIA y el SIMCE: Agencia de Calidad se re\u00fane con equipos directivos y docentes de las tres provincias de la Regi\u00f3n de Coquimbo"},"content":{"rendered":"\n<figure class=\"wp-block-image size-large is-resized\"><a href=\"https:\/\/www.radiolimari.cl\/wp-content\/uploads\/2023\/07\/1.-Foto-Talleres-Agencia-de-Calidad-de-la-Educacion.jpg\"><img fetchpriority=\"high\" decoding=\"async\" src=\"https:\/\/www.radiolimari.cl\/wp-content\/uploads\/2023\/07\/1.-Foto-Talleres-Agencia-de-Calidad-de-la-Educacion-1024x683.jpg\" alt=\"\" class=\"wp-image-9827\" width=\"396\" height=\"264\" srcset=\"https:\/\/www.radiolimari.cl\/wp-content\/uploads\/2023\/07\/1.-Foto-Talleres-Agencia-de-Calidad-de-la-Educacion-1024x683.jpg 1024w, https:\/\/www.radiolimari.cl\/wp-content\/uploads\/2023\/07\/1.-Foto-Talleres-Agencia-de-Calidad-de-la-Educacion-300x200.jpg 300w, https:\/\/www.radiolimari.cl\/wp-content\/uploads\/2023\/07\/1.-Foto-Talleres-Agencia-de-Calidad-de-la-Educacion-768x512.jpg 768w, https:\/\/www.radiolimari.cl\/wp-content\/uploads\/2023\/07\/1.-Foto-Talleres-Agencia-de-Calidad-de-la-Educacion-1536x1024.jpg 1536w, https:\/\/www.radiolimari.cl\/wp-content\/uploads\/2023\/07\/1.-Foto-Talleres-Agencia-de-Calidad-de-la-Educacion.jpg 1560w\" sizes=\"(max-width: 396px) 100vw, 396px\" \/><\/a><\/figure>\n\n\n\n<p><strong>En las comunas de Illapel, Ovalle y La Serena se desarrollaron los ciclos de talleres de An\u00e1lisis de Datos, organizado por la Agencia de Calidad de la Educaci\u00f3n efectuados en varios puntos del pa\u00eds, con el objetivo de generar un espacio de reflexi\u00f3n con los equipos directivos y docentes sobre las decisiones que toman basados en evidencia, para promover la mejora continua.<\/strong><\/p>\n\n\n\n<p>Los talleres de An\u00e1lisis de Datos, organizados por la Agencia de Calidad de la Educaci\u00f3n permiten trabajar con los resultados y las orientaciones que entrega la Agencia sobre las evaluaciones del Diagn\u00f3stico Integral de Aprendizajes (DIA) y los resultados educativos de Simce. La primera de estas jornadas se realiz\u00f3 el lunes 24 de julio para los recintos educativos de la provincia de Choapa, que se reunieron en el Liceo Domingo Ortiz de Rozas, dependiente de la Municipalidad de Illapel. Luego vino el encuentro desarrollado el mi\u00e9rcoles 26 de julio para los establecimientos de la provincia de Limar\u00ed, que se reunieron en el colegio La Providencia de Ovalle, espacio que cont\u00f3 con la participaci\u00f3n de la seremi de Educaci\u00f3n de la Regi\u00f3n de Coquimbo, Cecilia Ram\u00edrez Ch\u00e1vez.<\/p>\n\n\n\n<p>El jefe de la Macrozona (MZ) Centro Norte, Miguel Schuh Zersi, se\u00f1al\u00f3 que \u201cdesde la Agencia de Calidad, y como Macrozona, llegamos a los establecimientos educacionales no solo para evaluar, sino tambi\u00e9n para entregar orientaci\u00f3n a los equipos directivos y cuerpos docentes, informaci\u00f3n que les permita tomar decisiones que impacten positivamente en los aprendizajes de ni\u00f1os, ni\u00f1as y estudiantes\u201d, se\u00f1al\u00f3 el jefe de la MZ Centro Norte, zona que re\u00fane a las regiones de Coquimbo, Valpara\u00edso, Metropolitana de Santiago y O\u2019Higgins.<\/p>\n\n\n\n<p>La seremi de Educaci\u00f3n, Cecilia Ram\u00edrez Ch\u00e1vez valor\u00f3 la instancia de reflexi\u00f3n generada por la Agencia. \u201cComo Ministerio de Educaci\u00f3n en la Regi\u00f3n de Coquimbo y, a trav\u00e9s de la Mesa del Sistema de Aseguramiento de la Calidad (SAC) hemos coordinado distintas acciones para fortalecer la educaci\u00f3n de la regi\u00f3n. Una de ellas han sido estos tres talleres que se hicieron en las tres provincias de Elqui, Limar\u00ed y Choapa por la Agencia de Calidad de la Educaci\u00f3n, que tuvo como objetivo fortalecer el uso de datos dentro de las comunidades educativas para tomar mejores decisiones pedag\u00f3gicas, con pertinencia, atingente y que tambi\u00e9n tuvieran impacto en los procesos de ense\u00f1anza y aprendizaje de las y los estudiantes y docentes. La Agencia de Calidad de la Educaci\u00f3n despleg\u00f3 sus equipos en la regi\u00f3n para realizar los talleres, donde tuvimos una importante participaci\u00f3n. Continuaremos realizando estas instancias durante el segundo semestre, como parte de las acciones de la mesa SAC\u201d.<\/p>\n\n\n\n<p>Este primer ciclo de talleres de An\u00e1lisis de datos finaliz\u00f3 con una jornada para los equipos directivos y docentes de la provincia de Elqui, organizado el jueves 27 de julio en el Liceo Gabriela Mistral de la Corporaci\u00f3n Municipal Gabriel Gonz\u00e1lez Videla de La Serena.<\/p>\n","protected":false},"excerpt":{"rendered":"<p>En las comunas de Illapel, Ovalle y La Serena se desarrollaron los ciclos de talleres de An\u00e1lisis de Datos, organizado por la Agencia de Calidad de la Educaci\u00f3n efectuados en varios puntos del pa\u00eds, con el objetivo de generar un espacio de reflexi\u00f3n con los equipos directivos y docentes sobre las decisiones que toman basados &#8230;<\/p>\n","protected":false},"author":2,"featured_media":9827,"comment_status":"open","ping_status":"open","sticky":false,"template":"","format":"standard","meta":{"footnotes":""},"categories":[6],"tags":[],"class_list":["post-9826","post","type-post","status-publish","format-standard","has-post-thumbnail","hentry","category-regionales"],"_links":{"self":[{"href":"https:\/\/www.radiolimari.cl\/index.php?rest_route=\/wp\/v2\/posts\/9826","targetHints":{"allow":["GET"]}}],"collection":[{"href":"https:\/\/www.radiolimari.cl\/index.php?rest_route=\/wp\/v2\/posts"}],"about":[{"href":"https:\/\/www.radiolimari.cl\/index.php?rest_route=\/wp\/v2\/types\/post"}],"author":[{"embeddable":true,"href":"https:\/\/www.radiolimari.cl\/index.php?rest_route=\/wp\/v2\/users\/2"}],"replies":[{"embeddable":true,"href":"https:\/\/www.radiolimari.cl\/index.php?rest_route=%2Fwp%2Fv2%2Fcomments&post=9826"}],"version-history":[{"count":1,"href":"https:\/\/www.radiolimari.cl\/index.php?rest_route=\/wp\/v2\/posts\/9826\/revisions"}],"predecessor-version":[{"id":9828,"href":"https:\/\/www.radiolimari.cl\/index.php?rest_route=\/wp\/v2\/posts\/9826\/revisions\/9828"}],"wp:featuredmedia":[{"embeddable":true,"href":"https:\/\/www.radiolimari.cl\/index.php?rest_route=\/wp\/v2\/media\/9827"}],"wp:attachment":[{"href":"https:\/\/www.radiolimari.cl\/index.php?rest_route=%2Fwp%2Fv2%2Fmedia&parent=9826"}],"wp:term":[{"taxonomy":"category","embeddable":true,"href":"https:\/\/www.radiolimari.cl\/index.php?rest_route=%2Fwp%2Fv2%2Fcategories&post=9826"},{"taxonomy":"post_tag","embeddable":true,"href":"https:\/\/www.radiolimari.cl\/index.php?rest_route=%2Fwp%2Fv2%2Ftags&post=9826"}],"curies":[{"name":"wp","href":"https:\/\/api.w.org\/{rel}","templated":true}]}}