{"id":9819,"date":"2023-07-28T13:41:32","date_gmt":"2023-07-28T13:41:32","guid":{"rendered":"https:\/\/www.radiolimari.cl\/?p=9819"},"modified":"2023-07-28T13:41:32","modified_gmt":"2023-07-28T13:41:32","slug":"en-ovalle-un-60-de-avance-tiene-la-plaza-carlos-condell-de-villa-los-naranjos-parte-baja","status":"publish","type":"post","link":"https:\/\/www.radiolimari.cl\/?p=9819","title":{"rendered":"En Ovalle un 60 % de avance tiene la plaza Carlos Condell de Villa Los Naranjos parte baja"},"content":{"rendered":"\n<figure class=\"wp-block-image size-large\"><a href=\"https:\/\/www.radiolimari.cl\/wp-content\/uploads\/2023\/07\/Plaza-Carlos-Condell-1.jpeg\"><img fetchpriority=\"high\" decoding=\"async\" width=\"1024\" height=\"682\" src=\"https:\/\/www.radiolimari.cl\/wp-content\/uploads\/2023\/07\/Plaza-Carlos-Condell-1-1024x682.jpeg\" alt=\"\" class=\"wp-image-9820\" srcset=\"https:\/\/www.radiolimari.cl\/wp-content\/uploads\/2023\/07\/Plaza-Carlos-Condell-1-1024x682.jpeg 1024w, https:\/\/www.radiolimari.cl\/wp-content\/uploads\/2023\/07\/Plaza-Carlos-Condell-1-300x200.jpeg 300w, https:\/\/www.radiolimari.cl\/wp-content\/uploads\/2023\/07\/Plaza-Carlos-Condell-1-768x512.jpeg 768w, https:\/\/www.radiolimari.cl\/wp-content\/uploads\/2023\/07\/Plaza-Carlos-Condell-1-1536x1023.jpeg 1536w, https:\/\/www.radiolimari.cl\/wp-content\/uploads\/2023\/07\/Plaza-Carlos-Condell-1.jpeg 1600w\" sizes=\"(max-width: 1024px) 100vw, 1024px\" \/><\/a><\/figure>\n\n\n\n<p><strong><em>El espacio recreativo se concretar\u00e1 gracias al financiamiento municipal, que alcanza los 89 millones de pesos. Las obras f\u00edsicas concluir\u00edan en octubre pr\u00f3ximo, periodo en que los vecinos y vecinas podr\u00e1n disfrutar de nuevo mobiliario urbano, juegos infantiles y sectores de \u00e1reas verdes.<\/em><\/strong><\/p>\n\n\n\n<p>En octubre pr\u00f3ximo concluir\u00e1n las obras f\u00edsicas del proyecto de mejoramiento de la plaza Carlos Condell de villa Los Naranjos parte baja. La iniciativa se concretar\u00e1 gracias al financiamiento municipal, que alcanza los $89.286.804, que permitir\u00e1 habilitar un espacio para la recreaci\u00f3n de vecinas y vecinos.<\/p>\n\n\n\n<p>La obra, que se est\u00e1 ejecutando en la intersecci\u00f3n entre las calles Los Acacios y Los Aromos por la empresa constructora Emcoex EIRL, tiene un plazo de 150 d\u00edas, que se cumplen en octubre. El proyecto permitir\u00e1 la habilitaci\u00f3n de tres \u00e1reas de esparcimiento con juegos infantiles, entre ellos, un juego modular, un balanc\u00edn doble, un juego musical xil\u00f3fono y un juego musical tambor. Adem\u00e1s, se instalar\u00e1 piso de caucho, luminarias ornamentales y bancas nuevas. A esto se suma, la reconstrucci\u00f3n de muretes, taludes y escaleras, donde se incorporar\u00e1n barandas de acuerdo a normativa de accesibilidad universal.&nbsp; &nbsp;<\/p>\n\n\n\n<p>La presidenta de la junta de vecinos, Yanina Guti\u00e9rrez, para nosotros es un tema muy importante, porque necesitamos un lugar bien acondicionado para que nuestros adultos mayores puedan sentarse a tomar sol y para que los ni\u00f1os puedan recrearse y tener un lugar en \u00f3ptimas condiciones y qu\u00e9 mejor que este lugar que tienen mucha historia, para todos quienes vivimos ac\u00e1\u201d.&nbsp; &nbsp;<\/p>\n\n\n\n<p>&nbsp;Al respecto, el alcalde de Ovalle, Jonathan Acu\u00f1a Rojas sostuvo que esta es una inversi\u00f3n \u201cmuy esperada por la villa Los Naranjos parte baja, porque contar\u00e1n con un espacio de participaci\u00f3n y recreaci\u00f3n abierto para los vecinos y con mucha mayor seguridad, pues contar\u00e1 con sistemas de iluminaci\u00f3n, adem\u00e1s de moderna infraestructura. Estos trabajos van en la l\u00ednea de lo que queremos como administraci\u00f3n municipal, que apunta a mejorar los espacios p\u00fablicos y convertirlos en lugares seguros e iluminados, para que las familias disfruten sin problemas\u201d indic\u00f3 el alcalde de Ovalle, Jonathan Acu\u00f1a Rojas.<\/p>\n","protected":false},"excerpt":{"rendered":"<p>El espacio recreativo se concretar\u00e1 gracias al financiamiento municipal, que alcanza los 89 millones de pesos. Las obras f\u00edsicas concluir\u00edan en octubre pr\u00f3ximo, periodo en que los vecinos y vecinas podr\u00e1n disfrutar de nuevo mobiliario urbano, juegos infantiles y sectores de \u00e1reas verdes. En octubre pr\u00f3ximo concluir\u00e1n las obras f\u00edsicas del proyecto de mejoramiento de &#8230;<\/p>\n","protected":false},"author":2,"featured_media":9820,"comment_status":"open","ping_status":"open","sticky":false,"template":"","format":"standard","meta":{"footnotes":""},"categories":[5],"tags":[],"class_list":["post-9819","post","type-post","status-publish","format-standard","has-post-thumbnail","hentry","category-actualidad-limarina"],"_links":{"self":[{"href":"https:\/\/www.radiolimari.cl\/index.php?rest_route=\/wp\/v2\/posts\/9819","targetHints":{"allow":["GET"]}}],"collection":[{"href":"https:\/\/www.radiolimari.cl\/index.php?rest_route=\/wp\/v2\/posts"}],"about":[{"href":"https:\/\/www.radiolimari.cl\/index.php?rest_route=\/wp\/v2\/types\/post"}],"author":[{"embeddable":true,"href":"https:\/\/www.radiolimari.cl\/index.php?rest_route=\/wp\/v2\/users\/2"}],"replies":[{"embeddable":true,"href":"https:\/\/www.radiolimari.cl\/index.php?rest_route=%2Fwp%2Fv2%2Fcomments&post=9819"}],"version-history":[{"count":1,"href":"https:\/\/www.radiolimari.cl\/index.php?rest_route=\/wp\/v2\/posts\/9819\/revisions"}],"predecessor-version":[{"id":9821,"href":"https:\/\/www.radiolimari.cl\/index.php?rest_route=\/wp\/v2\/posts\/9819\/revisions\/9821"}],"wp:featuredmedia":[{"embeddable":true,"href":"https:\/\/www.radiolimari.cl\/index.php?rest_route=\/wp\/v2\/media\/9820"}],"wp:attachment":[{"href":"https:\/\/www.radiolimari.cl\/index.php?rest_route=%2Fwp%2Fv2%2Fmedia&parent=9819"}],"wp:term":[{"taxonomy":"category","embeddable":true,"href":"https:\/\/www.radiolimari.cl\/index.php?rest_route=%2Fwp%2Fv2%2Fcategories&post=9819"},{"taxonomy":"post_tag","embeddable":true,"href":"https:\/\/www.radiolimari.cl\/index.php?rest_route=%2Fwp%2Fv2%2Ftags&post=9819"}],"curies":[{"name":"wp","href":"https:\/\/api.w.org\/{rel}","templated":true}]}}