{"id":9799,"date":"2023-07-26T17:07:40","date_gmt":"2023-07-26T17:07:40","guid":{"rendered":"https:\/\/www.radiolimari.cl\/?p=9799"},"modified":"2023-07-26T17:07:41","modified_gmt":"2023-07-26T17:07:41","slug":"desde-el-1-de-agosto-se-podra-pagar-via-web-la-segunda-cuota-del-permiso-de-circulacion","status":"publish","type":"post","link":"https:\/\/www.radiolimari.cl\/?p=9799","title":{"rendered":"Desde el 1 de agosto se podr\u00e1 pagar v\u00eda web la segunda cuota del Permiso de Circulaci\u00f3n"},"content":{"rendered":"\n<figure class=\"wp-block-image size-large\"><a href=\"https:\/\/www.radiolimari.cl\/wp-content\/uploads\/2023\/07\/Permisos-de-Circulacion-segunda-cuota-2-scaled.jpg\"><img fetchpriority=\"high\" decoding=\"async\" width=\"1024\" height=\"683\" src=\"https:\/\/www.radiolimari.cl\/wp-content\/uploads\/2023\/07\/Permisos-de-Circulacion-segunda-cuota-2-1024x683.jpg\" alt=\"\" class=\"wp-image-9800\" srcset=\"https:\/\/www.radiolimari.cl\/wp-content\/uploads\/2023\/07\/Permisos-de-Circulacion-segunda-cuota-2-1024x683.jpg 1024w, https:\/\/www.radiolimari.cl\/wp-content\/uploads\/2023\/07\/Permisos-de-Circulacion-segunda-cuota-2-300x200.jpg 300w, https:\/\/www.radiolimari.cl\/wp-content\/uploads\/2023\/07\/Permisos-de-Circulacion-segunda-cuota-2-768x512.jpg 768w, https:\/\/www.radiolimari.cl\/wp-content\/uploads\/2023\/07\/Permisos-de-Circulacion-segunda-cuota-2-1536x1024.jpg 1536w, https:\/\/www.radiolimari.cl\/wp-content\/uploads\/2023\/07\/Permisos-de-Circulacion-segunda-cuota-2-2048x1365.jpg 2048w\" sizes=\"(max-width: 1024px) 100vw, 1024px\" \/><\/a><\/figure>\n\n\n\n<p><strong><em>El pr\u00f3ximo 31 de agosto vence el plazo para pagar la segunda cuota de este documento obligatorio, para veh\u00edculos menores. Los usuarios podr\u00e1n cancelar de manera presencial en la Direcci\u00f3n de Tr\u00e1nsito o a trav\u00e9s de la p\u00e1gina web <\/em><\/strong><a href=\"http:\/\/www.municipalidadovalle.cl\"><strong><em>www.municipalidadovalle.cl<\/em><\/strong><\/a><\/p>\n\n\n\n<p>Los propietarios de veh\u00edculos menores, es decir, autom\u00f3viles y camionetas, que optaron por el pago en dos cuotas del Permiso de Circulaci\u00f3n tienen plazo hasta el 31 de agosto, para regularizar este documento obligatorio. Es por esta raz\u00f3n, que la Direcci\u00f3n de Tr\u00e1nsito Municipal atender\u00e1 de lunes a viernes de 9.00 a 13.45 horas y la \u00faltima semana de agosto, se sumar\u00e1 la atenci\u00f3n en la tarde de 15.30 a 17.30 horas.<\/p>\n\n\n\n<p>Adem\u00e1s, quienes quieran cancelar v\u00eda online lo podr\u00e1n hacer desde el pr\u00f3ximo 1 de agosto, a trav\u00e9s de la p\u00e1gina Web <a href=\"http:\/\/www.municipalidadovalle.cl\">www.municipalidadovalle.cl<\/a>, en el banner \u201cPagos Online\u201d, donde deber\u00e1n ingresar el rut del propietario y la patente del veh\u00edculo. El sistema arrojar\u00e1 los datos del autom\u00f3vil, puesto que deber\u00e1 estar con la Revisi\u00f3n T\u00e9cnica al d\u00eda y con el Seguro Obligatorio cancelado.<\/p>\n\n\n\n<p>\u201cEl prop\u00f3sito principal es darle facilidades a los usuarios, para que regularicen este tr\u00e1mite y no se arriesguen a multas e intereses, porque recordemos que sin este documento vigente no pueden transitar en la v\u00eda p\u00fablica y es causal del retiro del veh\u00edculo de circulaci\u00f3n\u201d indic\u00f3 el director de Tr\u00e1nsito del municipio de Ovalle, David Far\u00edas.<\/p>\n\n\n\n<p>El alcalde Jonathan Acu\u00f1a Rojas indic\u00f3 que \u201cpondremos a disposici\u00f3n nuestros equipos, para que la cancelaci\u00f3n de la segunda cuota del Permiso de Circulaci\u00f3n sea r\u00e1pido y expedito. Asimismo, aumentaremos la atenci\u00f3n durante la \u00faltima semana de agosto, en jornada de la tarde, porque sabemos que en este periodo se incrementa la cantidad de gente que quiere realizar este tr\u00e1mite\u201d.<\/p>\n\n\n\n<p>Recordemos, que los recursos obtenidos por concepto de Permiso de Circulaci\u00f3n son utilizados en programas sociales y servicios comunitarios, entre ellos, ayudas m\u00e9dicas para personas de escasos recursos, compras de mediaguas, mantenci\u00f3n de \u00e1reas verdes, limpieza de calles entre otras. Adem\u00e1s, el 32,7 por ciento de lo recaudado queda en la comuna de Ovalle y el 62,5 por ciento es entregado al Fondo Com\u00fan Municipal, que, posteriormente, es utilizado para financiar proyectos a nivel nacional.<\/p>\n","protected":false},"excerpt":{"rendered":"<p>El pr\u00f3ximo 31 de agosto vence el plazo para pagar la segunda cuota de este documento obligatorio, para veh\u00edculos menores. Los usuarios podr\u00e1n cancelar de manera presencial en la Direcci\u00f3n de Tr\u00e1nsito o a trav\u00e9s de la p\u00e1gina web www.municipalidadovalle.cl Los propietarios de veh\u00edculos menores, es decir, autom\u00f3viles y camionetas, que optaron por el pago &#8230;<\/p>\n","protected":false},"author":2,"featured_media":9800,"comment_status":"open","ping_status":"open","sticky":false,"template":"","format":"standard","meta":{"footnotes":""},"categories":[5],"tags":[],"class_list":["post-9799","post","type-post","status-publish","format-standard","has-post-thumbnail","hentry","category-actualidad-limarina"],"_links":{"self":[{"href":"https:\/\/www.radiolimari.cl\/index.php?rest_route=\/wp\/v2\/posts\/9799","targetHints":{"allow":["GET"]}}],"collection":[{"href":"https:\/\/www.radiolimari.cl\/index.php?rest_route=\/wp\/v2\/posts"}],"about":[{"href":"https:\/\/www.radiolimari.cl\/index.php?rest_route=\/wp\/v2\/types\/post"}],"author":[{"embeddable":true,"href":"https:\/\/www.radiolimari.cl\/index.php?rest_route=\/wp\/v2\/users\/2"}],"replies":[{"embeddable":true,"href":"https:\/\/www.radiolimari.cl\/index.php?rest_route=%2Fwp%2Fv2%2Fcomments&post=9799"}],"version-history":[{"count":1,"href":"https:\/\/www.radiolimari.cl\/index.php?rest_route=\/wp\/v2\/posts\/9799\/revisions"}],"predecessor-version":[{"id":9801,"href":"https:\/\/www.radiolimari.cl\/index.php?rest_route=\/wp\/v2\/posts\/9799\/revisions\/9801"}],"wp:featuredmedia":[{"embeddable":true,"href":"https:\/\/www.radiolimari.cl\/index.php?rest_route=\/wp\/v2\/media\/9800"}],"wp:attachment":[{"href":"https:\/\/www.radiolimari.cl\/index.php?rest_route=%2Fwp%2Fv2%2Fmedia&parent=9799"}],"wp:term":[{"taxonomy":"category","embeddable":true,"href":"https:\/\/www.radiolimari.cl\/index.php?rest_route=%2Fwp%2Fv2%2Fcategories&post=9799"},{"taxonomy":"post_tag","embeddable":true,"href":"https:\/\/www.radiolimari.cl\/index.php?rest_route=%2Fwp%2Fv2%2Ftags&post=9799"}],"curies":[{"name":"wp","href":"https:\/\/api.w.org\/{rel}","templated":true}]}}