{"id":9796,"date":"2023-07-26T15:04:34","date_gmt":"2023-07-26T15:04:34","guid":{"rendered":"https:\/\/www.radiolimari.cl\/?p=9796"},"modified":"2023-07-26T15:04:34","modified_gmt":"2023-07-26T15:04:34","slug":"delegacion-de-rayueleros-de-vallenar-visita-comuna-de-monte-patria-en-encuentro-recreativo-competitivo","status":"publish","type":"post","link":"https:\/\/www.radiolimari.cl\/?p=9796","title":{"rendered":"Delegaci\u00f3n de rayueleros de Vallenar visita comuna de Monte Patria en encuentro recreativo-competitivo"},"content":{"rendered":"\n<figure class=\"wp-block-image size-large\"><a href=\"https:\/\/www.radiolimari.cl\/wp-content\/uploads\/2023\/07\/DSC03640-scaled.jpg\"><img fetchpriority=\"high\" decoding=\"async\" width=\"1024\" height=\"683\" src=\"https:\/\/www.radiolimari.cl\/wp-content\/uploads\/2023\/07\/DSC03640-1024x683.jpg\" alt=\"\" class=\"wp-image-9797\" srcset=\"https:\/\/www.radiolimari.cl\/wp-content\/uploads\/2023\/07\/DSC03640-1024x683.jpg 1024w, https:\/\/www.radiolimari.cl\/wp-content\/uploads\/2023\/07\/DSC03640-300x200.jpg 300w, https:\/\/www.radiolimari.cl\/wp-content\/uploads\/2023\/07\/DSC03640-768x512.jpg 768w, https:\/\/www.radiolimari.cl\/wp-content\/uploads\/2023\/07\/DSC03640-1536x1024.jpg 1536w, https:\/\/www.radiolimari.cl\/wp-content\/uploads\/2023\/07\/DSC03640-2048x1365.jpg 2048w\" sizes=\"(max-width: 1024px) 100vw, 1024px\" \/><\/a><\/figure>\n\n\n\n<p><strong><em>La jornada incluyo rayuela y domin\u00f3, en ambas disciplinas, la comuna de los valles generosos se impuso por sobre la comuna atacame\u00f1a<\/em><\/strong><\/p>\n\n\n\n<p>Fraternidad y compa\u00f1erismo, aquel fue el esp\u00edritu presente en el encuentro de Rayueleros entre las comunas de Vallenar y Monte Patria; el evento deportivo se realiz\u00f3 el pasado s\u00e1bado en la sede de rayuela de Vista Hermosa, lugar donde la selecci\u00f3n de los valles generosos logr\u00f3 imponerse como local frente a Vallenar con una diferencia de tan solo 10 quemadas.<\/p>\n\n\n\n<p>La integraci\u00f3n comunal es clave para el desarrollo comunitario, tal como se realizan los tradicionales encuentros de futbol en otras comunas, provincias y regiones, hoy la rayuela est\u00e1 tomando vuelo en esta misma l\u00ednea. Hace meses que la Asociaci\u00f3n de Rayueleros de Monte Patria ha estado generando iniciativas deportivas a nivel recreativo y competitivo, hoy con una delegaci\u00f3n proveniente de la comuna de Vallenar, regi\u00f3n de Atacama.<\/p>\n\n\n\n<p>Los resultados de este s\u00e1bado 22 dieron por ganador a Monte Patria en las dos disciplinas de la jornada, domin\u00f3 y rayuela; para Monte Patria en domin\u00f3 916 pintas, para Vallenar 885 pintas; en cuanto al deporte central, la rayuela, Monte Patria logr\u00f3 136 quemadas, mientras que Vallenar alcanz\u00f3 126 quemadas.<\/p>\n\n\n\n<p>Erasmo Escobar, integrante de la Asociaci\u00f3n de Rayueleros de Vallenar y presidente de Club de Adulto Mayor en Vallenar coment\u00f3 su impresi\u00f3n por esta invitaci\u00f3n desde los valles generosos, <strong>\u201cnosotros pertenecemos a la asociaci\u00f3n ya la federaci\u00f3n de rayuela, como siempre el adulto mayor queda postergado, los jugadores nos reunimos y creamos este nuevo espacio. La idea es esto, compartir y visitar otras creencias, todo en el \u00e1mbito de la rayuela. Para nosotros fue muy lindo aceptar la invitaci\u00f3n que nos realiz\u00f3 Monte Patria, esperamos que ambas instituciones queden conformes con este gran evento, es lindo reconocer la importancia de este deporte folcl\u00f3rico, adem\u00e1s de aprovechar de conocer esta bella comuna\u201d.<\/strong><\/p>\n\n\n\n<p>Desde el equipo local, Jos\u00e9 Parra Ramos, representante de la asociaci\u00f3n de Rayuela de Monte Patria, coment\u00f3 con orgullo esta articulaci\u00f3n deportiva, pues da luces del trabajo que puede realizar como asociaci\u00f3n, <strong>\u201ces muy importante, porque nosotros llevamos muy poco tiempo en el mando, nos sirve mucho este compromiso nos ayuda a madurar, traer una instituci\u00f3n de lejos, recibirlos y coordinar partidos, vamos madurando como jugadores y nos ponemos la camiseta por la comuna. A nosotros nos quedan como tres semanas, terminado la competencia trataremos de ir a Vallenar para hacer el partido de vuelta, pediremos ayuda al municipio y bueno, nosotros siempre nos coordinamos con apoyos y ayudas, como lo hacemos cuando tenemos alg\u00fan socio enferme, aunque juntemos 100 mil pesos es algo, siempre colaborando\u201d.<\/strong><\/p>\n\n\n\n<p>Para el alcalde de la comuna de Monte Patria, apoyar deportes como la rayuela es apoyar al patrimonio rural de la comuna, la regi\u00f3n y el pa\u00eds, por lo que no hay que perder de vista las ayudas y colaboraciones que se pueden generar para dichos clubes, <strong>\u201chay una selecci\u00f3n que viene de Vallenar, a competir con 10 parejas mayores de 60 y 5 parejas menos de 60, es un momento entretenido, principalmente porque se hace deporte y tambi\u00e9n entretenci\u00f3n. Se mantiene una tradici\u00f3n chilena, la rayuela, este deporte involucra a toda la familia y es parte de nuestra ruralidad. Nosotros estamos apoyando a esta asociaci\u00f3n de rayuela, de hecho, vamos a tener un campeonato provincial en la comuna, para seguir potenciando esta actividad deportiva\u201d.<\/strong><\/p>\n\n\n\n<p>El resultado fue positivo para ambas comunas, Monte Patria reafirm\u00f3 su nivel deportivo alcanzando grandes logros; sin embargo, el logro mayor fue la uni\u00f3n entre dos comunas rurales que hoy ya se preparan para un encuentro de vuelta, esta vez en la bella comuna de Vallenar.<\/p>\n\n\n\n<p><\/p>\n","protected":false},"excerpt":{"rendered":"<p>La jornada incluyo rayuela y domin\u00f3, en ambas disciplinas, la comuna de los valles generosos se impuso por sobre la comuna atacame\u00f1a Fraternidad y compa\u00f1erismo, aquel fue el esp\u00edritu presente en el encuentro de Rayueleros entre las comunas de Vallenar y Monte Patria; el evento deportivo se realiz\u00f3 el pasado s\u00e1bado en la sede de &#8230;<\/p>\n","protected":false},"author":2,"featured_media":9797,"comment_status":"open","ping_status":"open","sticky":false,"template":"","format":"standard","meta":{"footnotes":""},"categories":[5],"tags":[],"class_list":["post-9796","post","type-post","status-publish","format-standard","has-post-thumbnail","hentry","category-actualidad-limarina"],"_links":{"self":[{"href":"https:\/\/www.radiolimari.cl\/index.php?rest_route=\/wp\/v2\/posts\/9796","targetHints":{"allow":["GET"]}}],"collection":[{"href":"https:\/\/www.radiolimari.cl\/index.php?rest_route=\/wp\/v2\/posts"}],"about":[{"href":"https:\/\/www.radiolimari.cl\/index.php?rest_route=\/wp\/v2\/types\/post"}],"author":[{"embeddable":true,"href":"https:\/\/www.radiolimari.cl\/index.php?rest_route=\/wp\/v2\/users\/2"}],"replies":[{"embeddable":true,"href":"https:\/\/www.radiolimari.cl\/index.php?rest_route=%2Fwp%2Fv2%2Fcomments&post=9796"}],"version-history":[{"count":1,"href":"https:\/\/www.radiolimari.cl\/index.php?rest_route=\/wp\/v2\/posts\/9796\/revisions"}],"predecessor-version":[{"id":9798,"href":"https:\/\/www.radiolimari.cl\/index.php?rest_route=\/wp\/v2\/posts\/9796\/revisions\/9798"}],"wp:featuredmedia":[{"embeddable":true,"href":"https:\/\/www.radiolimari.cl\/index.php?rest_route=\/wp\/v2\/media\/9797"}],"wp:attachment":[{"href":"https:\/\/www.radiolimari.cl\/index.php?rest_route=%2Fwp%2Fv2%2Fmedia&parent=9796"}],"wp:term":[{"taxonomy":"category","embeddable":true,"href":"https:\/\/www.radiolimari.cl\/index.php?rest_route=%2Fwp%2Fv2%2Fcategories&post=9796"},{"taxonomy":"post_tag","embeddable":true,"href":"https:\/\/www.radiolimari.cl\/index.php?rest_route=%2Fwp%2Fv2%2Ftags&post=9796"}],"curies":[{"name":"wp","href":"https:\/\/api.w.org\/{rel}","templated":true}]}}