{"id":9772,"date":"2023-07-21T22:23:50","date_gmt":"2023-07-21T22:23:50","guid":{"rendered":"https:\/\/www.radiolimari.cl\/?p=9772"},"modified":"2023-07-21T22:23:51","modified_gmt":"2023-07-21T22:23:51","slug":"siete-organizaciones-de-limari-concretaran-proyectos-gracias-al-fondo-de-fortalecimiento","status":"publish","type":"post","link":"https:\/\/www.radiolimari.cl\/?p=9772","title":{"rendered":"Siete organizaciones de Limar\u00ed concretar\u00e1n proyectos gracias al Fondo de Fortalecimiento"},"content":{"rendered":"\n<figure class=\"wp-block-image size-large\"><a href=\"https:\/\/www.radiolimari.cl\/wp-content\/uploads\/2023\/07\/WhatsApp-Image-2023-07-20-at-13.52.43-1.jpeg\"><img fetchpriority=\"high\" decoding=\"async\" width=\"1024\" height=\"682\" src=\"https:\/\/www.radiolimari.cl\/wp-content\/uploads\/2023\/07\/WhatsApp-Image-2023-07-20-at-13.52.43-1-1024x682.jpeg\" alt=\"\" class=\"wp-image-9773\" srcset=\"https:\/\/www.radiolimari.cl\/wp-content\/uploads\/2023\/07\/WhatsApp-Image-2023-07-20-at-13.52.43-1-1024x682.jpeg 1024w, https:\/\/www.radiolimari.cl\/wp-content\/uploads\/2023\/07\/WhatsApp-Image-2023-07-20-at-13.52.43-1-300x200.jpeg 300w, https:\/\/www.radiolimari.cl\/wp-content\/uploads\/2023\/07\/WhatsApp-Image-2023-07-20-at-13.52.43-1-768x512.jpeg 768w, https:\/\/www.radiolimari.cl\/wp-content\/uploads\/2023\/07\/WhatsApp-Image-2023-07-20-at-13.52.43-1-1536x1023.jpeg 1536w, https:\/\/www.radiolimari.cl\/wp-content\/uploads\/2023\/07\/WhatsApp-Image-2023-07-20-at-13.52.43-1.jpeg 1600w\" sizes=\"(max-width: 1024px) 100vw, 1024px\" \/><\/a><\/figure>\n\n\n\n<p><strong><em>Las agrupaciones de Punitaqui, Ovalle Monte Patria y Combarbal\u00e1 contar\u00e1n con casi 13 millones de pesos del Ministerio Secretar\u00eda General de Gobierno para desarrollar sus iniciativa<\/em><\/strong><\/p>\n\n\n\n<p>Siete proyectos se podr\u00e1n ejecutar, en la provincia de Limar\u00ed, gracias al apoyo del Fondo de Fortalecimiento de Organizaciones de Inter\u00e9s P\u00fablico del Ministerio Secretar\u00eda General de Gobierno. Estos recursos tienen por objetivo la promoci\u00f3n del inter\u00e9s general en materias de derechos ciudadanos, asistencia social, educaci\u00f3n, salud, voluntariado y cualquiera otra de bien com\u00fan.<\/p>\n\n\n\n<p>Durante la ceremonia de reconocimiento, a las agrupaciones que lograron adjudicarse los casi 13 millones de pesos, el Delegado Presidencial Provincial, Galo Luna Penna, destac\u00f3 el aporte de las organizaciones sociales al desarrollo de sus comunidades y les dese\u00f3 \u00e9xito en la ejecuci\u00f3n de sus iniciativas.<\/p>\n\n\n\n<p>Carla Rivera, integrante de la Agrupaci\u00f3n de Mujeres Luchando por un Sue\u00f1o de Monte Patria y ganadora de este fondo, valor\u00f3 el aporte de estos recursos para retomar los lazos entre quienes componen la organizaci\u00f3n, los que se vieron afectados por la pandemia. <strong>\u201cSin duda es un iniciativo para seguir trabajando. As\u00ed es, nos parece muy buena la iniciativa y agradecida de habernos ganado este proyecto porque va en pos y en ayuda del encuentro de mujeres a nivel comunal de Monte Patria, donde es muy necesario. As\u00ed que hemos logrado incentivar a las muchachas y trabajar con mejor \u00e1nimo para todo lo que se viene\u201d, indic\u00f3.<\/strong><\/p>\n\n\n\n<p>Por su parte, la Vocera Regional, Paulina Mora, indic\u00f3 que las actividades que desarrollar\u00e1n las mujeres montepatrinas, justamente, encarnan el esp\u00edritu que busca incentivar el Fondo de Fortalecimiento. <strong>\u201cComo Gobierno tenemos la convicci\u00f3n de que debemos aportar al desarrollo de nuestras organizaciones sociales y como hemos visto la pandemia, no solo afect\u00f3 a las personas, sino que tambi\u00e9n la participaci\u00f3n en las agrupaciones. Por eso, seguiremos trabajando para entregar herramientas y generar los espacios necesarios para que nuestra sociedad civil organizada pueda continuar con la labor que ha venido realizando y empoder\u00e1ndose cada vez m\u00e1s en su rol, para que juntos avancemos en los desaf\u00edos que nos hemos puesto como regi\u00f3n\u201d, puntualiz\u00f3.<\/strong><\/p>\n\n\n\n<p>Otra de las iniciativas que lograron financiamiento en Limar\u00ed corresponde al proyecto \u201cRescate y Conservaci\u00f3n de Semillas Tradicionales de Amolanas\u201d, que present\u00f3 la Corporaci\u00f3n de Desarrollo Social y Cultural de Amolana. Nivaldo Vega, presidente de la agrupaci\u00f3n indic\u00f3 que gracias a esta iniciativa los socios podr\u00e1n contar con su huerta sustentable.<\/p>\n\n\n\n<p><strong>\u201cAmolana es un sector muy apartado de la comuna, de la provincia, de la regi\u00f3n y queremos, con este proyecto, entregarle a los vecinos semillas. La idea es que mantengan las semillas que son naturales, no son h\u00edbridas, para que puedan los vecinos crear sus huertas, reforzando lo que aprendieron en el proyecto anterior que ense\u00f1\u00f3 a mantener cultivos caseros\u201d, explic\u00f3 Vega. &nbsp;&nbsp;<\/strong><\/p>\n\n\n\n<p><strong>APORTANDO AL DESARROLLO DE LOS DIRIGENTES. <\/strong>En la jornada, realizada en la Delegaci\u00f3n Presidencial de Limar\u00ed se reunieron m\u00e1s de 70 l\u00edderes sociales de toda la provincia para participar de la Escuela de Formaci\u00f3n Social, realizada por la Divisi\u00f3n de Organizaciones Sociales (DOS), para abordar la <strong>\u201cConstituci\u00f3n, renovaci\u00f3n y funcionamiento de las organizaciones comunitarias\u201d<\/strong> al alero de la ley 19.418.<\/p>\n\n\n\n<p>Una de las asistentes, Petronila Rojas del Club de Adulto Mayor Caminos de la Vida valor\u00f3 lo aprendido en la jornada como algo \u00fatil para replicarlo con sus vecinos. \u201cHay muchos dirigentes nuevos que no saben y a m\u00ed me encanta transmitirle a mis pobladores todas las cosas que aprendo ac\u00e1, en estos talleres. Muy interesante, bien dicho, bien organizado, y muy importante las leyes para poder d\u00e1rselas a conocer a mis pobladores\u201d, explic\u00f3.<\/p>\n\n\n\n<p>Este encuentro tiene como objetivo convertirse en un espacio de aprendizaje y formaci\u00f3n para dirigentas y dirigentes sociales, entreg\u00e1ndoles herramientas, que les permitir\u00e1n difundir en su territorio o aplicar en su gesti\u00f3n los conocimientos adquiridos, contribuyendo as\u00ed al desarrollo de sus territorios. Las Escuelas de Formaci\u00f3n Social de la DOS son parte de las actividades que desarrolla la Seremi de Gobierno para apoyar el desarrollo de las organizaciones de la sociedad civil.<\/p>\n","protected":false},"excerpt":{"rendered":"<p>Las agrupaciones de Punitaqui, Ovalle Monte Patria y Combarbal\u00e1 contar\u00e1n con casi 13 millones de pesos del Ministerio Secretar\u00eda General de Gobierno para desarrollar sus iniciativa Siete proyectos se podr\u00e1n ejecutar, en la provincia de Limar\u00ed, gracias al apoyo del Fondo de Fortalecimiento de Organizaciones de Inter\u00e9s P\u00fablico del Ministerio Secretar\u00eda General de Gobierno. Estos &#8230;<\/p>\n","protected":false},"author":2,"featured_media":9773,"comment_status":"open","ping_status":"open","sticky":false,"template":"","format":"standard","meta":{"footnotes":""},"categories":[3],"tags":[],"class_list":["post-9772","post","type-post","status-publish","format-standard","has-post-thumbnail","hentry","category-actualidad"],"_links":{"self":[{"href":"https:\/\/www.radiolimari.cl\/index.php?rest_route=\/wp\/v2\/posts\/9772","targetHints":{"allow":["GET"]}}],"collection":[{"href":"https:\/\/www.radiolimari.cl\/index.php?rest_route=\/wp\/v2\/posts"}],"about":[{"href":"https:\/\/www.radiolimari.cl\/index.php?rest_route=\/wp\/v2\/types\/post"}],"author":[{"embeddable":true,"href":"https:\/\/www.radiolimari.cl\/index.php?rest_route=\/wp\/v2\/users\/2"}],"replies":[{"embeddable":true,"href":"https:\/\/www.radiolimari.cl\/index.php?rest_route=%2Fwp%2Fv2%2Fcomments&post=9772"}],"version-history":[{"count":1,"href":"https:\/\/www.radiolimari.cl\/index.php?rest_route=\/wp\/v2\/posts\/9772\/revisions"}],"predecessor-version":[{"id":9774,"href":"https:\/\/www.radiolimari.cl\/index.php?rest_route=\/wp\/v2\/posts\/9772\/revisions\/9774"}],"wp:featuredmedia":[{"embeddable":true,"href":"https:\/\/www.radiolimari.cl\/index.php?rest_route=\/wp\/v2\/media\/9773"}],"wp:attachment":[{"href":"https:\/\/www.radiolimari.cl\/index.php?rest_route=%2Fwp%2Fv2%2Fmedia&parent=9772"}],"wp:term":[{"taxonomy":"category","embeddable":true,"href":"https:\/\/www.radiolimari.cl\/index.php?rest_route=%2Fwp%2Fv2%2Fcategories&post=9772"},{"taxonomy":"post_tag","embeddable":true,"href":"https:\/\/www.radiolimari.cl\/index.php?rest_route=%2Fwp%2Fv2%2Ftags&post=9772"}],"curies":[{"name":"wp","href":"https:\/\/api.w.org\/{rel}","templated":true}]}}