{"id":9769,"date":"2023-07-20T23:42:12","date_gmt":"2023-07-20T23:42:12","guid":{"rendered":"https:\/\/www.radiolimari.cl\/?p=9769"},"modified":"2023-07-20T23:42:13","modified_gmt":"2023-07-20T23:42:13","slug":"delegacion-presidencial-regional-de-coquimbo-declara-duelo-regional-tras-muerte-de-jose-sulantay","status":"publish","type":"post","link":"https:\/\/www.radiolimari.cl\/?p=9769","title":{"rendered":"Delegaci\u00f3n Presidencial Regional de Coquimbo declara Duelo Regional tras muerte de Jos\u00e9 Sulantay"},"content":{"rendered":"\n<figure class=\"wp-block-image size-full\"><a href=\"https:\/\/www.radiolimari.cl\/wp-content\/uploads\/2023\/07\/LUQATTR6ZFH4VBL4BCBFKYQLXE.jpg\"><img fetchpriority=\"high\" decoding=\"async\" width=\"900\" height=\"600\" src=\"https:\/\/www.radiolimari.cl\/wp-content\/uploads\/2023\/07\/LUQATTR6ZFH4VBL4BCBFKYQLXE.jpg\" alt=\"\" class=\"wp-image-9770\" srcset=\"https:\/\/www.radiolimari.cl\/wp-content\/uploads\/2023\/07\/LUQATTR6ZFH4VBL4BCBFKYQLXE.jpg 900w, https:\/\/www.radiolimari.cl\/wp-content\/uploads\/2023\/07\/LUQATTR6ZFH4VBL4BCBFKYQLXE-300x200.jpg 300w, https:\/\/www.radiolimari.cl\/wp-content\/uploads\/2023\/07\/LUQATTR6ZFH4VBL4BCBFKYQLXE-768x512.jpg 768w\" sizes=\"(max-width: 900px) 100vw, 900px\" \/><\/a><\/figure>\n\n\n\n<p>Como Gobierno lamentamos el fallecimiento del destacado jugador y director t\u00e9cnico, Jos\u00e9 Manuel Sulantay Silva.<\/p>\n\n\n\n<p>Por este motivo, la Delegaci\u00f3n Presidencial Regional de Coquimbo decidi\u00f3 decretar Duelo Regional por <strong>dos d\u00edas<\/strong>. Esta determinaci\u00f3n implica que los servicios p\u00fablicos deber\u00e1n mantener sus banderas a media asta en las 15 comunas de nuestra regi\u00f3n.<\/p>\n\n\n\n<p>El Gabinete Regional, liderado por el Delegado Presidencial Regional, Rub\u00e9n Quezada, reconoce y valoriza la figura de don Jos\u00e9 Sulantay, quien contribuy\u00f3 al desarrollo del deporte, tanto en la comuna de Coquimbo como a nivel nacional. Adem\u00e1s, destaca su importante labor como Consejero Regional de la Provincia de Elqui.<\/p>\n\n\n\n<p>Con sincera solidaridad y afecto, la Delegaci\u00f3n Presidencial Regional de Coquimbo se suma a los saludos y env\u00eda sus m\u00e1s profundas condolencias a la familia y a sus seres queridos.<\/p>\n","protected":false},"excerpt":{"rendered":"<p>Como Gobierno lamentamos el fallecimiento del destacado jugador y director t\u00e9cnico, Jos\u00e9 Manuel Sulantay Silva. Por este motivo, la Delegaci\u00f3n Presidencial Regional de Coquimbo decidi\u00f3 decretar Duelo Regional por dos d\u00edas. Esta determinaci\u00f3n implica que los servicios p\u00fablicos deber\u00e1n mantener sus banderas a media asta en las 15 comunas de nuestra regi\u00f3n. El Gabinete Regional, &#8230;<\/p>\n","protected":false},"author":2,"featured_media":9770,"comment_status":"open","ping_status":"open","sticky":false,"template":"","format":"standard","meta":{"footnotes":""},"categories":[6],"tags":[],"class_list":["post-9769","post","type-post","status-publish","format-standard","has-post-thumbnail","hentry","category-regionales"],"_links":{"self":[{"href":"https:\/\/www.radiolimari.cl\/index.php?rest_route=\/wp\/v2\/posts\/9769","targetHints":{"allow":["GET"]}}],"collection":[{"href":"https:\/\/www.radiolimari.cl\/index.php?rest_route=\/wp\/v2\/posts"}],"about":[{"href":"https:\/\/www.radiolimari.cl\/index.php?rest_route=\/wp\/v2\/types\/post"}],"author":[{"embeddable":true,"href":"https:\/\/www.radiolimari.cl\/index.php?rest_route=\/wp\/v2\/users\/2"}],"replies":[{"embeddable":true,"href":"https:\/\/www.radiolimari.cl\/index.php?rest_route=%2Fwp%2Fv2%2Fcomments&post=9769"}],"version-history":[{"count":1,"href":"https:\/\/www.radiolimari.cl\/index.php?rest_route=\/wp\/v2\/posts\/9769\/revisions"}],"predecessor-version":[{"id":9771,"href":"https:\/\/www.radiolimari.cl\/index.php?rest_route=\/wp\/v2\/posts\/9769\/revisions\/9771"}],"wp:featuredmedia":[{"embeddable":true,"href":"https:\/\/www.radiolimari.cl\/index.php?rest_route=\/wp\/v2\/media\/9770"}],"wp:attachment":[{"href":"https:\/\/www.radiolimari.cl\/index.php?rest_route=%2Fwp%2Fv2%2Fmedia&parent=9769"}],"wp:term":[{"taxonomy":"category","embeddable":true,"href":"https:\/\/www.radiolimari.cl\/index.php?rest_route=%2Fwp%2Fv2%2Fcategories&post=9769"},{"taxonomy":"post_tag","embeddable":true,"href":"https:\/\/www.radiolimari.cl\/index.php?rest_route=%2Fwp%2Fv2%2Ftags&post=9769"}],"curies":[{"name":"wp","href":"https:\/\/api.w.org\/{rel}","templated":true}]}}