{"id":9763,"date":"2023-07-20T22:48:04","date_gmt":"2023-07-20T22:48:04","guid":{"rendered":"https:\/\/www.radiolimari.cl\/?p=9763"},"modified":"2023-07-20T22:48:05","modified_gmt":"2023-07-20T22:48:05","slug":"regantes-y-alcalde-de-combarbala-acuden-al-core-para-analizar-y-repotenciar-proyecto-de-embalse-murallas-viejas","status":"publish","type":"post","link":"https:\/\/www.radiolimari.cl\/?p=9763","title":{"rendered":"Regantes y alcalde de Combarbal\u00e1 acuden al CORE para analizar y repotenciar proyecto de embalse Murallas Viejas"},"content":{"rendered":"\n<figure class=\"wp-block-image size-large is-resized\"><a href=\"https:\/\/www.radiolimari.cl\/wp-content\/uploads\/2023\/07\/3.jpeg\"><img fetchpriority=\"high\" decoding=\"async\" src=\"https:\/\/www.radiolimari.cl\/wp-content\/uploads\/2023\/07\/3-1024x768.jpeg\" alt=\"\" class=\"wp-image-9764\" width=\"410\" height=\"307\" srcset=\"https:\/\/www.radiolimari.cl\/wp-content\/uploads\/2023\/07\/3-1024x768.jpeg 1024w, https:\/\/www.radiolimari.cl\/wp-content\/uploads\/2023\/07\/3-300x225.jpeg 300w, https:\/\/www.radiolimari.cl\/wp-content\/uploads\/2023\/07\/3-768x576.jpeg 768w, https:\/\/www.radiolimari.cl\/wp-content\/uploads\/2023\/07\/3.jpeg 1280w\" sizes=\"(max-width: 410px) 100vw, 410px\" \/><\/a><\/figure>\n\n\n\n<p>La iniciativa estar\u00eda en proceso de reformulaci\u00f3n por parte del MOP tras el levantamiento de nuevos antecedentes t\u00e9cnicos, econ\u00f3micos y jur\u00eddicos, adem\u00e1s de las nuevas condiciones de cambio clim\u00e1tico. Representantes de los regantes discrepan de estos resultados y solicitan apoyo del cuerpo colegiado para insistir en la construcci\u00f3n de esta obra de riego para Limar\u00ed.<\/p>\n\n\n\n<p>Con el fin de analizar la situaci\u00f3n del proyecto Embalse Murallas Viejas, de Combarbal\u00e1, participaron de la bicomisi\u00f3n especial de Ordenamiento Territorial y Aguas y Recursos H\u00eddricos representantes de la Junta de Vigilancia del R\u00edo Combarbal\u00e1 y el alcalde Pedro Castillo. El objetivo es reactivar la construcci\u00f3n de esta obra de acumulaci\u00f3n, proyectada para 50 millones de metros c\u00fabicos, con una inversi\u00f3n de $130 millones de d\u00f3lares.<\/p>\n\n\n\n<p>Como antecedente, en mayo de 2022 la Direcci\u00f3n de Obras Hidr\u00e1ulicas (DOH), en comisi\u00f3n de Ordenamiento Territorial, inform\u00f3 que el proyecto est\u00e1 en proceso de actualizaci\u00f3n de los estudios de impactos econ\u00f3micos, mientras se trabaja en la creaci\u00f3n de una nueva ficha IDI de dise\u00f1o, para luego gestionar el financiamiento y llevar adelante las licitaciones de los estudios complementarios, proyect\u00e1ndose su licitaci\u00f3n a fines de 2022.<\/p>\n\n\n\n<p>Al inicio de la comisi\u00f3n, el alcalde Pedro Castillo detall\u00f3 que \u201cnuestros dirigentes tuvieron la posibilidad de presentar con detalle a distintas comisiones del Consejo Regional la situaci\u00f3n actual de la construcci\u00f3n del embalse, y la necesidad de subsanar varias observaciones que aparecieron desde el estudio que se realiz\u00f3 desde la DOH a nivel nacional, y que est\u00e1 entregando rentabilidad por debajo del umbral que permite su construcci\u00f3n\u201d, detall\u00f3 el alcalde Pedro Castillo al inicio del encuentro.<\/p>\n\n\n\n<p>Por su parte, el director de la Junta de Vigilancia del r\u00edo Combarbal\u00e1, Sebasti\u00e1n Alliende, puntualiz\u00f3 que, como organizaci\u00f3n han hecho llegar sus objeciones a los estudios, pues \u201ccreemos que no fueron bien hechos, pues tienen errores importantes y entregaron conclusiones que no son correctas\u201d, sin embargo, a\u00fan no tienen respuestas.<\/p>\n\n\n\n<p>\u201cLa conclusi\u00f3n es que el proyecto Murallas Viejas est\u00e1 enterrado. No tenemos ninguna factibilidad de que contin\u00fae y necesitamos que se vuelva a estudiar este proyecto de gran importancia para la seguridad agr\u00edcola, como para el agua de consumo humano\u201d, agreg\u00f3 Alliende.<\/p>\n\n\n\n<p><strong>An\u00e1lisis en comisi\u00f3n<\/strong><\/p>\n\n\n\n<p>Durante el an\u00e1lisis, el presidente de Aguas y Recursos H\u00eddricos, consejero Cristi\u00e1n Rondanelli, destac\u00f3 la importancia de contar con obras de gran envergadura, como son los embalses. Ejemplific\u00f3 detallando que, seg\u00fan informaci\u00f3n de la Sociedad Agr\u00edcola del Norte, en la Regi\u00f3n de Coquimbo dependen de la agricultura 140 mil personas, directa o indirectamente, mientras que la Junta de Vigilancia de R\u00edo Combarbal\u00e1 se\u00f1ala que no tiene seguridad para invertir en recuperar campos que antes eran productivos.<\/p>\n\n\n\n<p>Para el consejero \u201cm\u00e1s all\u00e1 de la situaci\u00f3n puntual con este embalse, esto refleja una problem\u00e1tica que se vive en gran parte de la zona rural de la regi\u00f3n, principalmente las \u00e1reas ubicadas sobre embalse, es decir, de las obras ya construidas hasta el d\u00eda de hoy. Ah\u00ed tenemos una falencia y necesitamos buscar que se pueda agilizar para dar mayor seguridad h\u00eddrica a toda la regi\u00f3n, entendiendo que los embalses juegan un rol fundamental, m\u00e1s a\u00fan cuando debido al cambio clim\u00e1tico tenemos lluvias en menos margen de tiempo pero de mayor intensidad, lo que muchas veces terminan en desastres naturales\u201d.<\/p>\n\n\n\n<p>Por su parte, el presidente de Ordenamiento Territorial, Planificaci\u00f3n e Infraestructura, Wladimir Pleticosic, reiter\u00f3 que la DOH est\u00e1 realizando nuevos estudios y, por lo mismo, \u201cestamos tratando de hacer un frente com\u00fan con todas las autoridades para poder reflotar este proyecto y que tenga las factibilidades necesarias. Creemos que este es el camino, que la construcci\u00f3n de los embalses en la Regi\u00f3n de Coquimbo va a permitir generar un salto cualitativo hacia las mejoras sustanciales de oportunidades para distintos sectores productivos, especialmente la agricultura\u201d.<\/p>\n\n\n\n<p>Ambos consejeros suman a este proyecto, iniciativas como un embalse de cabecera en la cuenca del Choapa, adem\u00e1s de los embalses de Canelillo y La Tranca. El pr\u00f3ximo paso de los regantes y el alcalde es reunirse con la comisi\u00f3n de Recurso h\u00eddrico de la C\u00e1mara de Diputados, instancia a la que se convoc\u00f3 a los consejeros regionales.<\/p>\n","protected":false},"excerpt":{"rendered":"<p>La iniciativa estar\u00eda en proceso de reformulaci\u00f3n por parte del MOP tras el levantamiento de nuevos antecedentes t\u00e9cnicos, econ\u00f3micos y jur\u00eddicos, adem\u00e1s de las nuevas condiciones de cambio clim\u00e1tico. Representantes de los regantes discrepan de estos resultados y solicitan apoyo del cuerpo colegiado para insistir en la construcci\u00f3n de esta obra de riego para Limar\u00ed. &#8230;<\/p>\n","protected":false},"author":2,"featured_media":9764,"comment_status":"open","ping_status":"open","sticky":false,"template":"","format":"standard","meta":{"footnotes":""},"categories":[6],"tags":[],"class_list":["post-9763","post","type-post","status-publish","format-standard","has-post-thumbnail","hentry","category-regionales"],"_links":{"self":[{"href":"https:\/\/www.radiolimari.cl\/index.php?rest_route=\/wp\/v2\/posts\/9763","targetHints":{"allow":["GET"]}}],"collection":[{"href":"https:\/\/www.radiolimari.cl\/index.php?rest_route=\/wp\/v2\/posts"}],"about":[{"href":"https:\/\/www.radiolimari.cl\/index.php?rest_route=\/wp\/v2\/types\/post"}],"author":[{"embeddable":true,"href":"https:\/\/www.radiolimari.cl\/index.php?rest_route=\/wp\/v2\/users\/2"}],"replies":[{"embeddable":true,"href":"https:\/\/www.radiolimari.cl\/index.php?rest_route=%2Fwp%2Fv2%2Fcomments&post=9763"}],"version-history":[{"count":1,"href":"https:\/\/www.radiolimari.cl\/index.php?rest_route=\/wp\/v2\/posts\/9763\/revisions"}],"predecessor-version":[{"id":9765,"href":"https:\/\/www.radiolimari.cl\/index.php?rest_route=\/wp\/v2\/posts\/9763\/revisions\/9765"}],"wp:featuredmedia":[{"embeddable":true,"href":"https:\/\/www.radiolimari.cl\/index.php?rest_route=\/wp\/v2\/media\/9764"}],"wp:attachment":[{"href":"https:\/\/www.radiolimari.cl\/index.php?rest_route=%2Fwp%2Fv2%2Fmedia&parent=9763"}],"wp:term":[{"taxonomy":"category","embeddable":true,"href":"https:\/\/www.radiolimari.cl\/index.php?rest_route=%2Fwp%2Fv2%2Fcategories&post=9763"},{"taxonomy":"post_tag","embeddable":true,"href":"https:\/\/www.radiolimari.cl\/index.php?rest_route=%2Fwp%2Fv2%2Ftags&post=9763"}],"curies":[{"name":"wp","href":"https:\/\/api.w.org\/{rel}","templated":true}]}}