{"id":9757,"date":"2023-07-20T19:05:59","date_gmt":"2023-07-20T19:05:59","guid":{"rendered":"https:\/\/www.radiolimari.cl\/?p=9757"},"modified":"2023-07-20T19:06:00","modified_gmt":"2023-07-20T19:06:00","slug":"municipio-elimino-puntos-de-basura-historica-en-el-sector-costanera-de-ovalle","status":"publish","type":"post","link":"https:\/\/www.radiolimari.cl\/?p=9757","title":{"rendered":"Municipio elimin\u00f3 puntos de basura hist\u00f3rica en el sector Costanera de Ovalle"},"content":{"rendered":"\n<figure class=\"wp-block-image size-large is-resized\"><a href=\"https:\/\/www.radiolimari.cl\/wp-content\/uploads\/2023\/07\/Retiro-de-contenedor.jpg\"><img fetchpriority=\"high\" decoding=\"async\" src=\"https:\/\/www.radiolimari.cl\/wp-content\/uploads\/2023\/07\/Retiro-de-contenedor-1024x683.jpg\" alt=\"\" class=\"wp-image-9758\" width=\"396\" height=\"264\" srcset=\"https:\/\/www.radiolimari.cl\/wp-content\/uploads\/2023\/07\/Retiro-de-contenedor-1024x683.jpg 1024w, https:\/\/www.radiolimari.cl\/wp-content\/uploads\/2023\/07\/Retiro-de-contenedor-300x200.jpg 300w, https:\/\/www.radiolimari.cl\/wp-content\/uploads\/2023\/07\/Retiro-de-contenedor-768x512.jpg 768w, https:\/\/www.radiolimari.cl\/wp-content\/uploads\/2023\/07\/Retiro-de-contenedor-1536x1024.jpg 1536w, https:\/\/www.radiolimari.cl\/wp-content\/uploads\/2023\/07\/Retiro-de-contenedor.jpg 1920w\" sizes=\"(max-width: 396px) 100vw, 396px\" \/><\/a><\/figure>\n\n\n\n<p><strong><em>El municipio de Ovalle, a trav\u00e9s del departamento de Medio Ambiente, Aseo y Ornato, retir\u00f3 los contenedores de basura hist\u00f3rica que estaban fijos en Avenida Costanera, para que las familias ovallinas puedan deshacerse de materiales en desuso, artefactos el\u00e9ctricos en mal estado y en general art\u00edculos que se acumulan en el patio de los hogares.<\/em><\/strong><\/p>\n\n\n\n<p>Serios problemas se han generado a ra\u00edz de la instalaci\u00f3n de contenedores de basura hist\u00f3rica en Avenida Circunvalaci\u00f3n. Esto, producto que existen personas que ingresan a los dep\u00f3sitos y retiran lo acumulado para venderlo como \u201cchatarra\u201d y conseguir algunos recursos. A esto se suma, que inescrupulosos dejan basura domiciliaria, lo que genera focos de insalubridad y malos olores.<\/p>\n\n\n\n<p>Pero, sin duda, el problema m\u00e1s grave est\u00e1 relacionado con la presencia de personas en situaci\u00f3n de calle que se han \u201capoderado\u201d de este lugar y han amenazado, tanto a quienes dejan su \u201cbasura hist\u00f3rica\u201d, como a los trabajadores encargados de vaciar estos contenedores, para dejarlos nuevamente disponibles. Algunos vecinos del sector, como de otras zonas de Ovalle han manifestado su malestar, puesto que las personas que viven en \u201crucos\u201d en las cercan\u00edas de los contenedores han exigido pagos por optar por este servicio, a pesar que se trata de una alternativa gratuita dispuesta por el municipio local.<\/p>\n\n\n\n<p>En este sentido, la presidenta de la junta de vecinos Las Palmas de Potrerillos Bajo, Miriam Alfaro indic\u00f3 que los contenedores \u201cson muy necesarios porque muchas personas vienen a dejar su basura ac\u00e1, pero igual entendemos que este lugar se ha convertido en un peligro para la comunidad. Adem\u00e1s, estas personas forman un desorden, sacan materiales y los acumulan en un sector y eso es muy complicado\u201d. Esto, se confirm\u00f3 en la ma\u00f1ana de este jueves 20 de julio, donde hubo un incendio de materiales, algunos peligrosos, que alertaron a transe\u00fantes y automovilistas que circulaban por el sector Costanera y movilizaron al Cuerpo de Bomberos de Ovalle, quienes tuvieron que actuar para que las llamas no se propagaran.<\/p>\n\n\n\n<p>Este tipo de hechos obligaron al municipio a tomar medidas dr\u00e1sticas. \u201cDecidimos retirar de manera definitiva estos contenedores y los distribuiremos por diversos puntos de la ciudad, con el fin que todas las familias del sector urbano y rural tengan la opci\u00f3n de acceder al beneficio gratuito de la recolecci\u00f3n de basura hist\u00f3rica. Lamentablemente, este punto se torn\u00f3 insostenible producto del actuar de la personas que viven en el entorno, que tienen amenazado al personal de aseo y exigen cobros a los usuarios que quieren usar estos contenedores\u201d sostuvo el jefe del departamento de Medio Ambiente, Aseo y Ornato del municipio de Ovalle, Marcelo Tabilo. Asimismo, el alcalde de Ovalle, Jonathan Acu\u00f1a Rojas se\u00f1al\u00f3 que el sector Costanera \u201cnace como una de las alternativas m\u00e1s viables para poder ir mejorando los altos niveles de contaminaci\u00f3n y basura existente en el lugar, sin embargo con el tiempo se convirtieron en puntos de delincuencia que han proliferado. Creo que de esta manera vamos a ir despejando el lugar de la basura, de la delincuencia y a la vez, le entregaremos mayor seguridad a las personas que practican deporte en el lugar y le daremos mayor tranquilidad a los vecinos de Ovalle\u201d.<\/p>\n","protected":false},"excerpt":{"rendered":"<p>El municipio de Ovalle, a trav\u00e9s del departamento de Medio Ambiente, Aseo y Ornato, retir\u00f3 los contenedores de basura hist\u00f3rica que estaban fijos en Avenida Costanera, para que las familias ovallinas puedan deshacerse de materiales en desuso, artefactos el\u00e9ctricos en mal estado y en general art\u00edculos que se acumulan en el patio de los hogares. &#8230;<\/p>\n","protected":false},"author":2,"featured_media":9758,"comment_status":"open","ping_status":"open","sticky":false,"template":"","format":"standard","meta":{"footnotes":""},"categories":[5],"tags":[],"class_list":["post-9757","post","type-post","status-publish","format-standard","has-post-thumbnail","hentry","category-actualidad-limarina"],"_links":{"self":[{"href":"https:\/\/www.radiolimari.cl\/index.php?rest_route=\/wp\/v2\/posts\/9757","targetHints":{"allow":["GET"]}}],"collection":[{"href":"https:\/\/www.radiolimari.cl\/index.php?rest_route=\/wp\/v2\/posts"}],"about":[{"href":"https:\/\/www.radiolimari.cl\/index.php?rest_route=\/wp\/v2\/types\/post"}],"author":[{"embeddable":true,"href":"https:\/\/www.radiolimari.cl\/index.php?rest_route=\/wp\/v2\/users\/2"}],"replies":[{"embeddable":true,"href":"https:\/\/www.radiolimari.cl\/index.php?rest_route=%2Fwp%2Fv2%2Fcomments&post=9757"}],"version-history":[{"count":1,"href":"https:\/\/www.radiolimari.cl\/index.php?rest_route=\/wp\/v2\/posts\/9757\/revisions"}],"predecessor-version":[{"id":9759,"href":"https:\/\/www.radiolimari.cl\/index.php?rest_route=\/wp\/v2\/posts\/9757\/revisions\/9759"}],"wp:featuredmedia":[{"embeddable":true,"href":"https:\/\/www.radiolimari.cl\/index.php?rest_route=\/wp\/v2\/media\/9758"}],"wp:attachment":[{"href":"https:\/\/www.radiolimari.cl\/index.php?rest_route=%2Fwp%2Fv2%2Fmedia&parent=9757"}],"wp:term":[{"taxonomy":"category","embeddable":true,"href":"https:\/\/www.radiolimari.cl\/index.php?rest_route=%2Fwp%2Fv2%2Fcategories&post=9757"},{"taxonomy":"post_tag","embeddable":true,"href":"https:\/\/www.radiolimari.cl\/index.php?rest_route=%2Fwp%2Fv2%2Ftags&post=9757"}],"curies":[{"name":"wp","href":"https:\/\/api.w.org\/{rel}","templated":true}]}}