{"id":9751,"date":"2023-07-19T21:06:45","date_gmt":"2023-07-19T21:06:45","guid":{"rendered":"https:\/\/www.radiolimari.cl\/?p=9751"},"modified":"2023-07-19T21:06:46","modified_gmt":"2023-07-19T21:06:46","slug":"en-ovalle-seremi-de-agricultura-se-reune-con-apicultores-en-la-mesa-provincial-apicola-de-limari","status":"publish","type":"post","link":"https:\/\/www.radiolimari.cl\/?p=9751","title":{"rendered":"En Ovalle Seremi de Agricultura se re\u00fane con apicultores en la Mesa Provincial Ap\u00edcola de Limar\u00ed"},"content":{"rendered":"\n<figure class=\"wp-block-image size-full\"><a href=\"https:\/\/www.radiolimari.cl\/wp-content\/uploads\/2023\/07\/mesa-limari.jpg\"><img fetchpriority=\"high\" decoding=\"async\" width=\"878\" height=\"460\" src=\"https:\/\/www.radiolimari.cl\/wp-content\/uploads\/2023\/07\/mesa-limari.jpg\" alt=\"\" class=\"wp-image-9752\" srcset=\"https:\/\/www.radiolimari.cl\/wp-content\/uploads\/2023\/07\/mesa-limari.jpg 878w, https:\/\/www.radiolimari.cl\/wp-content\/uploads\/2023\/07\/mesa-limari-300x157.jpg 300w, https:\/\/www.radiolimari.cl\/wp-content\/uploads\/2023\/07\/mesa-limari-768x402.jpg 768w\" sizes=\"(max-width: 878px) 100vw, 878px\" \/><\/a><\/figure>\n\n\n\n<p>Un encuentro que se enmarca en la Mesa Provincial Ap\u00edcola de Limar\u00ed, que reuni\u00f3 en su primera sesi\u00f3n a productores y productoras de las comunas de Combarbal\u00e1, Ovalle y Monte Patria.<\/p>\n\n\n\n<p>En la l\u00ednea de seguir avanzando en el levantamiento de instrumentos que permitan potenciar el desarrollo ap\u00edcola en la regi\u00f3n y dar respuesta a las principales necesidades del sector, el Seremi de Agricultura Christian \u00c1lvarez se reuni\u00f3 con apicultores de la Provincia de Limar\u00ed.<\/p>\n\n\n\n<p><\/p>\n\n\n\n<p>Entre los temas abordados, se plante\u00f3 por parte de los apicultores levantar un proyecto de desarrollo sustentable que les permita asegurar insumos de alimentaci\u00f3n y sanidad ap\u00edcola, para proteger y fortalecer a las colmenas. Adem\u00e1s de recibir una mayor asesor\u00eda en l\u00edneas de comercializaci\u00f3n de sus productos.<\/p>\n\n\n\n<p>Karen L\u00f3pez, presidenta de la agrupaci\u00f3n de apicultores de Monte Patria, respecto a esta primera mesa provincial se\u00f1al\u00f3 que, \u201cpudimos dar a conocer nuestras expectativas, nuestras peticiones que tenemos como rubro ap\u00edcola. El Seremi estuvo dispuesto a escuchar y a asumir algunos compromisos\u201d.<\/p>\n\n\n\n<p>La dirigente que adem\u00e1s forma parte de la Mesa Regional de Apicultores sostuvo que, \u201ccomo rubro buscamos que se pueda replicar el modelo del plan caprino en nuestro sector, vemos que es una alternativa viable. Adem\u00e1s, buscamos un mayor apoyo en temas de comercializaci\u00f3n de nuestros productos y tambi\u00e9n avanzar hacia un trabajo m\u00e1s asociativo\u201d.<\/p>\n\n\n\n<p>Por su parte el Seremi de Agricultura, Christian \u00c1lvarez, se\u00f1al\u00f3 que \u201cseguimos avanzando con la realizaci\u00f3n de estas mesas provinciales que nos han permitido tener una radiograf\u00eda m\u00e1s detallada de las demandas y necesidades de cada provincia. Hemos escuchado a apicultores de Choapa, Elqui y ahora Limar\u00ed, y hemos evidenciado que sus petitorios tienen factores en com\u00fan, como avanzar hacia un desarrollo m\u00e1s sustentable de su actividad productiva, asegurando acciones orientadas a la sanidad y alimentaci\u00f3n ap\u00edcola. Adem\u00e1s de fortalecer las redes de comercializaci\u00f3n de sus productos\u201d.<\/p>\n","protected":false},"excerpt":{"rendered":"<p>Un encuentro que se enmarca en la Mesa Provincial Ap\u00edcola de Limar\u00ed, que reuni\u00f3 en su primera sesi\u00f3n a productores y productoras de las comunas de Combarbal\u00e1, Ovalle y Monte Patria. En la l\u00ednea de seguir avanzando en el levantamiento de instrumentos que permitan potenciar el desarrollo ap\u00edcola en la regi\u00f3n y dar respuesta a &#8230;<\/p>\n","protected":false},"author":2,"featured_media":9752,"comment_status":"open","ping_status":"open","sticky":false,"template":"","format":"standard","meta":{"footnotes":""},"categories":[5],"tags":[],"class_list":["post-9751","post","type-post","status-publish","format-standard","has-post-thumbnail","hentry","category-actualidad-limarina"],"_links":{"self":[{"href":"https:\/\/www.radiolimari.cl\/index.php?rest_route=\/wp\/v2\/posts\/9751","targetHints":{"allow":["GET"]}}],"collection":[{"href":"https:\/\/www.radiolimari.cl\/index.php?rest_route=\/wp\/v2\/posts"}],"about":[{"href":"https:\/\/www.radiolimari.cl\/index.php?rest_route=\/wp\/v2\/types\/post"}],"author":[{"embeddable":true,"href":"https:\/\/www.radiolimari.cl\/index.php?rest_route=\/wp\/v2\/users\/2"}],"replies":[{"embeddable":true,"href":"https:\/\/www.radiolimari.cl\/index.php?rest_route=%2Fwp%2Fv2%2Fcomments&post=9751"}],"version-history":[{"count":1,"href":"https:\/\/www.radiolimari.cl\/index.php?rest_route=\/wp\/v2\/posts\/9751\/revisions"}],"predecessor-version":[{"id":9753,"href":"https:\/\/www.radiolimari.cl\/index.php?rest_route=\/wp\/v2\/posts\/9751\/revisions\/9753"}],"wp:featuredmedia":[{"embeddable":true,"href":"https:\/\/www.radiolimari.cl\/index.php?rest_route=\/wp\/v2\/media\/9752"}],"wp:attachment":[{"href":"https:\/\/www.radiolimari.cl\/index.php?rest_route=%2Fwp%2Fv2%2Fmedia&parent=9751"}],"wp:term":[{"taxonomy":"category","embeddable":true,"href":"https:\/\/www.radiolimari.cl\/index.php?rest_route=%2Fwp%2Fv2%2Fcategories&post=9751"},{"taxonomy":"post_tag","embeddable":true,"href":"https:\/\/www.radiolimari.cl\/index.php?rest_route=%2Fwp%2Fv2%2Ftags&post=9751"}],"curies":[{"name":"wp","href":"https:\/\/api.w.org\/{rel}","templated":true}]}}