{"id":9745,"date":"2023-07-17T15:04:10","date_gmt":"2023-07-17T15:04:10","guid":{"rendered":"https:\/\/www.radiolimari.cl\/?p=9745"},"modified":"2023-07-17T15:04:10","modified_gmt":"2023-07-17T15:04:10","slug":"gobierno-suma-voluntades-a-favor-de-desaladoras-para-la-region-de-coquimbo","status":"publish","type":"post","link":"https:\/\/www.radiolimari.cl\/?p=9745","title":{"rendered":"Gobierno suma voluntades a favor de desaladoras para la regi\u00f3n de Coquimbo."},"content":{"rendered":"\n<figure class=\"wp-block-image size-large\"><a href=\"https:\/\/www.radiolimari.cl\/wp-content\/uploads\/2023\/07\/Desaladora_2.jpeg\"><img fetchpriority=\"high\" decoding=\"async\" width=\"1024\" height=\"577\" src=\"https:\/\/www.radiolimari.cl\/wp-content\/uploads\/2023\/07\/Desaladora_2-1024x577.jpeg\" alt=\"\" class=\"wp-image-9744\" srcset=\"https:\/\/www.radiolimari.cl\/wp-content\/uploads\/2023\/07\/Desaladora_2-1024x577.jpeg 1024w, https:\/\/www.radiolimari.cl\/wp-content\/uploads\/2023\/07\/Desaladora_2-300x169.jpeg 300w, https:\/\/www.radiolimari.cl\/wp-content\/uploads\/2023\/07\/Desaladora_2-768x432.jpeg 768w, https:\/\/www.radiolimari.cl\/wp-content\/uploads\/2023\/07\/Desaladora_2-1536x865.jpeg 1536w, https:\/\/www.radiolimari.cl\/wp-content\/uploads\/2023\/07\/Desaladora_2.jpeg 1600w\" sizes=\"(max-width: 1024px) 100vw, 1024px\" \/><\/a><\/figure>\n\n\n\n<p><strong><em>Tras el acuerdo del gabinete regional en torno a incorporar la desalaci\u00f3n como nueva fuente h\u00eddrica para la zona, autoridades de gobierno, parlamentarios, consejeros regionales y municipios llegaron hasta la planta Desalinizadora de Caldera, la m\u00e1s moderna de Sudam\u00e9rica.<\/em><\/strong><\/p>\n\n\n\n<p>La regi\u00f3n de Coquimbo enfrenta la sequ\u00eda m\u00e1s grave en los \u00faltimos 40 a\u00f1os, por lo que el Gabinete Regional acord\u00f3 avanzar en la construcci\u00f3n de plantas desalinizadoras que permitan resolver la situaci\u00f3n h\u00eddrica regional, priorizando el agua para el consumo humano, la agricultura familiar y campesina, y para el desarrollo econ\u00f3mico local.<\/p>\n\n\n\n<p>Por ello, es fundamental sumar voluntades para concretar dicho proyecto. Lo que se reflej\u00f3 en la visita de diferentes autoridades locales a la planta desaladora que opera en Caldera, Regi\u00f3n de Atacama.<\/p>\n\n\n\n<p>El Delegado Presidencial Regional de Coquimbo, Rub\u00e9n Quezada Gaete, valor\u00f3 que llegaran a su convocatoria una amplia diversidad de autoridades, ya que \u201c<strong>se da una se\u00f1al de unidad ante una tem\u00e1tica que nos afecta a todos. Por lo mismo, tenemos que tomar las decisiones y las acciones para no arrepentirnos en el futuro\u201d.<\/strong><\/p>\n\n\n\n<p>Asimismo, Quezada Gaete puntualiz\u00f3 que se necesitan respuestas claras y urgentes <strong>\u201cante esta alternativa que nos ayudar\u00eda a asegurar la sustentabilidad h\u00eddrica, al menos, para el consumo humano pensando en seguir avanzando en agua para riego y para el desarrollo de nuestra regi\u00f3n\u201d.<\/strong><\/p>\n\n\n\n<p>Por su parte, el Consejero Regional, Javier Vega, destac\u00f3 que en la instancia pudieron reunir los elementos <strong>\u201cpara tener una discusi\u00f3n fraterna con la ciudadan\u00eda, con los elementos tecnol\u00f3gicos claros y con claridad en t\u00e9rminos medioambientales\u201d.<\/strong><\/p>\n\n\n\n<h2 class=\"wp-block-heading\"><strong>Respaldo parlamentario<\/strong><\/h2>\n\n\n\n<p>Garantizar el suministro de agua para el consumo humano es una de las principales preocupaciones regionales ante la escasez h\u00eddrica. En este escenario, el senador Daniel N\u00fa\u00f1ez expres\u00f3 que <strong>\u201cNos parece que una iniciativa de este tipo, una planta desaladora del Estado, que nos d\u00e9 seguridad h\u00eddrica, es lo que necesitamos\u201d.<\/strong><\/p>\n\n\n\n<p>La diputada Carolina Tello coment\u00f3 que <strong>\u201cexisten estudios cient\u00edficos que avalan justamente que el impacto que se hace es muy bajo en relaci\u00f3n con el beneficio que produce principalmente para el consumo humano que creemos que evidentemente es lo m\u00e1s urgente\u201d.<\/strong><\/p>\n\n\n\n<p>Del mismo modo, el diputado V\u00edctor Pino, valor\u00f3 el respaldo general a esta iniciativa <strong>\u201cesto es de inter\u00e9s p\u00fablico y es transversal, que no es solamente la mirada de un sector pol\u00edtico, y qu\u00e9 nos queda, solamente avanzar\u201d<\/strong><\/p>\n\n\n\n<h2 class=\"wp-block-heading\"><strong>La opini\u00f3n de los municipios<\/strong><\/h2>\n\n\n\n<p>La regi\u00f3n de Coquimbo actualmente est\u00e1 declarada zona de escasez h\u00eddrica, con d\u00e9ficit en precipitaciones en todas las comunas. Por eso, concejales y alcaldes pudieron ver en terreno lo que ser\u00eda una alternativa para enfrentar este escenario. El Presidente de la Asociaci\u00f3n de Municipios Rurales del Norte Chico, Gerald Cerda, apreci\u00f3 que \u201c<strong>haya datos emp\u00edricos que resuelven las dudas y que desmitifican muchos miedos que hay respecto sobre los posibles impactos de que una empresa interfiera en el mar. Lo \u00fanico que nos queda es la esperanza de que esto ojal\u00e1 se resuelva\u201d.<\/strong><\/p>\n\n\n\n<h2 class=\"wp-block-heading\"><strong>Tecnolog\u00eda que transforman el futuro<\/strong><\/h2>\n\n\n\n<p>La planta es la primera desaladora estatal a nivel nacional. En su construcci\u00f3n se incorporaron los m\u00e1s altos est\u00e1ndares de tecnolog\u00eda, se utilizaron energ\u00edas renovables no convencionales, con t\u00e9cnicas m\u00ednimamente invasivas para las obras marinas. Es un proyecto que inici\u00f3 la Empresa Concesionaria de Servicios Sanitarios (ECONSSA), actualmente la opera sanitaria Nueva Atacama y ha sido reconocida como una de las m\u00e1s modernas de Sudam\u00e9rica.<\/p>\n\n\n\n<p>Fernando Vel\u00e1squez, Gerente de desarrollo de ECONSSA, record\u00f3 que para su construcci\u00f3n <strong>\u201cse aunaron muchos esfuerzos y la comunidad completa impuls\u00f3 esto. La proyecci\u00f3n que tenemos permite a esta regi\u00f3n tener por 50 a\u00f1os asegurado su abastecimiento humano<\/strong>\u201d<\/p>\n\n\n\n<p>Las instalaciones est\u00e1n ubicadas en el sector de Punta Zorro, en la comuna de Caldera, abastece a la poblaci\u00f3n de Caldera, Cha\u00f1aral, Copiap\u00f3 y Tierra Amarilla, cubriendo as\u00ed al 75% de la poblaci\u00f3n de la regi\u00f3n.<\/p>\n","protected":false},"excerpt":{"rendered":"<p>Tras el acuerdo del gabinete regional en torno a incorporar la desalaci\u00f3n como nueva fuente h\u00eddrica para la zona, autoridades de gobierno, parlamentarios, consejeros regionales y municipios llegaron hasta la planta Desalinizadora de Caldera, la m\u00e1s moderna de Sudam\u00e9rica. La regi\u00f3n de Coquimbo enfrenta la sequ\u00eda m\u00e1s grave en los \u00faltimos 40 a\u00f1os, por lo &#8230;<\/p>\n","protected":false},"author":2,"featured_media":9744,"comment_status":"open","ping_status":"open","sticky":false,"template":"","format":"standard","meta":{"footnotes":""},"categories":[3],"tags":[],"class_list":["post-9745","post","type-post","status-publish","format-standard","has-post-thumbnail","hentry","category-actualidad"],"_links":{"self":[{"href":"https:\/\/www.radiolimari.cl\/index.php?rest_route=\/wp\/v2\/posts\/9745","targetHints":{"allow":["GET"]}}],"collection":[{"href":"https:\/\/www.radiolimari.cl\/index.php?rest_route=\/wp\/v2\/posts"}],"about":[{"href":"https:\/\/www.radiolimari.cl\/index.php?rest_route=\/wp\/v2\/types\/post"}],"author":[{"embeddable":true,"href":"https:\/\/www.radiolimari.cl\/index.php?rest_route=\/wp\/v2\/users\/2"}],"replies":[{"embeddable":true,"href":"https:\/\/www.radiolimari.cl\/index.php?rest_route=%2Fwp%2Fv2%2Fcomments&post=9745"}],"version-history":[{"count":1,"href":"https:\/\/www.radiolimari.cl\/index.php?rest_route=\/wp\/v2\/posts\/9745\/revisions"}],"predecessor-version":[{"id":9746,"href":"https:\/\/www.radiolimari.cl\/index.php?rest_route=\/wp\/v2\/posts\/9745\/revisions\/9746"}],"wp:featuredmedia":[{"embeddable":true,"href":"https:\/\/www.radiolimari.cl\/index.php?rest_route=\/wp\/v2\/media\/9744"}],"wp:attachment":[{"href":"https:\/\/www.radiolimari.cl\/index.php?rest_route=%2Fwp%2Fv2%2Fmedia&parent=9745"}],"wp:term":[{"taxonomy":"category","embeddable":true,"href":"https:\/\/www.radiolimari.cl\/index.php?rest_route=%2Fwp%2Fv2%2Fcategories&post=9745"},{"taxonomy":"post_tag","embeddable":true,"href":"https:\/\/www.radiolimari.cl\/index.php?rest_route=%2Fwp%2Fv2%2Ftags&post=9745"}],"curies":[{"name":"wp","href":"https:\/\/api.w.org\/{rel}","templated":true}]}}