{"id":9740,"date":"2023-07-17T14:56:43","date_gmt":"2023-07-17T14:56:43","guid":{"rendered":"https:\/\/www.radiolimari.cl\/?p=9740"},"modified":"2023-07-17T14:56:43","modified_gmt":"2023-07-17T14:56:43","slug":"sename-coquimbo-concretara-tres-proyectos-para-mejorar-centros-de-justicia-juvenil-y-oficina-regional","status":"publish","type":"post","link":"https:\/\/www.radiolimari.cl\/?p=9740","title":{"rendered":"Sename Coquimbo concretar\u00e1 tres proyectos para mejorar centros de justicia juvenil y oficina regional"},"content":{"rendered":"\n<figure class=\"wp-block-image size-full\"><a href=\"https:\/\/www.radiolimari.cl\/wp-content\/uploads\/2023\/07\/Patio_CIPCRC.jpeg\"><img fetchpriority=\"high\" decoding=\"async\" width=\"1024\" height=\"764\" src=\"https:\/\/www.radiolimari.cl\/wp-content\/uploads\/2023\/07\/Patio_CIPCRC.jpeg\" alt=\"\" class=\"wp-image-9741\" srcset=\"https:\/\/www.radiolimari.cl\/wp-content\/uploads\/2023\/07\/Patio_CIPCRC.jpeg 1024w, https:\/\/www.radiolimari.cl\/wp-content\/uploads\/2023\/07\/Patio_CIPCRC-300x224.jpeg 300w, https:\/\/www.radiolimari.cl\/wp-content\/uploads\/2023\/07\/Patio_CIPCRC-768x573.jpeg 768w\" sizes=\"(max-width: 1024px) 100vw, 1024px\" \/><\/a><\/figure>\n\n\n\n<p><strong>Una modificaci\u00f3n presupuestaria permitir\u00e1 usar, a nivel nacional, m\u00e1s de 1.800 millones de pesos para arreglos en centros de justicia juvenil y en oficinas regionales del Servicio Nacional de Menores.<\/strong><\/p>\n\n\n\n<p>Tras la aprobaci\u00f3n por parte de la Direcci\u00f3n de Presupuestos (Dipres), el Servicio Nacional de Menores (Sename) podr\u00e1 concretar, a nivel nacional, una serie de proyectos para mejorar la infraestructura en once centros donde los j\u00f3venes cumplen medidas cautelares o sanciones y en las oficinas regionales del servicio en la zona norte. Este importante logro fue posible gracias a la labor conjunta del Sename y la Subsecretar\u00eda de Justicia.<\/p>\n\n\n\n<p>Los proyectos, que superan los 1.800 millones de pesos, favorecer\u00e1n las condiciones de habitabilidad de diversos establecimientos, con las consiguientes mejoras en la calidad de vida de adolescentes y j\u00f3venes en proceso de reinserci\u00f3n social, as\u00ed como de quienes cumplen labores en esos recintos.<\/p>\n\n\n\n<p>En el caso concreto de la Regi\u00f3n de Coquimbo, en el Centro de Internaci\u00f3n Provisoria y Centro de R\u00e9gimen Cerrado (CIP-CRC) de La Serena, se ejecutar\u00e1 durante el presente a\u00f1o un proyecto de mejoramiento integral de casas, habilitaci\u00f3n de rampas de acceso y una sala de reuniones.<\/p>\n\n\n\n<p>En tanto, en el Centro Semicerrado (CSC) de La Serena se realizar\u00e1 un mejoramiento de la fachada de acceso y el retiro de la cubierta de asbesto. Para ello, se requiere la aprobaci\u00f3n por parte del Consejo de Monumentos Nacionales.<\/p>\n\n\n\n<p>La Direcci\u00f3n Regional de Coquimbo tambi\u00e9n se ver\u00e1 favorecida mediante un mejoramiento de sus oficinas, lo que permitir\u00e1 entregarla en las mejores condiciones posibles al nuevo Servicio Nacional de Reinserci\u00f3n Social Juvenil, que parte su funcionamiento en enero de 2024 entre las regiones de Arica-Parinacota y Coquimbo.<\/p>\n\n\n\n<p>El director nacional (s) del Sename, Rachid Alay, explic\u00f3 que \u201cgran parte de los trabajos se iniciar\u00e1n dentro de los pr\u00f3ximos meses, considerando avances tan necesarios como normalizaciones el\u00e9ctricas y mejoramientos de habitaciones y ba\u00f1os en los centros de justicia juvenil\u201d.<\/p>\n\n\n\n<p>En detalle, los proyectos beneficiar\u00e1n a los centros privativos de libertad en las regiones de Arica-Parinacota, Tarapac\u00e1, Coquimbo, Valpara\u00edso, Biob\u00edo, La Araucan\u00eda, Coyhaique y Regi\u00f3n Metropolitana (Centro San Joaqu\u00edn). Tambi\u00e9n habr\u00e1 mejoras en los centros semicerrados en Coquimbo, Maule y Regi\u00f3n Metropolitana (Centro Calera de Tango).<\/p>\n\n\n\n<p>Nota: Desde octubre de 2021, Sename solo est\u00e1 a cargo del \u00e1rea de justicia y reinserci\u00f3n social, mientras se implementa gradualmente en el pa\u00eds el nuevo Servicio Nacional de Reinserci\u00f3n Social Juvenil. El \u00e1rea de protecci\u00f3n y adopci\u00f3n fue traspasada al Servicio de Protecci\u00f3n Especializada (Mejor Ni\u00f1ez).<\/p>\n","protected":false},"excerpt":{"rendered":"<p>Una modificaci\u00f3n presupuestaria permitir\u00e1 usar, a nivel nacional, m\u00e1s de 1.800 millones de pesos para arreglos en centros de justicia juvenil y en oficinas regionales del Servicio Nacional de Menores. Tras la aprobaci\u00f3n por parte de la Direcci\u00f3n de Presupuestos (Dipres), el Servicio Nacional de Menores (Sename) podr\u00e1 concretar, a nivel nacional, una serie de &#8230;<\/p>\n","protected":false},"author":2,"featured_media":9741,"comment_status":"open","ping_status":"open","sticky":false,"template":"","format":"standard","meta":{"footnotes":""},"categories":[6],"tags":[],"class_list":["post-9740","post","type-post","status-publish","format-standard","has-post-thumbnail","hentry","category-regionales"],"_links":{"self":[{"href":"https:\/\/www.radiolimari.cl\/index.php?rest_route=\/wp\/v2\/posts\/9740","targetHints":{"allow":["GET"]}}],"collection":[{"href":"https:\/\/www.radiolimari.cl\/index.php?rest_route=\/wp\/v2\/posts"}],"about":[{"href":"https:\/\/www.radiolimari.cl\/index.php?rest_route=\/wp\/v2\/types\/post"}],"author":[{"embeddable":true,"href":"https:\/\/www.radiolimari.cl\/index.php?rest_route=\/wp\/v2\/users\/2"}],"replies":[{"embeddable":true,"href":"https:\/\/www.radiolimari.cl\/index.php?rest_route=%2Fwp%2Fv2%2Fcomments&post=9740"}],"version-history":[{"count":1,"href":"https:\/\/www.radiolimari.cl\/index.php?rest_route=\/wp\/v2\/posts\/9740\/revisions"}],"predecessor-version":[{"id":9742,"href":"https:\/\/www.radiolimari.cl\/index.php?rest_route=\/wp\/v2\/posts\/9740\/revisions\/9742"}],"wp:featuredmedia":[{"embeddable":true,"href":"https:\/\/www.radiolimari.cl\/index.php?rest_route=\/wp\/v2\/media\/9741"}],"wp:attachment":[{"href":"https:\/\/www.radiolimari.cl\/index.php?rest_route=%2Fwp%2Fv2%2Fmedia&parent=9740"}],"wp:term":[{"taxonomy":"category","embeddable":true,"href":"https:\/\/www.radiolimari.cl\/index.php?rest_route=%2Fwp%2Fv2%2Fcategories&post=9740"},{"taxonomy":"post_tag","embeddable":true,"href":"https:\/\/www.radiolimari.cl\/index.php?rest_route=%2Fwp%2Fv2%2Ftags&post=9740"}],"curies":[{"name":"wp","href":"https:\/\/api.w.org\/{rel}","templated":true}]}}