{"id":9737,"date":"2023-07-14T14:33:04","date_gmt":"2023-07-14T14:33:04","guid":{"rendered":"https:\/\/www.radiolimari.cl\/?p=9737"},"modified":"2023-07-14T14:33:04","modified_gmt":"2023-07-14T14:33:04","slug":"en-ovalle-disponen-de-puntos-de-vacunacion-contra-la-influenza-y-covid-19","status":"publish","type":"post","link":"https:\/\/www.radiolimari.cl\/?p=9737","title":{"rendered":"En Ovalle disponen de puntos de vacunaci\u00f3n contra la Influenza y Covid-19"},"content":{"rendered":"\n<figure class=\"wp-block-image size-full is-resized\"><a href=\"https:\/\/www.radiolimari.cl\/wp-content\/uploads\/2023\/07\/Proceso-de-vacunacion.jpg\"><img fetchpriority=\"high\" decoding=\"async\" src=\"https:\/\/www.radiolimari.cl\/wp-content\/uploads\/2023\/07\/Proceso-de-vacunacion.jpg\" alt=\"\" class=\"wp-image-9738\" width=\"396\" height=\"297\" srcset=\"https:\/\/www.radiolimari.cl\/wp-content\/uploads\/2023\/07\/Proceso-de-vacunacion.jpg 1024w, https:\/\/www.radiolimari.cl\/wp-content\/uploads\/2023\/07\/Proceso-de-vacunacion-300x225.jpg 300w, https:\/\/www.radiolimari.cl\/wp-content\/uploads\/2023\/07\/Proceso-de-vacunacion-768x576.jpg 768w\" sizes=\"(max-width: 396px) 100vw, 396px\" \/><\/a><\/figure>\n\n\n\n<p><strong><em>El departamento de Salud del municipio de Ovalle dio conocer los horarios y los lugares, que estar\u00e1n habilitados para este proceso durante el mes de julio.<\/em><\/strong><\/p>\n\n\n\n<p>Contin\u00faa el proceso de vacunaci\u00f3n contra el Covid-19 y la Influenza en Ovalle. Es as\u00ed como el municipio local, a trav\u00e9s del departamento de Salud, dispondr\u00e1 de diversos puntos para que los integrantes del grupo de riesgo puedan inocularse y protegerse de ambas enfermedades, durante el invierno.<\/p>\n\n\n\n<p>Durante julio el CESFAM Sotaqui tendr\u00e1 este servicio activo de lunes a jueves, de 9.00 a 15.00 horas, el jueves 20 de julio (17.00 a 19.30 horas), s\u00e1bado 22 de julio (9.00 a 13.00 horas) y el lunes 24 de julio (17.00 a 19.30 horas). Asimismo, el Cesfam Jorge Jord\u00e1n Domic estar\u00e1 habilitado de lunes a jueves, de 8.00 a 16.00 horas y los d\u00edas lunes y mi\u00e9rcoles (17.00 a 19.30 horas) y el s\u00e1bado 15 de julio (9.00 a 13.00 horas). En tanto, el Cesfam Fray Jorge estar\u00e1 abierto a la comunidad para su vacunaci\u00f3n, de lunes a jueves de 9.00 a 16.00 horas y los viernes de 9.00 a 14.00 horas.<\/p>\n\n\n\n<p>Asimismo, en las dependencias del antiguo Jard\u00edn Ojitos del Futuro (Ubicado en Josefina Deis S\/N) de la poblaci\u00f3n Carmelitana se inocular\u00e1 de lunes a jueves de 9.00 a 16.00 horas y los viernes de 9.00 a 14.00 horas. En tanto, el CECOSF Limar\u00ed se vacunar\u00e1 de lunes a viernes de 9.00 a 12.00 horas, a lo que se suma el CECOSF Los Copihues de martes a jueves, de 9.30 a 12.30 horas.<\/p>\n\n\n\n<p>En tanto, en el Cesfam Marcos Macuada desarrollar\u00e1 el proceso de inoculaci\u00f3n los martes 18 y 25 de julio (17.00 a 19.00 horas) y los jueves 20 y 27 de julio (17.00 a 19.00 horas). Los s\u00e1bados 15 de julio los equipos de salud se trasladar\u00e1n a villa El Ingenio y el s\u00e1bado 22 a la poblaci\u00f3n Jos\u00e9 Tom\u00e1s Ovalle, de 9.00 a 13.00 horas.<\/p>\n\n\n\n<p>\u201cInvitamos a todas las personas que est\u00e1n dentro del grupo de riesgo que a\u00fan no se han vacunado contra la influenza y el Covid-19, que se acerquen a los centros de atenci\u00f3n primaria de la comuna y soliciten este beneficio. La idea es que la mayor parte de nuestra poblaci\u00f3n est\u00e9 inoculada y protegida frente a estas enfermedades, que si no son tratadas pueden tener consecuencias fatales\u201d sostuvo el alcalde de Ovalle, Jonathan Acu\u00f1a Rojas.&nbsp;<\/p>\n\n\n\n<p>Otra de las opciones es la plaza de armas, ya que habr\u00e1 un punto de vacunaci\u00f3n que estar\u00e1 disponible para la comunidad, de lunes a viernes de 9.00 a 13.00 horas. Adem\u00e1s, del Cecosf San Jos\u00e9 de la Dehesa, que atender\u00e1 a los usuarios el s\u00e1bado 15 de julio de 10.00 a 13.30 horas, y el Cecosf Colonia de la localidad de Limar\u00ed que lo har\u00e1 de lunes a jueves de 10.00 a 14.00 horas. Asimismo, el Cesfam de Cerrillos de Tamaya contar\u00e1 con equipos de inoculaci\u00f3n de lunes a jueves, de 9.00 a 16.00 horas y los viernes de 9.00 a 14.00 horas y los mi\u00e9rcoles 19 y 26 de julio de 17.00 a 19.00 horas.<\/p>\n\n\n\n<p>Los funcionarios de salud continuar\u00e1n su despliegue en la Estaci\u00f3n M\u00e9dico Rural de Tabal\u00ed el martes 18 de julio, de 9.00 a 15.00 horas y en la sede social de La Placa y posta Las Sossas el martes 25 de julio, de 9.00 a 15.00 horas.<\/p>\n\n\n\n<p>Estos operativos tambi\u00e9n incluyen una campa\u00f1a escolar que se desarrollar\u00e1 en la escuela El Trapiche y Las Sossas (Jueves 20 de julio), escuela de Algarrobo, La Quiroga y Los Olivos (Lunes 24 de julio) y la escuela de Santa Cristina, Quebrada Seca y Punilla (Jueves 27 de julio).<\/p>\n","protected":false},"excerpt":{"rendered":"<p>El departamento de Salud del municipio de Ovalle dio conocer los horarios y los lugares, que estar\u00e1n habilitados para este proceso durante el mes de julio. Contin\u00faa el proceso de vacunaci\u00f3n contra el Covid-19 y la Influenza en Ovalle. Es as\u00ed como el municipio local, a trav\u00e9s del departamento de Salud, dispondr\u00e1 de diversos puntos &#8230;<\/p>\n","protected":false},"author":2,"featured_media":9738,"comment_status":"open","ping_status":"open","sticky":false,"template":"","format":"standard","meta":{"footnotes":""},"categories":[3],"tags":[],"class_list":["post-9737","post","type-post","status-publish","format-standard","has-post-thumbnail","hentry","category-actualidad"],"_links":{"self":[{"href":"https:\/\/www.radiolimari.cl\/index.php?rest_route=\/wp\/v2\/posts\/9737","targetHints":{"allow":["GET"]}}],"collection":[{"href":"https:\/\/www.radiolimari.cl\/index.php?rest_route=\/wp\/v2\/posts"}],"about":[{"href":"https:\/\/www.radiolimari.cl\/index.php?rest_route=\/wp\/v2\/types\/post"}],"author":[{"embeddable":true,"href":"https:\/\/www.radiolimari.cl\/index.php?rest_route=\/wp\/v2\/users\/2"}],"replies":[{"embeddable":true,"href":"https:\/\/www.radiolimari.cl\/index.php?rest_route=%2Fwp%2Fv2%2Fcomments&post=9737"}],"version-history":[{"count":1,"href":"https:\/\/www.radiolimari.cl\/index.php?rest_route=\/wp\/v2\/posts\/9737\/revisions"}],"predecessor-version":[{"id":9739,"href":"https:\/\/www.radiolimari.cl\/index.php?rest_route=\/wp\/v2\/posts\/9737\/revisions\/9739"}],"wp:featuredmedia":[{"embeddable":true,"href":"https:\/\/www.radiolimari.cl\/index.php?rest_route=\/wp\/v2\/media\/9738"}],"wp:attachment":[{"href":"https:\/\/www.radiolimari.cl\/index.php?rest_route=%2Fwp%2Fv2%2Fmedia&parent=9737"}],"wp:term":[{"taxonomy":"category","embeddable":true,"href":"https:\/\/www.radiolimari.cl\/index.php?rest_route=%2Fwp%2Fv2%2Fcategories&post=9737"},{"taxonomy":"post_tag","embeddable":true,"href":"https:\/\/www.radiolimari.cl\/index.php?rest_route=%2Fwp%2Fv2%2Ftags&post=9737"}],"curies":[{"name":"wp","href":"https:\/\/api.w.org\/{rel}","templated":true}]}}