{"id":9731,"date":"2023-07-13T15:21:11","date_gmt":"2023-07-13T15:21:11","guid":{"rendered":"https:\/\/www.radiolimari.cl\/?p=9731"},"modified":"2023-07-13T15:21:12","modified_gmt":"2023-07-13T15:21:12","slug":"se-constituyo-observatorio-en-formacion-ciudadana-para-promover-el-conocimiento-y-compromiso-de-estudiantes-con-los-derechos-humanos","status":"publish","type":"post","link":"https:\/\/www.radiolimari.cl\/?p=9731","title":{"rendered":"Se constituy\u00f3 Observatorio en Formaci\u00f3n Ciudadana para promover el conocimiento y compromiso de estudiantes con los Derechos Humanos"},"content":{"rendered":"\n<figure class=\"wp-block-image size-full is-resized\"><a href=\"https:\/\/www.radiolimari.cl\/wp-content\/uploads\/2023\/07\/IMG-20230713-WA0005.jpg\"><img fetchpriority=\"high\" decoding=\"async\" src=\"https:\/\/www.radiolimari.cl\/wp-content\/uploads\/2023\/07\/IMG-20230713-WA0005.jpg\" alt=\"\" class=\"wp-image-9732\" width=\"396\" height=\"297\" srcset=\"https:\/\/www.radiolimari.cl\/wp-content\/uploads\/2023\/07\/IMG-20230713-WA0005.jpg 1024w, https:\/\/www.radiolimari.cl\/wp-content\/uploads\/2023\/07\/IMG-20230713-WA0005-300x225.jpg 300w, https:\/\/www.radiolimari.cl\/wp-content\/uploads\/2023\/07\/IMG-20230713-WA0005-768x576.jpg 768w\" sizes=\"(max-width: 396px) 100vw, 396px\" \/><\/a><\/figure>\n\n\n\n<p><strong>\u00a0El Observatorio y Grupo de Estudios de Educaci\u00f3n en Formaci\u00f3n Ciudadana y Derechos Humanos del Departamento Provincial de Educaci\u00f3n de Elqui espera contribuir a la implementaci\u00f3n de los Planes de Formaci\u00f3n Ciudadana en escuelas y liceos, para que la formaci\u00f3n ciudadana sea un pilar en los procesos de ense\u00f1anza aprendizaje de estudiantes, avanzando a una ciudadan\u00eda, que sea respetuosa de los Derechos Humanos.<\/strong><\/p>\n\n\n\n<p>Efectuar investigaciones en formaci\u00f3n ciudadana y derechos humanos, apoyar en actividades pedag\u00f3gicas, orientar en la evaluaci\u00f3n y monitoreo de los Planes de Formaci\u00f3n Ciudadana para su efectiva ejecuci\u00f3n en los establecimientos educacionales, que reciben subvenci\u00f3n del estado, son parte de los objetivos del recientemente creado Observatorio y Grupo de Estudios de Educaci\u00f3n en Formaci\u00f3n Ciudadana y Derechos Humanos, constituido por el Departamento Provincial de Educaci\u00f3n Elqui e integrado por sostenedores de la educaci\u00f3n p\u00fablica.<\/p>\n\n\n\n<p>El Observatorio y Grupo de Estudios de Educaci\u00f3n en Formaci\u00f3n Ciudadana y Derechos Humanos espera contribuir al fortalecimiento de capacidades de liderazgo, pensamiento estrat\u00e9gico y colaboraci\u00f3n en la implementaci\u00f3n de los Planes en escuelas y liceos de las comunas de Andacollo, Coquimbo, La Serena, La Higuera, Vicu\u00f1a y Paihuano, para que la formaci\u00f3n ciudadana sea un pilar en los procesos de ense\u00f1anza aprendizaje de estudiantes, avanzando a una ciudadan\u00eda, que sea respetuosa de los Derechos Humanos.<\/p>\n\n\n\n<p>La Seremi de Educaci\u00f3n, Cecilia Ram\u00edrez Ch\u00e1vez destac\u00f3 que \u201ces un agrado y estamos muy contentos de ver crecer proyectos de las y los funcionarios del Departamento Provincial de Educaci\u00f3n de Elqui. El a\u00f1o pasado tuvimos este pilotaje de c\u00f3mo potenciar y fortalecer los Planes de Formaci\u00f3n Ciudadana con perspectiva en Derechos Humanos, que es tan necesario para poder formar a los futuros ciudadanos del pa\u00eds. La creaci\u00f3n del Observatorio este a\u00f1o en la Provincia de Elqui busca recopilar datos, realizar investigaci\u00f3n y obtener informaci\u00f3n detallada sobre formaci\u00f3n ciudadana y derechos humanos. Y que, adem\u00e1s, se hayan sumado los distintos Departamentos de Administraci\u00f3n de Educaci\u00f3n Municipal y el Servicio Local de la provincia es un agrado porque crecer el equipo, no son s\u00f3lo los supervisores. Hacemos comunidad y reactivamos el sistema educacional, tanto en el \u00e1mbito curricular, como en participaci\u00f3n, que tiene formaci\u00f3n ciudadana para nutrir, fortalecer y dar mayores herramientas a las comunidades educativas, y esperamos que esto pueda ampliarse a nivel regional\u201d, enfatiz\u00f3.<\/p>\n\n\n\n<p>Tambi\u00e9n el Jefe del Departamento Provincial Educaci\u00f3n Elqui, Francisco Alvear Novoa resalt\u00f3 la iniciativa como \u201cla extensi\u00f3n de un programa piloto del a\u00f1o 2022, que estamos desarrollando el 2023 nuevamente, generando un Observatorio de Educaci\u00f3n en Formaci\u00f3n Ciudadana con foco en Derechos Humanos, que pretende tener un trabajo coordinado e informaci\u00f3n territorial que sea provechosa para la generaci\u00f3n de instrumentos, que pueden ir en aporte al trabajo y mejoramiento de los procesos educativos en el \u00e1rea de formaci\u00f3n ciudadana. Estamos muy contentos, es un gran desaf\u00edo que hemos tomado como Departamento Provincial y Ministerio de Educaci\u00f3n en conjunto con la Corporaci\u00f3n Municipal, Servicio Local Puerto Cordillera y Departamentos de Administraci\u00f3n de Educaci\u00f3n Municipal, entre otros\u201d.<\/p>\n\n\n\n<p>La Asesora T\u00e9cnico Pedag\u00f3gica del Departamento de Administraci\u00f3n Municipal de Vicu\u00f1a, Mar\u00eda Trinidad Castillo Boilet declar\u00f3 que \u201cme siento honrada y feliz que me hayan invitado a participar y ser integrante de este grupo, en que es fundamental trabajar en la educaci\u00f3n de nuestros alumnos el Plan de Formaci\u00f3n Ciudadana, desde el punto de vista que queremos hacer una sociedad m\u00e1s justa y solidaria, y que parte desde los p\u00e1rvulos. Es muy significativo, de c\u00f3mo enfoquemos estos temas y llevarlo a las redes territoriales. Masificar y tratar de trabajar de la mejor manera posible para generar las confianzas y que se abran a toda la comunidad educativa, incluidos padres y apoderados. El di\u00e1logo y aceptar la diversidad de pensamientos hace falta para hablar en tolerancia y respeto\u201d, agreg\u00f3.<\/p>\n\n\n\n<p>El encargado territorial de convivencia escolar y formaci\u00f3n ciudadana del Servicio Local Puerto Cordillera, Alberto Galleguillos Ch\u00e1vez indic\u00f3 que \u201ccomo Servicio Local y que nos ha trasmitido nuestra directora ejecutiva, es que estamos muy contentos de ser actores protagonistas de este Observatorio de Formaci\u00f3n Ciudadana, entendiendo que el construir y aportar a la vida de nuestros estudiantes en su formaci\u00f3n como ciudadanos, es parte de su desarrollo transversal en sus necesidades curriculares, como extracurriculares. Queremos aportar a las comunidades, entregando estrategias para fortalecer sus planes de formaci\u00f3n ciudadana en tem\u00e1ticas tan importantes, como son los derechos humanos\u201d.<\/p>\n\n\n\n<p>La Coordinadora de la Unidad T\u00e9cnica Pedag\u00f3gica de la Corporaci\u00f3n Gabriel Gonz\u00e1lez Videla, Viviana Rivera se\u00f1al\u00f3 que \u201cagradezco la invitaci\u00f3n que nos hizo el Departamento Provincial porque es necesario fomentar la participaci\u00f3n ciudadana en nuestros estudiantes, sus familias y comunidades educativas, e ir cocreando de manera colectiva para llegar a m\u00e1s lugares. Tenemos a una persona encargada de los Planes de Participaci\u00f3n y Formaci\u00f3n Ciudadana y todos los colegios tienen un encargado. Se est\u00e1n revisando sus planes continuamente y generando seminarios con foco en formaci\u00f3n ciudadana, derechos humanos y diversidades\u201d.<\/p>\n\n\n\n<p>En la tercera reuni\u00f3n particip\u00f3 la Seremi Cecilia Ram\u00edrez Ch\u00e1vez; el Jefe del Departamento Provincial Educaci\u00f3n Elqui, Francisco Alvear Novoa; la directora ejecutiva del Observatorio, la funcionaria del Departamento Provincial, Crisly D\u00edaz; los funcionarios Jorge Le\u00f3n, Constantino Guerrero y Homeros Vives; el encargado de convivencia escolar del Servicio Local Puerto Cordillera, Alberto Galleguillos Ch\u00e1vez; la asesora t\u00e9cnico pedag\u00f3gica del Departamento de Administraci\u00f3n Municipal de Vicu\u00f1a, Mar\u00eda Trinidad Castillo Boilet, de la Corporaci\u00f3n Gabriel Gonz\u00e1lez Videla, la Coordinadora de la Unidad T\u00e9cnica Pedag\u00f3gica, Viviana Rivera y el encargado&nbsp; de Formaci\u00f3n Ciudadana, Francisco Brizuela Tapia y el funcionario del Departamento de Educaci\u00f3n de la Seremi, Pablo Fuentes Astudillo.<\/p>\n\n\n\n<p>Este observatorio es la continuidad del Proyecto Piloto \u201cFortaleciendo y mejorando capacidades de gesti\u00f3n para la implementaci\u00f3n del Plan de Formaci\u00f3n Ciudadana con foco en los Derechos Humanos\u201d impulsado en el a\u00f1o 2022 por los funcionarios Homero Vives Campos y Constantino Guerrero Rodr\u00edguez del Departamento Provincial de Educaci\u00f3n de Elqui, que se inici\u00f3 con un acompa\u00f1amiento a 4 escuelas piloto, que luego aument\u00f3 a 7 establecimientos de La Serena y Vicu\u00f1a; y en paralelo una capacitaci\u00f3n en derechos humanos a 15 supervisoras y supervisores del Departamento Provincial de Educaci\u00f3n de Elqui, ejecutado por la Universidad de Santiago.&nbsp;<\/p>\n\n\n\n<p><strong>Ley 20.011 establece el Plan de Formaci\u00f3n Ciudadana<\/strong><\/p>\n\n\n\n<p>La Ley 20.911 promulgada en 2016 estableci\u00f3 que cada establecimiento educacional en la educaci\u00f3n parvularia, b\u00e1sica y media, debe construir y tener su Plan de Formaci\u00f3n Ciudadana con el objetivo de entregar a los estudiantes la preparaci\u00f3n necesaria para asumir una vida responsable en una sociedad libre y de orientaci\u00f3n hacia el mejoramiento integral de la persona humana, como fundamento del sistema democr\u00e1tico. La ley tambi\u00e9n cre\u00f3 la asignatura de Educaci\u00f3n Ciudadana obligatoria para 3\u00b0 y 4\u00b0 medio, a partir del a\u00f1o 2020. El Plan de Formaci\u00f3n Ciudadana debe dar cumplimiento a 9 objetivos, siendo el n\u00famero 4 el promover el conocimiento, comprensi\u00f3n y compromiso de las y los estudiantes con los derechos humanos.<\/p>\n","protected":false},"excerpt":{"rendered":"<p>\u00a0El Observatorio y Grupo de Estudios de Educaci\u00f3n en Formaci\u00f3n Ciudadana y Derechos Humanos del Departamento Provincial de Educaci\u00f3n de Elqui espera contribuir a la implementaci\u00f3n de los Planes de Formaci\u00f3n Ciudadana en escuelas y liceos, para que la formaci\u00f3n ciudadana sea un pilar en los procesos de ense\u00f1anza aprendizaje de estudiantes, avanzando a una &#8230;<\/p>\n","protected":false},"author":2,"featured_media":9732,"comment_status":"open","ping_status":"open","sticky":false,"template":"","format":"standard","meta":{"footnotes":""},"categories":[6],"tags":[],"class_list":["post-9731","post","type-post","status-publish","format-standard","has-post-thumbnail","hentry","category-regionales"],"_links":{"self":[{"href":"https:\/\/www.radiolimari.cl\/index.php?rest_route=\/wp\/v2\/posts\/9731","targetHints":{"allow":["GET"]}}],"collection":[{"href":"https:\/\/www.radiolimari.cl\/index.php?rest_route=\/wp\/v2\/posts"}],"about":[{"href":"https:\/\/www.radiolimari.cl\/index.php?rest_route=\/wp\/v2\/types\/post"}],"author":[{"embeddable":true,"href":"https:\/\/www.radiolimari.cl\/index.php?rest_route=\/wp\/v2\/users\/2"}],"replies":[{"embeddable":true,"href":"https:\/\/www.radiolimari.cl\/index.php?rest_route=%2Fwp%2Fv2%2Fcomments&post=9731"}],"version-history":[{"count":1,"href":"https:\/\/www.radiolimari.cl\/index.php?rest_route=\/wp\/v2\/posts\/9731\/revisions"}],"predecessor-version":[{"id":9733,"href":"https:\/\/www.radiolimari.cl\/index.php?rest_route=\/wp\/v2\/posts\/9731\/revisions\/9733"}],"wp:featuredmedia":[{"embeddable":true,"href":"https:\/\/www.radiolimari.cl\/index.php?rest_route=\/wp\/v2\/media\/9732"}],"wp:attachment":[{"href":"https:\/\/www.radiolimari.cl\/index.php?rest_route=%2Fwp%2Fv2%2Fmedia&parent=9731"}],"wp:term":[{"taxonomy":"category","embeddable":true,"href":"https:\/\/www.radiolimari.cl\/index.php?rest_route=%2Fwp%2Fv2%2Fcategories&post=9731"},{"taxonomy":"post_tag","embeddable":true,"href":"https:\/\/www.radiolimari.cl\/index.php?rest_route=%2Fwp%2Fv2%2Ftags&post=9731"}],"curies":[{"name":"wp","href":"https:\/\/api.w.org\/{rel}","templated":true}]}}