{"id":9728,"date":"2023-07-11T18:49:12","date_gmt":"2023-07-11T18:49:12","guid":{"rendered":"https:\/\/www.radiolimari.cl\/?p=9728"},"modified":"2023-07-11T18:49:12","modified_gmt":"2023-07-11T18:49:12","slug":"seguridad-ciudadana-de-municipio-de-ovalle-cuenta-con-nuevos-siete-vehiculos-que-se-suman-a-los-patrullajes-mixtos-con-carabineros","status":"publish","type":"post","link":"https:\/\/www.radiolimari.cl\/?p=9728","title":{"rendered":"Seguridad Ciudadana de municipio de Ovalle cuenta con nuevos siete  veh\u00edculos que se suman a los patrullajes mixtos con Carabineros"},"content":{"rendered":"\n<figure class=\"wp-block-image size-large\"><a href=\"https:\/\/www.radiolimari.cl\/wp-content\/uploads\/2023\/07\/Vehiculos-de-seguridad-y-firma-de-convenio-OS14-5.jpg\"><img fetchpriority=\"high\" decoding=\"async\" width=\"1024\" height=\"683\" src=\"https:\/\/www.radiolimari.cl\/wp-content\/uploads\/2023\/07\/Vehiculos-de-seguridad-y-firma-de-convenio-OS14-5-1024x683.jpg\" alt=\"\" class=\"wp-image-9729\" srcset=\"https:\/\/www.radiolimari.cl\/wp-content\/uploads\/2023\/07\/Vehiculos-de-seguridad-y-firma-de-convenio-OS14-5-1024x683.jpg 1024w, https:\/\/www.radiolimari.cl\/wp-content\/uploads\/2023\/07\/Vehiculos-de-seguridad-y-firma-de-convenio-OS14-5-300x200.jpg 300w, https:\/\/www.radiolimari.cl\/wp-content\/uploads\/2023\/07\/Vehiculos-de-seguridad-y-firma-de-convenio-OS14-5-768x512.jpg 768w, https:\/\/www.radiolimari.cl\/wp-content\/uploads\/2023\/07\/Vehiculos-de-seguridad-y-firma-de-convenio-OS14-5-1536x1024.jpg 1536w, https:\/\/www.radiolimari.cl\/wp-content\/uploads\/2023\/07\/Vehiculos-de-seguridad-y-firma-de-convenio-OS14-5-2048x1365.jpg 2048w\" sizes=\"(max-width: 1024px) 100vw, 1024px\" \/><\/a><\/figure>\n\n\n\n<p><br><strong><em>La firma del convenio de OS14 con la polic\u00eda uniformada se realiz\u00f3 esta ma\u00f1ana en el Espejo de Agua de la Alameda. Adem\u00e1s, se presentaron los nuevos m\u00f3viles, cinco de los cuales fueron adquiridos con fondos municipales, inversi\u00f3n que super\u00f3 los 95 millones de pesos.<\/em><\/strong><\/p>\n\n\n\n<p>Un nuevo paso para aumentar la percepci\u00f3n de seguridad en la comunidad dio el Municipio de Ovalle, tras firmar el Convenio con el OS14 de Carabineros de Chile y presentar, oficialmente, los siete nuevos veh\u00edculos a trav\u00e9s de los cuales se materializar\u00e1n los patrullajes mixtos con la polic\u00eda uniformada, m\u00f3viles que se suman a la flota de la Direcci\u00f3n de Seguridad Ciudadana.<br>Gracias al Convenio con OS14, los nuevos veh\u00edculos contar\u00e1n un carabinero a bordo, en patrullajes mixtos enfocada en fortalecer el trabajo colaborativo entre la polic\u00eda uniformada y los municipios, con el objetivo de brindar m\u00e1s y mejor seguridad a la comunidad.<\/p>\n\n\n\n<p><br>El alcalde de Ovalle Jonathan Acu\u00f1a remarc\u00f3 que \u00abestamos marcando un precedente importante, porque la gente nos pide a gritos el poder tener mayor inversi\u00f3n en referente a seguridad. Contar con nuevos veh\u00edculos de seguridad, contar con este patrullaje mixto nos va a permitir tambi\u00e9n una planificaci\u00f3n mucho m\u00e1s efectiva\u201d, manifest\u00f3.<\/p>\n\n\n\n<p><br>\u201cSabemos tambi\u00e9n que la programaci\u00f3n que podamos realizar tambi\u00e9n puede ir enfocada al sector rural entendiendo que nosotros tenemos una cantidad importante de pueblo Rurales y la comunidad hoy d\u00eda necesita hechos concretos\u00bb, dijo Acu\u00f1a. El jefe comunal agreg\u00f3 que \u00abvamos a iniciar una mayor inversi\u00f3n en seguridad, en recuperaci\u00f3n de espacios p\u00fablicos, en recambios de luminaria p\u00fablica, en las poblaciones pero tambi\u00e9n de la mano de la comunidad\u00bb.<\/p>\n\n\n\n<p><br>Por su parte, desde Carabineros el Jefe de la Zona Coquimbo valor\u00f3 el compromiso de la Municipalidad de Ovalle, enfatizando en la relevancia de los nuevos veh\u00edculos para potenciar la presencia policial en terreno. \u201cEsperamos llegar con estos patrullajes mixtos, no solamente a las zonas urbanas sino que tambi\u00e9n a las zonas rurales, lo que va a permitir de alguna manera, levantar todas las inquietudes de la gente, no solo en materia de control sino que tambi\u00e9n de prevenci\u00f3n social y recuperaci\u00f3n de espacios p\u00fablicos, lo que nos va a llevar a vivir en forma m\u00e1s tranquila y segura, para todos los vecinos de Ovalle\u201d, dijo el General Juan Mu\u00f1oz.<br>A trav\u00e9s de esta firma de convenio, Ovalle se convirti\u00f3 en la novena comuna de la regi\u00f3n en formalizar los patrullajes mixtos con Carabineros, y la segunda en la Provincia de Limar\u00ed. Desde el Gobierno, valoraron el compromiso municipal, que en ocho meses ya ha suscrito el 60% de las casas edilicias en la regi\u00f3n. &nbsp;<br>\u00abEsto es lo que buscan las personas. Esto es lo que est\u00e1 propiciando el gobierno: poder mejorar la coordinaci\u00f3n entre las instituciones, robustecerlas y poder llegar y estar en el territorio, con mayor presencia, con mayor acci\u00f3n y con mejores resultados\u00bb, indic\u00f3 el Delegado Presidencial Regional de Coquimbo, Rub\u00e9n Quezada Gaete.<\/p>\n\n\n\n<p><br>Agreg\u00f3 que \u00abel d\u00eda de hoy, la comuna de Ovalle se suma un trabajo importante. Gracias a la labor de su alcalde, de su consejo municipal, para poder poner a disposici\u00f3n de la ciudadan\u00eda, tanto en el sector urbano como rural, de siete veh\u00edculos nuevos que van a permitir dar mayor sensaci\u00f3n de seguridad, disminuir los tiempos de respuesta y poder estar del lado de las personas en este combate a la delincuencia, que estamos llevando a cabo\u00bb, puntualiz\u00f3. Para las pr\u00f3ximas semanas, ya est\u00e1 considerada la firma del convenio OS14 por parte de Punitaqui y Andacollo, que se sumar\u00e1n a las nueve ya suscritas.<\/p>\n","protected":false},"excerpt":{"rendered":"<p>La firma del convenio de OS14 con la polic\u00eda uniformada se realiz\u00f3 esta ma\u00f1ana en el Espejo de Agua de la Alameda. Adem\u00e1s, se presentaron los nuevos m\u00f3viles, cinco de los cuales fueron adquiridos con fondos municipales, inversi\u00f3n que super\u00f3 los 95 millones de pesos. Un nuevo paso para aumentar la percepci\u00f3n de seguridad en &#8230;<\/p>\n","protected":false},"author":2,"featured_media":9729,"comment_status":"open","ping_status":"open","sticky":false,"template":"","format":"standard","meta":{"footnotes":""},"categories":[5],"tags":[],"class_list":["post-9728","post","type-post","status-publish","format-standard","has-post-thumbnail","hentry","category-actualidad-limarina"],"_links":{"self":[{"href":"https:\/\/www.radiolimari.cl\/index.php?rest_route=\/wp\/v2\/posts\/9728","targetHints":{"allow":["GET"]}}],"collection":[{"href":"https:\/\/www.radiolimari.cl\/index.php?rest_route=\/wp\/v2\/posts"}],"about":[{"href":"https:\/\/www.radiolimari.cl\/index.php?rest_route=\/wp\/v2\/types\/post"}],"author":[{"embeddable":true,"href":"https:\/\/www.radiolimari.cl\/index.php?rest_route=\/wp\/v2\/users\/2"}],"replies":[{"embeddable":true,"href":"https:\/\/www.radiolimari.cl\/index.php?rest_route=%2Fwp%2Fv2%2Fcomments&post=9728"}],"version-history":[{"count":1,"href":"https:\/\/www.radiolimari.cl\/index.php?rest_route=\/wp\/v2\/posts\/9728\/revisions"}],"predecessor-version":[{"id":9730,"href":"https:\/\/www.radiolimari.cl\/index.php?rest_route=\/wp\/v2\/posts\/9728\/revisions\/9730"}],"wp:featuredmedia":[{"embeddable":true,"href":"https:\/\/www.radiolimari.cl\/index.php?rest_route=\/wp\/v2\/media\/9729"}],"wp:attachment":[{"href":"https:\/\/www.radiolimari.cl\/index.php?rest_route=%2Fwp%2Fv2%2Fmedia&parent=9728"}],"wp:term":[{"taxonomy":"category","embeddable":true,"href":"https:\/\/www.radiolimari.cl\/index.php?rest_route=%2Fwp%2Fv2%2Fcategories&post=9728"},{"taxonomy":"post_tag","embeddable":true,"href":"https:\/\/www.radiolimari.cl\/index.php?rest_route=%2Fwp%2Fv2%2Ftags&post=9728"}],"curies":[{"name":"wp","href":"https:\/\/api.w.org\/{rel}","templated":true}]}}