{"id":9725,"date":"2023-07-11T17:10:17","date_gmt":"2023-07-11T17:10:17","guid":{"rendered":"https:\/\/www.radiolimari.cl\/?p=9725"},"modified":"2023-07-11T17:10:18","modified_gmt":"2023-07-11T17:10:18","slug":"brigadas-comunitarias-de-emergencia-se-certifican-en-primera-respuesta-ante-desastres-en-monte-patria","status":"publish","type":"post","link":"https:\/\/www.radiolimari.cl\/?p=9725","title":{"rendered":"Brigadas Comunitarias de Emergencia se certifican en \u201cPrimera Respuesta ante Desastres\u201d en Monte Patria"},"content":{"rendered":"\n<figure class=\"wp-block-image size-large is-resized\"><a href=\"https:\/\/www.radiolimari.cl\/wp-content\/uploads\/2023\/07\/03-CERTIFICACION-BRIGADAS-DE-EMERGENCIA_16-scaled.jpg\"><img fetchpriority=\"high\" decoding=\"async\" src=\"https:\/\/www.radiolimari.cl\/wp-content\/uploads\/2023\/07\/03-CERTIFICACION-BRIGADAS-DE-EMERGENCIA_16-1024x683.jpg\" alt=\"\" class=\"wp-image-9726\" width=\"396\" height=\"264\" srcset=\"https:\/\/www.radiolimari.cl\/wp-content\/uploads\/2023\/07\/03-CERTIFICACION-BRIGADAS-DE-EMERGENCIA_16-1024x683.jpg 1024w, https:\/\/www.radiolimari.cl\/wp-content\/uploads\/2023\/07\/03-CERTIFICACION-BRIGADAS-DE-EMERGENCIA_16-300x200.jpg 300w, https:\/\/www.radiolimari.cl\/wp-content\/uploads\/2023\/07\/03-CERTIFICACION-BRIGADAS-DE-EMERGENCIA_16-768x512.jpg 768w, https:\/\/www.radiolimari.cl\/wp-content\/uploads\/2023\/07\/03-CERTIFICACION-BRIGADAS-DE-EMERGENCIA_16-1536x1024.jpg 1536w, https:\/\/www.radiolimari.cl\/wp-content\/uploads\/2023\/07\/03-CERTIFICACION-BRIGADAS-DE-EMERGENCIA_16-2048x1365.jpg 2048w\" sizes=\"(max-width: 396px) 100vw, 396px\" \/><\/a><\/figure>\n\n\n\n<p><strong><em>En la instancia se capacitaron a 19 Brigadas Comunitarias de Emergencia, cada una de ellas recibi\u00f3 un kit, con pala, guantes de trabajo, botas, manta de abrigo, etc.<\/em><\/strong><\/p>\n\n\n\n<p>Cerca de 50 vecinos de la comuna de Monte Patria fueron parte de la jornada de capacitaci\u00f3n \u201cPrimeras Respuestas ante Desastres\u201d, destinado a las Brigadas Comunitarias de Emergencia. Dicha instancia desarrollada el pasado s\u00e1bado 8 de julio en el camping municipal cont\u00f3 con una clase te\u00f3rica y pr\u00e1ctica, destacando entre las lecciones, la reanimaci\u00f3n por compresi\u00f3n, el uso del DEA (Desfibrilador Externo Autom\u00e1tico) y el control de hemorragias.<\/p>\n\n\n\n<p>Dicha propuesta surge en base a las solicitudes de la comunidad, quienes en sus diversos espacios organizacionales expusieron la necesidad de capacitarse y prepararse frente a emergencias de todo tipo. Las jornadas de capacitaci\u00f3n se han desarrollado en diversos territorios, cada una de ellas incluye clase te\u00f3rica, pr\u00e1ctica y la entrega de kits de emergencia para las organizaciones, entre los elementos se considera guantes, botas de agua, pala, mantas de abrigo, etc.<\/p>\n\n\n\n<p>Patricio Araya, representante de la Fundaci\u00f3n de Capacitaci\u00f3n para Cuerpos de Bomberos y asesor articulador de la Asociaci\u00f3n Chilena de Seguridad (ACHS) destac\u00f3 el sentido de esta jornada y los alcances que tuvo, <strong>\u201clas principales dudas y en lo que me enfoque fue en ense\u00f1ar reanimaci\u00f3n si miedo y con conocimiento, ocupar las compresiones antes que la intervenci\u00f3n a\u00e9rea, saber ocupar los DEA, el control de hemorragias; todas estas cosas son muy puntuales, que la gente sepa y logre contener la escena antes que llegue la persona de emergencia. Se les ense\u00f1o seguridad en la escena, las maniobras de reanimaci\u00f3n, si hay un DEA saber ocuparlo y si tenemos heridos, saber usar las t\u00e9cnicas d control de sangrado\u201d.<\/strong><\/p>\n\n\n\n<p>La jornada de este pasado s\u00e1bado 8 de julio congreg\u00f3 a cerca de 19 Brigadas Comunitarias de Emergencia; Jovana Salinas, vecina de Cerro Alegre de Cha\u00f1aral Alto coment\u00f3 su impresi\u00f3n por la clase, <strong>\u201cpara mi es novedoso, obviamente nos ha ense\u00f1ado harto, yo no sab\u00eda nada de primeros auxilios y es importante que nos capaciten, para en caso de emergencia ayudar a nuestros vecinos\u201d.<\/strong><\/p>\n\n\n\n<p>Desde la representaci\u00f3n local, la administradora municipal y alcaldesa subrogante de la instancia, Olga Barraza plante\u00f3 la importancia de este nuevo taller, valorando de igual forma la alta convocatoria alcanzada, <strong>\u201cuna tremenda convocatoria, m\u00e1s de 45 personas participando hoy en esta jornada de capacitaci\u00f3n frente a emergencia, contentos tambi\u00e9n por la comunidad que ha atendido a este ofrecimiento, nosotros seguiremos estemos mejor podremos enfrentar una emergencia\u201d.<\/strong><\/p>\n\n\n\n<p>Desde una de las localidades extremas del rio Huatulame, Hugo Collao Araya, vecino de C\u00e1rcamo, valor\u00f3 la propuesta, pues contribuye en conocimientos y t\u00e9cnicas concretas para enfrentar situaciones complejas, <strong>\u201cdarle las gracias por esta oportunidad, aqu\u00ed hay muchas cosas que nosotros desconoc\u00edamos, aqu\u00ed hay que estar alerta en caso de emergencia, nosotros solemos asistir a estos eventos y ahora tenemos los conocimientos, Para nosotros como vecinos de C\u00e1rcamo, podemos trasladar este conocimiento a nuestros dem\u00e1s vecinos\u201d.<\/strong><\/p>\n\n\n\n<p>Una de las recomendaciones centrales de la jornada fue la importancia en la comunicaci\u00f3n entre las Brigadas Comunitarias de Emergencia y el personal rescatista; Patricio Araya capacitador de Bomberos y ACHS enfatiz\u00f3 en el rol de estas figuras sociales en medio de la contingencia, <strong>\u201clas brigadas comunitarias son el apoyo a Bomberos, SAMU y Carabineros, los equipos de emergencia no dan abasto, ellos se demoran en llegar; las brigadas comunitarias tienen el deber de darse el apoyo antes que lleguen los equipos de emergencia; por ejemplo, con los incendios forestales, las brigadas act\u00faan como apoyo log\u00edstico, en especial cuando el recurso humano escasea, ellos deben actuar, siempre dejando que los equipos de emergencia propiamente tal realicen correctamente su trabajo\u201d.<\/strong><\/p>\n\n\n\n<p>Si bien la temporada de invierno ya est\u00e1 declarada en la regi\u00f3n de Coquimbo, las jornadas de capacitaci\u00f3n en la comuna continuar\u00e1n, beneficiando as\u00ed a cientos de comunidades para un mejor actuar frente a las emergencias.<\/p>\n","protected":false},"excerpt":{"rendered":"<p>En la instancia se capacitaron a 19 Brigadas Comunitarias de Emergencia, cada una de ellas recibi\u00f3 un kit, con pala, guantes de trabajo, botas, manta de abrigo, etc. Cerca de 50 vecinos de la comuna de Monte Patria fueron parte de la jornada de capacitaci\u00f3n \u201cPrimeras Respuestas ante Desastres\u201d, destinado a las Brigadas Comunitarias de &#8230;<\/p>\n","protected":false},"author":2,"featured_media":9726,"comment_status":"open","ping_status":"open","sticky":false,"template":"","format":"standard","meta":{"footnotes":""},"categories":[3],"tags":[],"class_list":["post-9725","post","type-post","status-publish","format-standard","has-post-thumbnail","hentry","category-actualidad"],"_links":{"self":[{"href":"https:\/\/www.radiolimari.cl\/index.php?rest_route=\/wp\/v2\/posts\/9725","targetHints":{"allow":["GET"]}}],"collection":[{"href":"https:\/\/www.radiolimari.cl\/index.php?rest_route=\/wp\/v2\/posts"}],"about":[{"href":"https:\/\/www.radiolimari.cl\/index.php?rest_route=\/wp\/v2\/types\/post"}],"author":[{"embeddable":true,"href":"https:\/\/www.radiolimari.cl\/index.php?rest_route=\/wp\/v2\/users\/2"}],"replies":[{"embeddable":true,"href":"https:\/\/www.radiolimari.cl\/index.php?rest_route=%2Fwp%2Fv2%2Fcomments&post=9725"}],"version-history":[{"count":1,"href":"https:\/\/www.radiolimari.cl\/index.php?rest_route=\/wp\/v2\/posts\/9725\/revisions"}],"predecessor-version":[{"id":9727,"href":"https:\/\/www.radiolimari.cl\/index.php?rest_route=\/wp\/v2\/posts\/9725\/revisions\/9727"}],"wp:featuredmedia":[{"embeddable":true,"href":"https:\/\/www.radiolimari.cl\/index.php?rest_route=\/wp\/v2\/media\/9726"}],"wp:attachment":[{"href":"https:\/\/www.radiolimari.cl\/index.php?rest_route=%2Fwp%2Fv2%2Fmedia&parent=9725"}],"wp:term":[{"taxonomy":"category","embeddable":true,"href":"https:\/\/www.radiolimari.cl\/index.php?rest_route=%2Fwp%2Fv2%2Fcategories&post=9725"},{"taxonomy":"post_tag","embeddable":true,"href":"https:\/\/www.radiolimari.cl\/index.php?rest_route=%2Fwp%2Fv2%2Ftags&post=9725"}],"curies":[{"name":"wp","href":"https:\/\/api.w.org\/{rel}","templated":true}]}}