{"id":9722,"date":"2023-07-10T15:24:22","date_gmt":"2023-07-10T15:24:22","guid":{"rendered":"https:\/\/www.radiolimari.cl\/?p=9722"},"modified":"2023-07-10T15:24:23","modified_gmt":"2023-07-10T15:24:23","slug":"se-constituyo-comision-censal-de-la-provincia-de-limari","status":"publish","type":"post","link":"https:\/\/www.radiolimari.cl\/?p=9722","title":{"rendered":"Se constituy\u00f3 Comisi\u00f3n Censal de la Provincia de Limar\u00ed"},"content":{"rendered":"\n<figure class=\"wp-block-image size-large\"><a href=\"https:\/\/www.radiolimari.cl\/wp-content\/uploads\/2023\/07\/COMISION-LIMARI.jpeg\"><img fetchpriority=\"high\" decoding=\"async\" width=\"1024\" height=\"768\" src=\"https:\/\/www.radiolimari.cl\/wp-content\/uploads\/2023\/07\/COMISION-LIMARI-1024x768.jpeg\" alt=\"\" class=\"wp-image-9723\" srcset=\"https:\/\/www.radiolimari.cl\/wp-content\/uploads\/2023\/07\/COMISION-LIMARI-1024x768.jpeg 1024w, https:\/\/www.radiolimari.cl\/wp-content\/uploads\/2023\/07\/COMISION-LIMARI-300x225.jpeg 300w, https:\/\/www.radiolimari.cl\/wp-content\/uploads\/2023\/07\/COMISION-LIMARI-768x576.jpeg 768w, https:\/\/www.radiolimari.cl\/wp-content\/uploads\/2023\/07\/COMISION-LIMARI-1536x1152.jpeg 1536w, https:\/\/www.radiolimari.cl\/wp-content\/uploads\/2023\/07\/COMISION-LIMARI.jpeg 1600w\" sizes=\"(max-width: 1024px) 100vw, 1024px\" \/><\/a><\/figure>\n\n\n\n<p>Instancia de coordinaci\u00f3n a nivel provincial con los organismos y funcionarios del Estado, y de las Fuerzas Armadas, de Orden y Seguridad.<\/p>\n\n\n\n<p>Chile se prepara para un nuevo Censo de Poblaci\u00f3n y Vivienda el pr\u00f3ximo a\u00f1o, y en ese contexto el Instituto Nacional de Estad\u00edsticas (INE), se encuentra conformando las comisiones de Log\u00edstica, Transportes, Comunicaciones, Seguridad, y Reclutamiento y Selecci\u00f3n, a nivel regional, provincial y comunal.<\/p>\n\n\n\n<p>En esta oportunidad, se constituy\u00f3 la Comisi\u00f3n Censal de la Provincia del Limar\u00ed, liderada por el delegado presidencial provincial, Galo Luna, qui\u00e9n se refiri\u00f3 a la sesi\u00f3n inaugural indicando que&nbsp;<em>\u201c<\/em><em>hubo una alta concurrencia, tanto de los servicios p\u00fablicos provinciales como tambi\u00e9n de los municipales y creo que esto ha sido muestra de que hay un compromiso de la institucionalidad para sacar adelante esta tarea que se viene planificando con tiempo<\/em><em>\u201d.<\/em><\/p>\n\n\n\n<p>Cabe recordar que, durante el mes de mayo se conform\u00f3 la Comisi\u00f3n Censal de la Regi\u00f3n de Coquimbo, encargada de articular en toda la regi\u00f3n la participaci\u00f3n de los organismos y funcionarios del Estado, y de las Fuerzas Armadas, de Orden y Seguridad.<\/p>\n\n\n\n<p><strong>Precenso en Coquimbo y La Serena<\/strong><strong><\/strong><\/p>\n\n\n\n<p>Por su parte, el director regional (s) del INE Coquimbo, Douglas Henr\u00edquez, reiter\u00f3 el llamado a las vecinas y los vecinos de La Serena y Coquimbo a abrir su puerta al Precenso y record\u00f3 que el personal en terreno est\u00e1 debidamente identificado, se\u00f1alando que&nbsp;<em>\u201clos funcionarios que visitan las viviendas est\u00e1n identificados con una casaquilla azul, con una gorra del mismo color y su respectivo logo institucional bordado; y portan una credencial que tiene impresa una fotograf\u00eda con el nombre, rut y un c\u00f3digo QR, a trav\u00e9s del cual se puede acceder al verificador de la identidad de nuestros funcionarios\u201d.<\/em><em><\/em><\/p>\n\n\n\n<p>Ante cualquier duda o consulta, la poblaci\u00f3n puede comunicarse con el Centro de Atenci\u00f3n Censal llamando al n\u00famero +56 2 3246 1005, o bien, a trav\u00e9s de nuestras redes sociales oficiales de INE y Censo en Twitter, Facebook, Instagram y LinkedIn. Tambi\u00e9n a nuestro correo&nbsp;<a href=\"mailto:censo@ine.gob.cl\" target=\"_blank\" rel=\"noreferrer noopener\">censo@ine.gob.cl<\/a>&nbsp;y visitar nuestras p\u00e1ginas&nbsp;<a href=\"http:\/\/www.ine.gob.cl\/\" target=\"_blank\" rel=\"noreferrer noopener\">www.ine.gob.cl<\/a>&nbsp;o&nbsp;<a href=\"http:\/\/www.censo.gob.cl\/\" target=\"_blank\" rel=\"noreferrer noopener\">www.censo.gob.cl<\/a>.&nbsp;&nbsp;<\/p>\n","protected":false},"excerpt":{"rendered":"<p>Instancia de coordinaci\u00f3n a nivel provincial con los organismos y funcionarios del Estado, y de las Fuerzas Armadas, de Orden y Seguridad. Chile se prepara para un nuevo Censo de Poblaci\u00f3n y Vivienda el pr\u00f3ximo a\u00f1o, y en ese contexto el Instituto Nacional de Estad\u00edsticas (INE), se encuentra conformando las comisiones de Log\u00edstica, Transportes, Comunicaciones, &#8230;<\/p>\n","protected":false},"author":2,"featured_media":9723,"comment_status":"open","ping_status":"open","sticky":false,"template":"","format":"standard","meta":{"footnotes":""},"categories":[5],"tags":[],"class_list":["post-9722","post","type-post","status-publish","format-standard","has-post-thumbnail","hentry","category-actualidad-limarina"],"_links":{"self":[{"href":"https:\/\/www.radiolimari.cl\/index.php?rest_route=\/wp\/v2\/posts\/9722","targetHints":{"allow":["GET"]}}],"collection":[{"href":"https:\/\/www.radiolimari.cl\/index.php?rest_route=\/wp\/v2\/posts"}],"about":[{"href":"https:\/\/www.radiolimari.cl\/index.php?rest_route=\/wp\/v2\/types\/post"}],"author":[{"embeddable":true,"href":"https:\/\/www.radiolimari.cl\/index.php?rest_route=\/wp\/v2\/users\/2"}],"replies":[{"embeddable":true,"href":"https:\/\/www.radiolimari.cl\/index.php?rest_route=%2Fwp%2Fv2%2Fcomments&post=9722"}],"version-history":[{"count":1,"href":"https:\/\/www.radiolimari.cl\/index.php?rest_route=\/wp\/v2\/posts\/9722\/revisions"}],"predecessor-version":[{"id":9724,"href":"https:\/\/www.radiolimari.cl\/index.php?rest_route=\/wp\/v2\/posts\/9722\/revisions\/9724"}],"wp:featuredmedia":[{"embeddable":true,"href":"https:\/\/www.radiolimari.cl\/index.php?rest_route=\/wp\/v2\/media\/9723"}],"wp:attachment":[{"href":"https:\/\/www.radiolimari.cl\/index.php?rest_route=%2Fwp%2Fv2%2Fmedia&parent=9722"}],"wp:term":[{"taxonomy":"category","embeddable":true,"href":"https:\/\/www.radiolimari.cl\/index.php?rest_route=%2Fwp%2Fv2%2Fcategories&post=9722"},{"taxonomy":"post_tag","embeddable":true,"href":"https:\/\/www.radiolimari.cl\/index.php?rest_route=%2Fwp%2Fv2%2Ftags&post=9722"}],"curies":[{"name":"wp","href":"https:\/\/api.w.org\/{rel}","templated":true}]}}