{"id":9710,"date":"2023-07-06T23:37:07","date_gmt":"2023-07-06T23:37:07","guid":{"rendered":"https:\/\/www.radiolimari.cl\/?p=9710"},"modified":"2023-07-06T23:37:07","modified_gmt":"2023-07-06T23:37:07","slug":"seremi-de-salud-coquimbo-paola-salas-realizo-trabajo-en-terreno-en-la-comuna-de-monte-patria","status":"publish","type":"post","link":"https:\/\/www.radiolimari.cl\/?p=9710","title":{"rendered":"Seremi de salud Coquimbo, Paola Salas realiz\u00f3 trabajo en terreno en la comuna de Monte Patria"},"content":{"rendered":"\n<figure class=\"wp-block-image size-large\"><a href=\"https:\/\/www.radiolimari.cl\/wp-content\/uploads\/2023\/07\/IMG_2221-scaled.jpg\"><img fetchpriority=\"high\" decoding=\"async\" width=\"1024\" height=\"683\" src=\"https:\/\/www.radiolimari.cl\/wp-content\/uploads\/2023\/07\/IMG_2221-1024x683.jpg\" alt=\"\" class=\"wp-image-9711\" srcset=\"https:\/\/www.radiolimari.cl\/wp-content\/uploads\/2023\/07\/IMG_2221-1024x683.jpg 1024w, https:\/\/www.radiolimari.cl\/wp-content\/uploads\/2023\/07\/IMG_2221-300x200.jpg 300w, https:\/\/www.radiolimari.cl\/wp-content\/uploads\/2023\/07\/IMG_2221-768x512.jpg 768w, https:\/\/www.radiolimari.cl\/wp-content\/uploads\/2023\/07\/IMG_2221-1536x1024.jpg 1536w, https:\/\/www.radiolimari.cl\/wp-content\/uploads\/2023\/07\/IMG_2221-2048x1365.jpg 2048w\" sizes=\"(max-width: 1024px) 100vw, 1024px\" \/><\/a><\/figure>\n\n\n\n<p><strong><em>La autoridad sanitaria particip\u00f3 del encuentro mensual de la Mesa Rural Campesina en la comuna, sostuvo reuni\u00f3n con equipo de salud municipal y anunci\u00f3 su visita a la Provincia del Choapa para este viernes 7 de julio.<\/em><\/strong><\/p>\n\n\n\n<p>Con gran preocupaci\u00f3n por las bajas coberturas de vacunaci\u00f3n contra la Influenza en la regi\u00f3n de Coquimbo, la Seremi de Salud, Dra. Paola Salas Rivas, arrib\u00f3 durante la ma\u00f1ana de este jueves 6 de julio a la comuna de Monte Patria, con el objetivo de <strong>verificar en terreno los avances del plan de trabajo acordado con los equipos de salud<\/strong> de la comuna, tras el lamentable fallecimiento de la menor de 2 a\u00f1os y 7 meses de la localidad Villa El Palqui.<\/p>\n\n\n\n<p>Tras su participaci\u00f3n en la sesi\u00f3n de trabajo ampliado de la Mesa Rural Campesina de la comuna, que tuvo como objetivo <strong>revisar los avances del Programa Preventivo de Intoxicaciones por Plaguicidas<\/strong>, la Seremi sostuvo encuentro con el equipo del Departamento de Salud Municipal (Desam), para revisar la cobertura de vacunaci\u00f3n que actualmente presenta \u201cun 71% en Influenza, no superando el 58% en personas mayores, as\u00ed que necesitamos que \u00e9ste grupo etario se vacune y, para eso, el equipo de salud debe estar disponible con este fin. Por eso, tuvimos una reuni\u00f3n con los directores de los Cesfam de la comuna, para encargarles que los Puntos de Vacunaci\u00f3n fueran masivos y se implemente la inoculaci\u00f3n a domicilio, con las personas que se inscriban al +56 9 2020 4090. Les solicitamos, igualmente, colaboraci\u00f3n para realizar los ex\u00e1menes de medicina preventiva, en los 80 predios que est\u00e1n trabajando en el programa impulsado por la Seremi de Salud, para evitar intoxicaciones por plaguicidas\u201d, indic\u00f3 la autoridad.<\/p>\n\n\n\n<p>En tanto, Francisco Cort\u00e9s, Director del Desam de Monte Patria, destac\u00f3 que \u201cla autoridad est\u00e1 muy preocupada de las comunas elaborando un trabajo en terreno, lo que es s\u00faper importante para los equipos, en donde nos informa de diversos aspectos, especialmente lo relativo al avance en la vacunaci\u00f3n, que es primordial para analizar c\u00f3mo estamos ejecutando los recursos que se nos env\u00edan, en cuanto a recursos humanos y movilizaci\u00f3n, para llegar efectivamente a la poblaci\u00f3n y cumplir con los porcentajes que se requieren\u201d.<\/p>\n\n\n\n<p><strong>Visita a Illapel y Salamanca<\/strong><\/p>\n\n\n\n<p>Tras un breve paso por Villa El Palqui, la Dra. Salas se traslad\u00f3 hasta la Provincia del Choapa, con motivo del <strong>recorrido que efectuar\u00e1 durante este viernes 7 de julio a las comunas de Illapel y Salamanca<\/strong>, para reforzar la campa\u00f1a de vacunaci\u00f3n regional: \u201cProtege a los tuyos, por un invierno seguro\u201d.<\/p>\n\n\n\n<p>\u201cAhora nos dirigimos al extremo sur de la regi\u00f3n, porque <strong>necesitamos fortalecer la vacunaci\u00f3n en todo el territorio<\/strong>, dado que se prev\u00e9 mal tiempo para los pr\u00f3ximos d\u00edas y las lluvias en ocasiones pueden afectar la salud de las personas si no est\u00e1n inmunizados, por eso es fundamental que podamos vacunar la mayor cantidad de personas previo a que eso ocurra\u201d, se\u00f1al\u00f3 la representante de la Ministra de Salud.<\/p>\n\n\n\n<p>Por su parte, Nataly Carvajal, Delegada Presidencial de la Provincia del Choapa, quien acompa\u00f1ar\u00e1 el recorrido de la titular de salud, hizo un llamado \u201ca los vecinos y vecinas del Choapa, sobre todo aquellos que est\u00e1n en la poblaci\u00f3n de riesgo, para que acudan a vacunarse contra el virus de la Influenza. En esta \u00e9poca de invierno donde la circulaci\u00f3n de virus respiratorios va en aumento, <strong>es necesario que hagamos este pacto de responsabilidad social, para que entre todos y todas podamos cuidarnos<\/strong>. Hemos hecho una gran alianza como Delegaci\u00f3n con la Seremi de Salud, para llegar a todos los rincones de la provincia y las personas acudan a los centros de salud a vacunarse, que es la \u00fanica forma que tenemos de combatir las enfermedades respiratorias\u201d.<\/p>\n","protected":false},"excerpt":{"rendered":"<p>La autoridad sanitaria particip\u00f3 del encuentro mensual de la Mesa Rural Campesina en la comuna, sostuvo reuni\u00f3n con equipo de salud municipal y anunci\u00f3 su visita a la Provincia del Choapa para este viernes 7 de julio. Con gran preocupaci\u00f3n por las bajas coberturas de vacunaci\u00f3n contra la Influenza en la regi\u00f3n de Coquimbo, la &#8230;<\/p>\n","protected":false},"author":2,"featured_media":9711,"comment_status":"open","ping_status":"open","sticky":false,"template":"","format":"standard","meta":{"footnotes":""},"categories":[6],"tags":[],"class_list":["post-9710","post","type-post","status-publish","format-standard","has-post-thumbnail","hentry","category-regionales"],"_links":{"self":[{"href":"https:\/\/www.radiolimari.cl\/index.php?rest_route=\/wp\/v2\/posts\/9710","targetHints":{"allow":["GET"]}}],"collection":[{"href":"https:\/\/www.radiolimari.cl\/index.php?rest_route=\/wp\/v2\/posts"}],"about":[{"href":"https:\/\/www.radiolimari.cl\/index.php?rest_route=\/wp\/v2\/types\/post"}],"author":[{"embeddable":true,"href":"https:\/\/www.radiolimari.cl\/index.php?rest_route=\/wp\/v2\/users\/2"}],"replies":[{"embeddable":true,"href":"https:\/\/www.radiolimari.cl\/index.php?rest_route=%2Fwp%2Fv2%2Fcomments&post=9710"}],"version-history":[{"count":1,"href":"https:\/\/www.radiolimari.cl\/index.php?rest_route=\/wp\/v2\/posts\/9710\/revisions"}],"predecessor-version":[{"id":9712,"href":"https:\/\/www.radiolimari.cl\/index.php?rest_route=\/wp\/v2\/posts\/9710\/revisions\/9712"}],"wp:featuredmedia":[{"embeddable":true,"href":"https:\/\/www.radiolimari.cl\/index.php?rest_route=\/wp\/v2\/media\/9711"}],"wp:attachment":[{"href":"https:\/\/www.radiolimari.cl\/index.php?rest_route=%2Fwp%2Fv2%2Fmedia&parent=9710"}],"wp:term":[{"taxonomy":"category","embeddable":true,"href":"https:\/\/www.radiolimari.cl\/index.php?rest_route=%2Fwp%2Fv2%2Fcategories&post=9710"},{"taxonomy":"post_tag","embeddable":true,"href":"https:\/\/www.radiolimari.cl\/index.php?rest_route=%2Fwp%2Fv2%2Ftags&post=9710"}],"curies":[{"name":"wp","href":"https:\/\/api.w.org\/{rel}","templated":true}]}}