{"id":9705,"date":"2023-07-06T23:21:50","date_gmt":"2023-07-06T23:21:50","guid":{"rendered":"https:\/\/www.radiolimari.cl\/?p=9705"},"modified":"2023-07-06T23:23:57","modified_gmt":"2023-07-06T23:23:57","slug":"habra-lluvias-en-lo-que-queda-de-la-primera-quincena-en-la-region","status":"publish","type":"post","link":"https:\/\/www.radiolimari.cl\/?p=9705","title":{"rendered":"\u00bfHabr\u00e1 lluvias en lo que queda de la primera quincena de Julio en la regi\u00f3n?"},"content":{"rendered":"\n<figure class=\"wp-block-image size-large is-resized\"><a href=\"https:\/\/www.radiolimari.cl\/wp-content\/uploads\/2023\/07\/el-tiempo-20211-1.jpg\"><img fetchpriority=\"high\" decoding=\"async\" src=\"https:\/\/www.radiolimari.cl\/wp-content\/uploads\/2023\/07\/el-tiempo-20211-1-1024x665.jpg\" alt=\"\" class=\"wp-image-9706\" width=\"396\" height=\"257\" srcset=\"https:\/\/www.radiolimari.cl\/wp-content\/uploads\/2023\/07\/el-tiempo-20211-1-1024x665.jpg 1024w, https:\/\/www.radiolimari.cl\/wp-content\/uploads\/2023\/07\/el-tiempo-20211-1-300x195.jpg 300w, https:\/\/www.radiolimari.cl\/wp-content\/uploads\/2023\/07\/el-tiempo-20211-1-768x499.jpg 768w, https:\/\/www.radiolimari.cl\/wp-content\/uploads\/2023\/07\/el-tiempo-20211-1-1536x997.jpg 1536w, https:\/\/www.radiolimari.cl\/wp-content\/uploads\/2023\/07\/el-tiempo-20211-1.jpg 2008w\" sizes=\"(max-width: 396px) 100vw, 396px\" \/><\/a><\/figure>\n\n\n\n<p>Una baja presi\u00f3n atacar\u00e1 Chile por el norte, mientras un sistema frontal se aproximar\u00e1 al pa\u00eds por la zona austral,  la pr\u00f3xima semana.<\/p>\n\n\n\n<p>La tarde del pr\u00f3ximo martes 11 de julio<strong> una baja presi\u00f3n asociada a una vaguada en altura llegar\u00e1 a las costas del norte del pa\u00eds<\/strong>, dejando opciones de<strong>\u00a0chubascos<\/strong>\u00a0sobre las regiones de\u00a0<strong><a href=\"https:\/\/www.meteored.cl\/tiempo-en-America+Sur-Chile-Coquimbo-1-6-196-5506.html\">Coquimbo<\/a>\u00a0y Valpara\u00edso<\/strong>.<\/p>\n\n\n\n<p>Fuente Meteored<\/p>\n","protected":false},"excerpt":{"rendered":"<p>Una baja presi\u00f3n atacar\u00e1 Chile por el norte, mientras un sistema frontal se aproximar\u00e1 al pa\u00eds por la zona austral, la pr\u00f3xima semana. La tarde del pr\u00f3ximo martes 11 de julio una baja presi\u00f3n asociada a una vaguada en altura llegar\u00e1 a las costas del norte del pa\u00eds, dejando opciones de\u00a0chubascos\u00a0sobre las regiones de\u00a0Coquimbo\u00a0y Valpara\u00edso. &#8230;<\/p>\n","protected":false},"author":2,"featured_media":9706,"comment_status":"open","ping_status":"open","sticky":false,"template":"","format":"standard","meta":{"footnotes":""},"categories":[3],"tags":[],"class_list":["post-9705","post","type-post","status-publish","format-standard","has-post-thumbnail","hentry","category-actualidad"],"_links":{"self":[{"href":"https:\/\/www.radiolimari.cl\/index.php?rest_route=\/wp\/v2\/posts\/9705","targetHints":{"allow":["GET"]}}],"collection":[{"href":"https:\/\/www.radiolimari.cl\/index.php?rest_route=\/wp\/v2\/posts"}],"about":[{"href":"https:\/\/www.radiolimari.cl\/index.php?rest_route=\/wp\/v2\/types\/post"}],"author":[{"embeddable":true,"href":"https:\/\/www.radiolimari.cl\/index.php?rest_route=\/wp\/v2\/users\/2"}],"replies":[{"embeddable":true,"href":"https:\/\/www.radiolimari.cl\/index.php?rest_route=%2Fwp%2Fv2%2Fcomments&post=9705"}],"version-history":[{"count":3,"href":"https:\/\/www.radiolimari.cl\/index.php?rest_route=\/wp\/v2\/posts\/9705\/revisions"}],"predecessor-version":[{"id":9709,"href":"https:\/\/www.radiolimari.cl\/index.php?rest_route=\/wp\/v2\/posts\/9705\/revisions\/9709"}],"wp:featuredmedia":[{"embeddable":true,"href":"https:\/\/www.radiolimari.cl\/index.php?rest_route=\/wp\/v2\/media\/9706"}],"wp:attachment":[{"href":"https:\/\/www.radiolimari.cl\/index.php?rest_route=%2Fwp%2Fv2%2Fmedia&parent=9705"}],"wp:term":[{"taxonomy":"category","embeddable":true,"href":"https:\/\/www.radiolimari.cl\/index.php?rest_route=%2Fwp%2Fv2%2Fcategories&post=9705"},{"taxonomy":"post_tag","embeddable":true,"href":"https:\/\/www.radiolimari.cl\/index.php?rest_route=%2Fwp%2Fv2%2Ftags&post=9705"}],"curies":[{"name":"wp","href":"https:\/\/api.w.org\/{rel}","templated":true}]}}