{"id":9702,"date":"2023-07-06T20:14:46","date_gmt":"2023-07-06T20:14:46","guid":{"rendered":"https:\/\/www.radiolimari.cl\/?p=9702"},"modified":"2023-07-06T20:14:46","modified_gmt":"2023-07-06T20:14:46","slug":"valle-del-quilimari-convoco-a-autoridades-para-plantear-inquietudes-en-seguridad-salud-y-turismo","status":"publish","type":"post","link":"https:\/\/www.radiolimari.cl\/?p=9702","title":{"rendered":"Valle del Quilimar\u00ed convoc\u00f3 a autoridades para plantear inquietudes en seguridad, salud y turismo"},"content":{"rendered":"\n<figure class=\"wp-block-image size-large is-resized\"><a href=\"https:\/\/www.radiolimari.cl\/wp-content\/uploads\/2023\/07\/MESA-SEGURIDAD-RURAL-IMG_0670-2.jpeg\"><img fetchpriority=\"high\" decoding=\"async\" src=\"https:\/\/www.radiolimari.cl\/wp-content\/uploads\/2023\/07\/MESA-SEGURIDAD-RURAL-IMG_0670-2-1024x577.jpeg\" alt=\"\" class=\"wp-image-9703\" width=\"396\" height=\"223\" srcset=\"https:\/\/www.radiolimari.cl\/wp-content\/uploads\/2023\/07\/MESA-SEGURIDAD-RURAL-IMG_0670-2-1024x577.jpeg 1024w, https:\/\/www.radiolimari.cl\/wp-content\/uploads\/2023\/07\/MESA-SEGURIDAD-RURAL-IMG_0670-2-300x169.jpeg 300w, https:\/\/www.radiolimari.cl\/wp-content\/uploads\/2023\/07\/MESA-SEGURIDAD-RURAL-IMG_0670-2-768x432.jpeg 768w, https:\/\/www.radiolimari.cl\/wp-content\/uploads\/2023\/07\/MESA-SEGURIDAD-RURAL-IMG_0670-2-1536x865.jpeg 1536w, https:\/\/www.radiolimari.cl\/wp-content\/uploads\/2023\/07\/MESA-SEGURIDAD-RURAL-IMG_0670-2.jpeg 1600w\" sizes=\"(max-width: 396px) 100vw, 396px\" \/><\/a><\/figure>\n\n\n\n<p><strong><em>Estos los principales temas que fueron abordados en una Mesa de Seguridad Rural efectuada en la localidad de Guangual\u00ed y en la que particip\u00f3 el Delegado Presidencial Regional, Rub\u00e9n Quezada, adem\u00e1s del municipio de Los Vilos, representantes de las polic\u00edas, el Consejo Regional y la Diputada Carolina Tello.<\/em><\/strong><\/p>\n\n\n\n<p>Los diversos hechos delictuales que han afectado a los valles interiores de la comuna de Los Vilos han levantado las alertas entre sus vecinos quienes buscan mayores gestiones para resguardar la tranquilidad y potenciar el desarrollo de este territorio.<\/p>\n\n\n\n<p>As\u00ed lo coment\u00f3 Juana Leiva, dirigente social de Quilimar\u00ed, quien dijo que <strong>\u201chay preocupaci\u00f3n por todo lo que est\u00e1 pasando. Estamos alejados de la carretera, dispersos y son situaciones que nunca pensamos que iban a pasar\u201d<\/strong>.<\/p>\n\n\n\n<p>Es en este contexto que organizaciones sociales y Juntas de Vecinos de Tilama, Guangual\u00ed, Qulimar\u00ed, El Tejar, El Manzano, El Quel\u00f3n, entre otras localidades convocaron a autoridades y polic\u00edas para abordar sus problem\u00e1ticas en una Mesa Rural de Seguridad.<\/p>\n\n\n\n<p><strong>\u201cEl tema de la seguridad nos afecta a todos. Hay ni\u00f1os y adultos mayores que est\u00e1n sufriendo y esperamos que haya m\u00e1s seguridad\u201d<\/strong>, sostuvo David Vargas, dirigente del Agua Potable Rural de Tilama.<\/p>\n\n\n\n<p>Y es que \u00e9ste fue el central de este espacio de di\u00e1logo que convoc\u00f3 a la Delegaci\u00f3n presidencial Regional, la Delegaci\u00f3n Presidencial Provincial, la Coordinaci\u00f3n Regional de Seguridad P\u00fablica, la Municipalidad de Los Vilos, Carabineros, Polic\u00eda de Investigaciones, el Gobierno Regional a trav\u00e9s del Consejo Regional y la Diputada Carolina Tello.<\/p>\n\n\n\n<p>Instancia en la que el Delegado Presidencial, Rub\u00e9n Quezada acot\u00f3 que <strong>\u201cestamos trabajando con el municipio, los concejales y la ciudadan\u00eda para establecer un marco conjunto de un tema como es la seguridad. Explicamos c\u00f3mo han ido avanzando los patrullajes e investigaciones y asumimos un compromiso de trabajo mancomunado para llegar con soluciones a los vecinos\u201d.<\/strong><\/p>\n\n\n\n<p><strong>M\u00e1s presencia del Estado, salud y turismo._<\/strong><\/p>\n\n\n\n<p>Uno de los compromisos adoptados fue levantar la solicitud de un ret\u00e9n m\u00f3vil para el Valle de Quilimar\u00ed, lo que se desarrollar\u00e1 en conjunto con la comunidad y con Carabineros. Junto a esto, tambi\u00e9n se establecer\u00e1 una planificaci\u00f3n para generar proyectos que permitan potenciar \u00e1mbitos como la salud y el turismo.<\/p>\n\n\n\n<p>Christian Gross, Alcalde de Los Vilos, puntualiz\u00f3 que <strong>\u201chay un descontento, una sensaci\u00f3n de la poca presencia del Estado que nosotros hemos tratado de enfrentar. Valoramos la presencia del Gobierno y esperamos que este trabajo rinda frutos, no vamos a detener nuestra acci\u00f3n hasta conseguir mayor presencia policial, o mejorar la atenci\u00f3n de salud y apoyar a los emprendedores tur\u00edsticos de los valles. Esas son las soluciones de fondo\u201d<\/strong>.<\/p>\n\n\n\n<p>En torno a salud, el edil explic\u00f3 que la posta de Tilama si bien tiene buena infraestructura, se requiere un fortalecimiento del personal m\u00e9dico, ampliando horarios de atenci\u00f3n y la posibilidad de contar con nueva ambulancia.<\/p>\n\n\n\n<p>Mientras que tambi\u00e9n espera que desde esta mesa se pueda iniciar una gesti\u00f3n para convertir este territorio en una zona de inter\u00e9s tur\u00edstico.<\/p>\n","protected":false},"excerpt":{"rendered":"<p>Estos los principales temas que fueron abordados en una Mesa de Seguridad Rural efectuada en la localidad de Guangual\u00ed y en la que particip\u00f3 el Delegado Presidencial Regional, Rub\u00e9n Quezada, adem\u00e1s del municipio de Los Vilos, representantes de las polic\u00edas, el Consejo Regional y la Diputada Carolina Tello. Los diversos hechos delictuales que han afectado &#8230;<\/p>\n","protected":false},"author":2,"featured_media":9703,"comment_status":"open","ping_status":"open","sticky":false,"template":"","format":"standard","meta":{"footnotes":""},"categories":[6],"tags":[],"class_list":["post-9702","post","type-post","status-publish","format-standard","has-post-thumbnail","hentry","category-regionales"],"_links":{"self":[{"href":"https:\/\/www.radiolimari.cl\/index.php?rest_route=\/wp\/v2\/posts\/9702","targetHints":{"allow":["GET"]}}],"collection":[{"href":"https:\/\/www.radiolimari.cl\/index.php?rest_route=\/wp\/v2\/posts"}],"about":[{"href":"https:\/\/www.radiolimari.cl\/index.php?rest_route=\/wp\/v2\/types\/post"}],"author":[{"embeddable":true,"href":"https:\/\/www.radiolimari.cl\/index.php?rest_route=\/wp\/v2\/users\/2"}],"replies":[{"embeddable":true,"href":"https:\/\/www.radiolimari.cl\/index.php?rest_route=%2Fwp%2Fv2%2Fcomments&post=9702"}],"version-history":[{"count":1,"href":"https:\/\/www.radiolimari.cl\/index.php?rest_route=\/wp\/v2\/posts\/9702\/revisions"}],"predecessor-version":[{"id":9704,"href":"https:\/\/www.radiolimari.cl\/index.php?rest_route=\/wp\/v2\/posts\/9702\/revisions\/9704"}],"wp:featuredmedia":[{"embeddable":true,"href":"https:\/\/www.radiolimari.cl\/index.php?rest_route=\/wp\/v2\/media\/9703"}],"wp:attachment":[{"href":"https:\/\/www.radiolimari.cl\/index.php?rest_route=%2Fwp%2Fv2%2Fmedia&parent=9702"}],"wp:term":[{"taxonomy":"category","embeddable":true,"href":"https:\/\/www.radiolimari.cl\/index.php?rest_route=%2Fwp%2Fv2%2Fcategories&post=9702"},{"taxonomy":"post_tag","embeddable":true,"href":"https:\/\/www.radiolimari.cl\/index.php?rest_route=%2Fwp%2Fv2%2Ftags&post=9702"}],"curies":[{"name":"wp","href":"https:\/\/api.w.org\/{rel}","templated":true}]}}