{"id":9694,"date":"2023-07-06T16:46:53","date_gmt":"2023-07-06T16:46:53","guid":{"rendered":"https:\/\/www.radiolimari.cl\/?p=9694"},"modified":"2023-07-06T16:48:24","modified_gmt":"2023-07-06T16:48:24","slug":"pdi-aborda-impacto-de-delitos-que-enfrentan-ninos-ninas-y-adolescentes-en-la-educacion","status":"publish","type":"post","link":"https:\/\/www.radiolimari.cl\/?p=9694","title":{"rendered":"Pdi aborda impacto de delitos que enfrentan ni\u00f1os, ni\u00f1as y adolescentes en la educaci\u00f3n"},"content":{"rendered":"\n<figure class=\"wp-block-image size-full\"><a href=\"https:\/\/www.radiolimari.cl\/wp-content\/uploads\/2023\/07\/WhatsApp-Image-2023-07-03-at-22.23.48.jpeg\"><img fetchpriority=\"high\" decoding=\"async\" width=\"975\" height=\"693\" src=\"https:\/\/www.radiolimari.cl\/wp-content\/uploads\/2023\/07\/WhatsApp-Image-2023-07-03-at-22.23.48.jpeg\" alt=\"\" class=\"wp-image-9697\" srcset=\"https:\/\/www.radiolimari.cl\/wp-content\/uploads\/2023\/07\/WhatsApp-Image-2023-07-03-at-22.23.48.jpeg 975w, https:\/\/www.radiolimari.cl\/wp-content\/uploads\/2023\/07\/WhatsApp-Image-2023-07-03-at-22.23.48-300x213.jpeg 300w, https:\/\/www.radiolimari.cl\/wp-content\/uploads\/2023\/07\/WhatsApp-Image-2023-07-03-at-22.23.48-768x546.jpeg 768w\" sizes=\"(max-width: 975px) 100vw, 975px\" \/><\/a><\/figure>\n\n\n\n<p><em>M\u00e1s de 100 profesionales y funcionarios, que trabajan en relaci\u00f3n con la convivencia escolar y la educaci\u00f3n participaron en un seminario para abordar los delitos y amenazas que enfrenta la comunidad.<\/em><\/p>\n\n\n\n<p>Los alumnos y alumnas de la ense\u00f1anza preescolar, b\u00e1sica y media enfrentan una compleja realidad por una serie de problemas y delitos asociados al uso de las redes sociales y plataformas digitales, que se manifiestan y alteran la convivencia educativa.<\/p>\n\n\n\n<p>Conscientes de la necesidad que tienen las comunidades escolares para contar con informaci\u00f3n fidedigna y advertir esta amenaza para proteger a ni\u00f1os, ni\u00f1as y adolescentes, los detectives de la Brigada de Investigaci\u00f3n Criminal Ovalle participaron en una nueva jornada de difusi\u00f3n y preparaci\u00f3n profesional junto a oficiales especializados del Departamento de Acci\u00f3n Comunitaria, de la Regi\u00f3n Metropolitana.<\/p>\n\n\n\n<p><strong>\u201cSon m\u00e1s de 100 participantes de la provincia de Limar\u00ed que son parte de este nuevo seminario que realizamos en la Escuela Am\u00e9rica de Combarbal\u00e1, y que ya desarrollamos en Monte Patria y Ovalle para difundir nuestro rol investigativo, adem\u00e1s de los impactos que tienen estos delitos y los desaf\u00edos para advertir a tiempo y abordar las manifestaciones que pueden atentar contra nuestros alumnos, alumnas y sus familias, marc\u00e1ndolas para siempre\u201d,<\/strong> se\u00f1al\u00f3 el subprefecto Daniel Leal, jefe de la Brigada de Investigaci\u00f3n Criminal Ovalle.<\/p>\n\n\n\n<p>El Bullyng y fen\u00f3menos emergentes asociados a la violencia escolar, los derechos y deberes de la nueva Ley de Migraciones y Extranjer\u00eda en el contexto educativo, adem\u00e1s de las agresiones sexuales y sus canales de denuncia con el fin de hacerse cargo de manera eficiente y oportuna son parte de las tem\u00e1ticas que abordaron los relatores de la PDI de la Jefatura Nacional de Delitos Contra Las Personas y de la Brigada de Investigaci\u00f3n Criminal Ovalle, de la Secci\u00f3n Migraciones y Polic\u00eda Internacional, en conjunto con equipos del Departamento de Administraci\u00f3n y Educaci\u00f3n Municipal de Combarbal\u00e1.<\/p>\n","protected":false},"excerpt":{"rendered":"<p>M\u00e1s de 100 profesionales y funcionarios, que trabajan en relaci\u00f3n con la convivencia escolar y la educaci\u00f3n participaron en un seminario para abordar los delitos y amenazas que enfrenta la comunidad. Los alumnos y alumnas de la ense\u00f1anza preescolar, b\u00e1sica y media enfrentan una compleja realidad por una serie de problemas y delitos asociados al &#8230;<\/p>\n","protected":false},"author":2,"featured_media":9697,"comment_status":"open","ping_status":"open","sticky":false,"template":"","format":"standard","meta":{"footnotes":""},"categories":[6],"tags":[],"class_list":["post-9694","post","type-post","status-publish","format-standard","has-post-thumbnail","hentry","category-regionales"],"_links":{"self":[{"href":"https:\/\/www.radiolimari.cl\/index.php?rest_route=\/wp\/v2\/posts\/9694","targetHints":{"allow":["GET"]}}],"collection":[{"href":"https:\/\/www.radiolimari.cl\/index.php?rest_route=\/wp\/v2\/posts"}],"about":[{"href":"https:\/\/www.radiolimari.cl\/index.php?rest_route=\/wp\/v2\/types\/post"}],"author":[{"embeddable":true,"href":"https:\/\/www.radiolimari.cl\/index.php?rest_route=\/wp\/v2\/users\/2"}],"replies":[{"embeddable":true,"href":"https:\/\/www.radiolimari.cl\/index.php?rest_route=%2Fwp%2Fv2%2Fcomments&post=9694"}],"version-history":[{"count":2,"href":"https:\/\/www.radiolimari.cl\/index.php?rest_route=\/wp\/v2\/posts\/9694\/revisions"}],"predecessor-version":[{"id":9698,"href":"https:\/\/www.radiolimari.cl\/index.php?rest_route=\/wp\/v2\/posts\/9694\/revisions\/9698"}],"wp:featuredmedia":[{"embeddable":true,"href":"https:\/\/www.radiolimari.cl\/index.php?rest_route=\/wp\/v2\/media\/9697"}],"wp:attachment":[{"href":"https:\/\/www.radiolimari.cl\/index.php?rest_route=%2Fwp%2Fv2%2Fmedia&parent=9694"}],"wp:term":[{"taxonomy":"category","embeddable":true,"href":"https:\/\/www.radiolimari.cl\/index.php?rest_route=%2Fwp%2Fv2%2Fcategories&post=9694"},{"taxonomy":"post_tag","embeddable":true,"href":"https:\/\/www.radiolimari.cl\/index.php?rest_route=%2Fwp%2Fv2%2Ftags&post=9694"}],"curies":[{"name":"wp","href":"https:\/\/api.w.org\/{rel}","templated":true}]}}