{"id":9691,"date":"2023-07-06T02:47:37","date_gmt":"2023-07-06T02:47:37","guid":{"rendered":"https:\/\/www.radiolimari.cl\/?p=9691"},"modified":"2023-07-06T02:47:38","modified_gmt":"2023-07-06T02:47:38","slug":"en-combarbala-se-desarrollo-seminario-promoviendo-la-seguridad-escolar-de-ninos-ninas-y-adolescentes","status":"publish","type":"post","link":"https:\/\/www.radiolimari.cl\/?p=9691","title":{"rendered":"En Combarbal\u00e1, se desarroll\u00f3 Seminario \u201cPromoviendo la Seguridad Escolar de ni\u00f1os, ni\u00f1as y Adolescentes\u201d"},"content":{"rendered":"\n<figure class=\"wp-block-image size-large\"><a href=\"https:\/\/www.radiolimari.cl\/wp-content\/uploads\/2023\/07\/ok2-scaled.jpeg\"><img fetchpriority=\"high\" decoding=\"async\" width=\"1024\" height=\"768\" src=\"https:\/\/www.radiolimari.cl\/wp-content\/uploads\/2023\/07\/ok2-1024x768.jpeg\" alt=\"\" class=\"wp-image-9692\" srcset=\"https:\/\/www.radiolimari.cl\/wp-content\/uploads\/2023\/07\/ok2-1024x768.jpeg 1024w, https:\/\/www.radiolimari.cl\/wp-content\/uploads\/2023\/07\/ok2-300x225.jpeg 300w, https:\/\/www.radiolimari.cl\/wp-content\/uploads\/2023\/07\/ok2-768x576.jpeg 768w, https:\/\/www.radiolimari.cl\/wp-content\/uploads\/2023\/07\/ok2-1536x1152.jpeg 1536w, https:\/\/www.radiolimari.cl\/wp-content\/uploads\/2023\/07\/ok2-2048x1536.jpeg 2048w\" sizes=\"(max-width: 1024px) 100vw, 1024px\" \/><\/a><\/figure>\n\n\n\n<p>En el auditorio de la Escuela Am\u00e9rica de Combarbal\u00e1, se desarroll\u00f3 este importante seminario, organizado por el DAEM de la Municipalidad de Combarbal\u00e1,\u00a0 en conjunto con la Polic\u00eda de Investigaciones.<\/p>\n\n\n\n<p>La actividad cont\u00f3 con la presencia del Alcalde de Combarbal\u00e1, Pedro Castillo D\u00edaz, la jefa del Departamento Provincial de Educaci\u00f3n, Susana Torres, Jefa del DAEM De Combarbal\u00e1, Silvia Cort\u00e9s G\u00f3mez, representantes de la PDI, representantes de Carabineros, Delegaciones de los DAEM de Monte Patria, R\u00edo Hurtado, Ovalle y profesionales de las escuelas y liceo de la comuna. <\/p>\n\n\n\n<p>Este seminario se dividi\u00f3 en tres charlas tituladas: \u201cBullyng y fen\u00f3menos emergentes asociados\u00a0 a la violencia escolar\u201d, \u201cLa nueva ley de Migraciones y Extranjer\u00eda (orientada al \u00e1rea de la educaci\u00f3n)\u201d y \u201cAgresiones sexuales a menores\u201d. <\/p>\n\n\n\n<p>En su intervenci\u00f3n, el Alcalde de Combarbal\u00e1, valor\u00f3 el hecho de la presencia de los asistentes en este seminario, con lo que demuestran su inter\u00e9s por el desarrollo del proceso educativo en cada uno de los establecimientos, tanto comunales como regionales a los cu\u00e1les representan, adem\u00e1s, destac\u00f3 la presencia del Subprefecto de la PDI, Daniel Leal, qui\u00e9n gestion\u00f3 la presencia del equipo de acci\u00f3n comunitaria de la PDI, que ha llegado desde Santiago a compartir sus experiencias manteniendo un di\u00e1logo fruct\u00edfero con la audiencia: \u201cEsta convocatoria, nace del trabajo del concejo comunal de Seguridad P\u00fablica, d\u00f3nde solicitamos el apoyo, siempre presto y disponible de la PDI. Tambi\u00e9n destaco el hecho, de que con los distintos programas presentes en este seminario, en conjunto, se pueda realmente generar la construcci\u00f3n de una red. Eso toma trabajo, tiempo, muchas veces se generan dificultades por la interacci\u00f3n humana, pero hay que seguir sin claudicar en poder construir estas redes, para que distintos organismos que est\u00e1n presentes en el quehacer educativo, puedan fortalecer el rol que se desarrolla en cada uno de los establecimientos educacionales. Muchas veces, las problem\u00e1ticas que se dan son multifactoriales, son multisistemicas, que no se solucionan solamente por la acci\u00f3n de un profesor\u00a0 o un asistente de la educaci\u00f3n , sino que se requiere un abordaje integral, y el objetivo de este encuentro es poder cultivar y generar las instancias para que esas redes se puedan fortalecer; as\u00ed que estoy muy agradecido del trabajo que se ha desarrollado para este seminario. Creo que solamente el trabajo coordinado, en conjunto y principalmente la posibilidad de vernos cara a cara para saber que oferta program\u00e1tica y que apoyo se puede entregar, es fundamental para abordar los desaf\u00edos de una sociedad cada vez m\u00e1s compleja, que nos impone m\u00e1s y m\u00e1s problemas, de mayor complejidad, que ciertamente hay que abordar en conjunto, y con una mirada mucho m\u00e1s amplia que la que ten\u00edamos en el pasado\u201d.<\/p>\n\n\n\n<p>Por su parte el Subprefecto Daniel Leal Parada, Jefe de la Brigada de Investigaci\u00f3n Criminal de la PDI Ovalle, se\u00f1al\u00f3: \u201cTodas \u00e9stas iniciativas que se han ido materializando, son parte de un programa de actividades que tenemos pensado para toda la provincia, y en mis 27 a\u00f1os de servicio, no dejo de sorprenderme al escuchar estas tem\u00e1ticas, no dejo de sorprenderme de las consultas que ustedes realizan que pueden sonar para nosotros sencillas y\/o complejas, pero siempre son innovadoras. La casu\u00edstica en este tipo de cosas, da para mucho y siempre hay escenarios y situaciones que se nos escapan de una explicaci\u00f3n previa, entonces siempre vamos a tener dudas respecto del quehacer y donde acudir, y de que manera generar las mejores derivaciones; es por eso que la m\u00e1s profunda \u00a0de las intenciones, es precisamente acotar esas instancias de dudas que ustedes tienen, y poder generar los procedimientos correctos principalmente cuando los afectados son nuestros ni\u00f1os, ni\u00f1as y adolescentes. Quiero agradecer a la organizaci\u00f3n de \u00e9ste evento, ya que pocas veces nos hemos visto con una organizaci\u00f3n tan meticulosa, tan profesional y eso se agradece. Nuestros ni\u00f1os, ni\u00f1as y adolescentes, son la base m\u00e1s significativa de nuestros esfuerzos; como Polic\u00eda de Investigaciones de Chile nosotros somos una instituci\u00f3n de car\u00e1cter investigativa; cada uno de nuestros detectives, tiene una formaci\u00f3n profesional de car\u00e1cter investigativa, pero desarrollamos con el correr del tiempo, un fuerte compromiso social que busca satisfacer las necesidades de nuestra comunidad, en materia principalmente de seguridad, seguridad integral , seguridad transversal, donde todos los actores debemos tener un rol relevante y significativo. Si todos hici\u00e9ramos nuestro trabajo de buena forma, el \u00fanico resultado esperado, ser\u00eda el de la satisfacci\u00f3n generalizada de todos quienes reciben nuestro servicio. Vayan nuestras felicitaciones al DAEM de Combarbal\u00e1, que esta ocupado de este tema, m\u00e1s all\u00e1 de la preocupaci\u00f3n constante que generan estas tem\u00e1ticas\u201d. destac\u00f3. \u00a0\u00a0\u00a0\u00a0\u00a0\u00a0\u00a0\u00a0\u00a0 <\/p>\n","protected":false},"excerpt":{"rendered":"<p>En el auditorio de la Escuela Am\u00e9rica de Combarbal\u00e1, se desarroll\u00f3 este importante seminario, organizado por el DAEM de la Municipalidad de Combarbal\u00e1,\u00a0 en conjunto con la Polic\u00eda de Investigaciones. La actividad cont\u00f3 con la presencia del Alcalde de Combarbal\u00e1, Pedro Castillo D\u00edaz, la jefa del Departamento Provincial de Educaci\u00f3n, Susana Torres, Jefa del DAEM &#8230;<\/p>\n","protected":false},"author":2,"featured_media":9692,"comment_status":"open","ping_status":"open","sticky":false,"template":"","format":"standard","meta":{"footnotes":""},"categories":[5],"tags":[],"class_list":["post-9691","post","type-post","status-publish","format-standard","has-post-thumbnail","hentry","category-actualidad-limarina"],"_links":{"self":[{"href":"https:\/\/www.radiolimari.cl\/index.php?rest_route=\/wp\/v2\/posts\/9691","targetHints":{"allow":["GET"]}}],"collection":[{"href":"https:\/\/www.radiolimari.cl\/index.php?rest_route=\/wp\/v2\/posts"}],"about":[{"href":"https:\/\/www.radiolimari.cl\/index.php?rest_route=\/wp\/v2\/types\/post"}],"author":[{"embeddable":true,"href":"https:\/\/www.radiolimari.cl\/index.php?rest_route=\/wp\/v2\/users\/2"}],"replies":[{"embeddable":true,"href":"https:\/\/www.radiolimari.cl\/index.php?rest_route=%2Fwp%2Fv2%2Fcomments&post=9691"}],"version-history":[{"count":1,"href":"https:\/\/www.radiolimari.cl\/index.php?rest_route=\/wp\/v2\/posts\/9691\/revisions"}],"predecessor-version":[{"id":9693,"href":"https:\/\/www.radiolimari.cl\/index.php?rest_route=\/wp\/v2\/posts\/9691\/revisions\/9693"}],"wp:featuredmedia":[{"embeddable":true,"href":"https:\/\/www.radiolimari.cl\/index.php?rest_route=\/wp\/v2\/media\/9692"}],"wp:attachment":[{"href":"https:\/\/www.radiolimari.cl\/index.php?rest_route=%2Fwp%2Fv2%2Fmedia&parent=9691"}],"wp:term":[{"taxonomy":"category","embeddable":true,"href":"https:\/\/www.radiolimari.cl\/index.php?rest_route=%2Fwp%2Fv2%2Fcategories&post=9691"},{"taxonomy":"post_tag","embeddable":true,"href":"https:\/\/www.radiolimari.cl\/index.php?rest_route=%2Fwp%2Fv2%2Ftags&post=9691"}],"curies":[{"name":"wp","href":"https:\/\/api.w.org\/{rel}","templated":true}]}}