{"id":9688,"date":"2023-07-05T20:49:51","date_gmt":"2023-07-05T20:49:51","guid":{"rendered":"https:\/\/www.radiolimari.cl\/?p=9688"},"modified":"2023-07-05T20:49:52","modified_gmt":"2023-07-05T20:49:52","slug":"el-proximo-4-de-agosto-se-abriran-reservas-para-obtener-primeras-licencias-de-conducir-en-ovalle","status":"publish","type":"post","link":"https:\/\/www.radiolimari.cl\/?p=9688","title":{"rendered":"El pr\u00f3ximo 4 de agosto se abrir\u00e1n reservas para obtener primeras licencias de conducir en Ovalle."},"content":{"rendered":"\n<figure class=\"wp-block-image size-large\"><a href=\"https:\/\/www.radiolimari.cl\/wp-content\/uploads\/2023\/07\/Licencias-de-Conducir-Ovalle-1-scaled.jpg\"><img fetchpriority=\"high\" decoding=\"async\" width=\"1024\" height=\"768\" src=\"https:\/\/www.radiolimari.cl\/wp-content\/uploads\/2023\/07\/Licencias-de-Conducir-Ovalle-1-1024x768.jpg\" alt=\"\" class=\"wp-image-9689\" srcset=\"https:\/\/www.radiolimari.cl\/wp-content\/uploads\/2023\/07\/Licencias-de-Conducir-Ovalle-1-1024x768.jpg 1024w, https:\/\/www.radiolimari.cl\/wp-content\/uploads\/2023\/07\/Licencias-de-Conducir-Ovalle-1-300x225.jpg 300w, https:\/\/www.radiolimari.cl\/wp-content\/uploads\/2023\/07\/Licencias-de-Conducir-Ovalle-1-768x576.jpg 768w, https:\/\/www.radiolimari.cl\/wp-content\/uploads\/2023\/07\/Licencias-de-Conducir-Ovalle-1-1536x1152.jpg 1536w, https:\/\/www.radiolimari.cl\/wp-content\/uploads\/2023\/07\/Licencias-de-Conducir-Ovalle-1-2048x1536.jpg 2048w\" sizes=\"(max-width: 1024px) 100vw, 1024px\" \/><\/a><\/figure>\n\n\n\n<p><strong><em>Con respecto a la renovaci\u00f3n, la prioridad son los usuarios locales y para esto se efectuar\u00e1 un agendamiento presencial, de lunes a viernes de 16 a 17 horas, en la Direcci\u00f3n de Tr\u00e1nsito del municipio de Ovalle. <\/em><\/strong><\/p>\n\n\n\n<p>Quienes deseen obtener su primera licencia de conducir tendr\u00e1n una nueva oportunidad de agendar su requerimiento el pr\u00f3ximo viernes 4 de agosto, puesto que se realizar\u00e1 la apertura de cupos, a trav\u00e9s de la p\u00e1gina web <a href=\"http:\/\/www.municipalidaddeovalle.cl\">www.municipalidaddeovalle.cl<\/a><\/p>\n\n\n\n<p>En este proceso, se pondr\u00e1n a disposici\u00f3n 300 cupos para agosto y 300 para septiembre, en el que se priorizar\u00e1n los requerimientos de los usuarios locales. En tanto, el 4 de octubre se abrir\u00e1 una nueva opci\u00f3n para quienes tengan que llevar a cabo este tr\u00e1mite obligatorio durante el 2023, con la misma cantidad de cupos. En tanto, en lo referente a la renovaci\u00f3n de licencias, se podr\u00e1 realizar la reserva de forma presencial, de lunes a viernes de 16.00 a 17.00 horas, con 10 cupos diarios, donde tambi\u00e9n se dar\u00e1 preferencia a los residentes de Ovalle.<\/p>\n\n\n\n<p>Dentro de los objetivos de la Direcci\u00f3n de Tr\u00e1nsito Municipal, se encuentra la opci\u00f3n de aumentar \u201cla disponibilidad de cupos de forma paulatina, para que m\u00e1s personas puedan regularizar tanto sus primeras licencias, como la renovaci\u00f3n de este documento\u201d sostuvo el director de Tr\u00e1nsito del municipio local, David Far\u00edas Mateluna.<\/p>\n\n\n\n<p>Asimismo, en las pr\u00f3ximas semanas se habilitar\u00e1 un nuevo sistema de agendamiento web y sistema de gesti\u00f3n. \u201cLa idea es potenciar nuestra atenci\u00f3n y ampliar la cobertura que tenemos en la actualidad, a trav\u00e9s de iniciativas y proyectos, s\u00f3lo con el compromiso de que m\u00e1s personas puedan realizar sus tr\u00e1mites en la Direcci\u00f3n de Tr\u00e1nsito\u201d agreg\u00f3 Far\u00edas.<\/p>\n\n\n\n<p>El alcalde Jonathan Acu\u00f1a Rojas afirm\u00f3 que como administraci\u00f3n municipal \u201cnos esforzaremos y pondremos todo lo que est\u00e9 a nuestro alcance, para que los inconvenientes que se producen en la Direcci\u00f3n de Tr\u00e1nsito Municipal, debido a la excesiva demanda, disminuyan considerablemente. Nuestro prop\u00f3sito es que exista un proceso amigable para nuestros usuarios y usuarias\u201d.<\/p>\n\n\n\n<p>Cabe destacar, que las licencias de conducir que vencieron los a\u00f1os 2020 y 2021 tienen que ser renovadas obligatoriamente este a\u00f1o. En tanto, para los a\u00f1os siguientes los requerimientos se ir\u00e1n atendiendo progresivamente, con el objetivo principal de bajar los altos \u00edndices de demandas que existe en la actualidad.<\/p>\n","protected":false},"excerpt":{"rendered":"<p>Con respecto a la renovaci\u00f3n, la prioridad son los usuarios locales y para esto se efectuar\u00e1 un agendamiento presencial, de lunes a viernes de 16 a 17 horas, en la Direcci\u00f3n de Tr\u00e1nsito del municipio de Ovalle. Quienes deseen obtener su primera licencia de conducir tendr\u00e1n una nueva oportunidad de agendar su requerimiento el pr\u00f3ximo &#8230;<\/p>\n","protected":false},"author":2,"featured_media":9689,"comment_status":"open","ping_status":"open","sticky":false,"template":"","format":"standard","meta":{"footnotes":""},"categories":[5],"tags":[],"class_list":["post-9688","post","type-post","status-publish","format-standard","has-post-thumbnail","hentry","category-actualidad-limarina"],"_links":{"self":[{"href":"https:\/\/www.radiolimari.cl\/index.php?rest_route=\/wp\/v2\/posts\/9688","targetHints":{"allow":["GET"]}}],"collection":[{"href":"https:\/\/www.radiolimari.cl\/index.php?rest_route=\/wp\/v2\/posts"}],"about":[{"href":"https:\/\/www.radiolimari.cl\/index.php?rest_route=\/wp\/v2\/types\/post"}],"author":[{"embeddable":true,"href":"https:\/\/www.radiolimari.cl\/index.php?rest_route=\/wp\/v2\/users\/2"}],"replies":[{"embeddable":true,"href":"https:\/\/www.radiolimari.cl\/index.php?rest_route=%2Fwp%2Fv2%2Fcomments&post=9688"}],"version-history":[{"count":1,"href":"https:\/\/www.radiolimari.cl\/index.php?rest_route=\/wp\/v2\/posts\/9688\/revisions"}],"predecessor-version":[{"id":9690,"href":"https:\/\/www.radiolimari.cl\/index.php?rest_route=\/wp\/v2\/posts\/9688\/revisions\/9690"}],"wp:featuredmedia":[{"embeddable":true,"href":"https:\/\/www.radiolimari.cl\/index.php?rest_route=\/wp\/v2\/media\/9689"}],"wp:attachment":[{"href":"https:\/\/www.radiolimari.cl\/index.php?rest_route=%2Fwp%2Fv2%2Fmedia&parent=9688"}],"wp:term":[{"taxonomy":"category","embeddable":true,"href":"https:\/\/www.radiolimari.cl\/index.php?rest_route=%2Fwp%2Fv2%2Fcategories&post=9688"},{"taxonomy":"post_tag","embeddable":true,"href":"https:\/\/www.radiolimari.cl\/index.php?rest_route=%2Fwp%2Fv2%2Ftags&post=9688"}],"curies":[{"name":"wp","href":"https:\/\/api.w.org\/{rel}","templated":true}]}}