{"id":9682,"date":"2023-07-05T19:48:55","date_gmt":"2023-07-05T19:48:55","guid":{"rendered":"https:\/\/www.radiolimari.cl\/?p=9682"},"modified":"2023-07-05T19:48:55","modified_gmt":"2023-07-05T19:48:55","slug":"ovalle-fiscalia-apelo-sustitucion-de-cumplimiento-de-pena-en-delito-de-violacion-y-corte-ordeno-que-acusado-debera-hacerlo-en-forma-efectiva","status":"publish","type":"post","link":"https:\/\/www.radiolimari.cl\/?p=9682","title":{"rendered":"Ovalle: Fiscal\u00eda apel\u00f3 sustituci\u00f3n de cumplimiento de pena en delito de violaci\u00f3n y Corte orden\u00f3 que acusado deber\u00e1 hacerlo en forma efectiva."},"content":{"rendered":"\n<figure class=\"wp-block-image size-full\"><a href=\"https:\/\/www.radiolimari.cl\/wp-content\/uploads\/2023\/07\/20230705_154305.jpg\"><img fetchpriority=\"high\" decoding=\"async\" width=\"1000\" height=\"667\" src=\"https:\/\/www.radiolimari.cl\/wp-content\/uploads\/2023\/07\/20230705_154305.jpg\" alt=\"\" class=\"wp-image-9683\" srcset=\"https:\/\/www.radiolimari.cl\/wp-content\/uploads\/2023\/07\/20230705_154305.jpg 1000w, https:\/\/www.radiolimari.cl\/wp-content\/uploads\/2023\/07\/20230705_154305-300x200.jpg 300w, https:\/\/www.radiolimari.cl\/wp-content\/uploads\/2023\/07\/20230705_154305-768x512.jpg 768w\" sizes=\"(max-width: 1000px) 100vw, 1000px\" \/><\/a><\/figure>\n\n\n\n<p><em><em>La Fiscal\u00eda interpuso ese recurso en que apel\u00f3 para revocar la pena sustitutiva que se le hab\u00eda impuesto al sujeto.<\/em>.<\/em><\/p>\n\n\n\n<p>La Unidad de Asesor\u00eda Jur\u00eddica de la Fiscal\u00eda Regional de Coquimbo inform\u00f3 que la Corte de Apelaciones de La Serena revoc\u00f3 la decisi\u00f3n de primera instancia de un sujeto sentenciado el 24 de Mayo de 2023 en Ovalle, condenado por violaci\u00f3n impropia, pero que se le otorg\u00f3 una forma sustitutiva de cumplimiento de la misma.<\/p>\n\n\n\n<p>En los hechos, la Fiscal\u00eda de Ovalle acredit\u00f3 el delito contra el acusado, quien fue sentenciado por el Tribunal Oral de esa comuna a 3 a\u00f1os y un d\u00eda de presidio menor en su grado m\u00e1ximo bajo cumplimiento de libertad vigilada intensiva.<\/p>\n\n\n\n<p>En el recurso, la Fiscal\u00eda argument\u00f3 que la resoluci\u00f3n de fecha 24 de Mayo de 2023 caus\u00f3 agravio toda vez que otorga una forma sustitutiva de cumplimiento de la sentencia condenatoria que \u201ccreemos que es improcedentes por expreso mandato legal, es decir,&nbsp; otorga el cumplimiento bajo la modalidad de libertad Vigilada intensiva, a un delito consumado de violaci\u00f3n impropia, benefici\u00e1ndolo en contra de lo prescrito en el art\u00edculo 1 y 15 bis de la ley 18.216\u201d, dijo el ente persecutor.<\/p>\n\n\n\n<p>La Fiscal\u00eda sostuvo que el sujeto no prest\u00f3 colaboraci\u00f3n y no declar\u00f3 en la etapa investigativa, adem\u00e1s que en su momento no hubo alegaciones de las partes en la forma de cumplimiento como para el pronunciamiento del Tribunal.<\/p>\n\n\n\n<p>Elizabeth Guajardo, jefa de la Unidad de Asesor\u00eda Jur\u00eddica de la Fiscal\u00eda Regional, inform\u00f3 adem\u00e1s que la Corte \u201cacogi\u00f3 el recurso de apelaci\u00f3n deducido por la abogada Carol G\u00f3mez, quien en calidad de fiscal asumi\u00f3 el Juicio Oral de la causa-. De esta forma, la Corte revoca decisi\u00f3n de concesi\u00f3n de libertad vigilada intensiva al condenado por delito consumado de violaci\u00f3n de menor de 14 a\u00f1os, por existir prohibici\u00f3n expresa en el art. 1 inciso 2\u00b0 de la ley 18.216\u201d, dijo.<\/p>\n\n\n\n<p><\/p>\n","protected":false},"excerpt":{"rendered":"<p>La Fiscal\u00eda interpuso ese recurso en que apel\u00f3 para revocar la pena sustitutiva que se le hab\u00eda impuesto al sujeto.. La Unidad de Asesor\u00eda Jur\u00eddica de la Fiscal\u00eda Regional de Coquimbo inform\u00f3 que la Corte de Apelaciones de La Serena revoc\u00f3 la decisi\u00f3n de primera instancia de un sujeto sentenciado el 24 de Mayo de &#8230;<\/p>\n","protected":false},"author":2,"featured_media":9683,"comment_status":"open","ping_status":"open","sticky":false,"template":"","format":"standard","meta":{"footnotes":""},"categories":[3],"tags":[],"class_list":["post-9682","post","type-post","status-publish","format-standard","has-post-thumbnail","hentry","category-actualidad"],"_links":{"self":[{"href":"https:\/\/www.radiolimari.cl\/index.php?rest_route=\/wp\/v2\/posts\/9682","targetHints":{"allow":["GET"]}}],"collection":[{"href":"https:\/\/www.radiolimari.cl\/index.php?rest_route=\/wp\/v2\/posts"}],"about":[{"href":"https:\/\/www.radiolimari.cl\/index.php?rest_route=\/wp\/v2\/types\/post"}],"author":[{"embeddable":true,"href":"https:\/\/www.radiolimari.cl\/index.php?rest_route=\/wp\/v2\/users\/2"}],"replies":[{"embeddable":true,"href":"https:\/\/www.radiolimari.cl\/index.php?rest_route=%2Fwp%2Fv2%2Fcomments&post=9682"}],"version-history":[{"count":1,"href":"https:\/\/www.radiolimari.cl\/index.php?rest_route=\/wp\/v2\/posts\/9682\/revisions"}],"predecessor-version":[{"id":9684,"href":"https:\/\/www.radiolimari.cl\/index.php?rest_route=\/wp\/v2\/posts\/9682\/revisions\/9684"}],"wp:featuredmedia":[{"embeddable":true,"href":"https:\/\/www.radiolimari.cl\/index.php?rest_route=\/wp\/v2\/media\/9683"}],"wp:attachment":[{"href":"https:\/\/www.radiolimari.cl\/index.php?rest_route=%2Fwp%2Fv2%2Fmedia&parent=9682"}],"wp:term":[{"taxonomy":"category","embeddable":true,"href":"https:\/\/www.radiolimari.cl\/index.php?rest_route=%2Fwp%2Fv2%2Fcategories&post=9682"},{"taxonomy":"post_tag","embeddable":true,"href":"https:\/\/www.radiolimari.cl\/index.php?rest_route=%2Fwp%2Fv2%2Ftags&post=9682"}],"curies":[{"name":"wp","href":"https:\/\/api.w.org\/{rel}","templated":true}]}}