{"id":9679,"date":"2023-07-05T17:00:14","date_gmt":"2023-07-05T17:00:14","guid":{"rendered":"https:\/\/www.radiolimari.cl\/?p=9679"},"modified":"2023-07-05T17:00:16","modified_gmt":"2023-07-05T17:00:16","slug":"ruta-social-brinda-alimentacion-y-abrigo-a-personas-en-situacion-de-calle-en-la-epoca-invernal","status":"publish","type":"post","link":"https:\/\/www.radiolimari.cl\/?p=9679","title":{"rendered":"Ruta Social brinda alimentaci\u00f3n y abrigo a personas en situaci\u00f3n de calle en la \u00e9poca invernal\u00a0"},"content":{"rendered":"\n<figure class=\"wp-block-image size-full is-resized\"><a href=\"https:\/\/www.radiolimari.cl\/wp-content\/uploads\/2023\/07\/RUTA-SOCIAL-COQUIMBO-CARABINEROS-2.jpeg\"><img fetchpriority=\"high\" decoding=\"async\" src=\"https:\/\/www.radiolimari.cl\/wp-content\/uploads\/2023\/07\/RUTA-SOCIAL-COQUIMBO-CARABINEROS-2.jpeg\" alt=\"\" class=\"wp-image-9680\" width=\"396\" height=\"222\" srcset=\"https:\/\/www.radiolimari.cl\/wp-content\/uploads\/2023\/07\/RUTA-SOCIAL-COQUIMBO-CARABINEROS-2.jpeg 1024w, https:\/\/www.radiolimari.cl\/wp-content\/uploads\/2023\/07\/RUTA-SOCIAL-COQUIMBO-CARABINEROS-2-300x169.jpeg 300w, https:\/\/www.radiolimari.cl\/wp-content\/uploads\/2023\/07\/RUTA-SOCIAL-COQUIMBO-CARABINEROS-2-768x432.jpeg 768w\" sizes=\"(max-width: 396px) 100vw, 396px\" \/><\/a><\/figure>\n\n\n\n<p><strong>Este dispositivo del Plan Protege Calle permite atender a las personas en situaci\u00f3n de calle diariamente, durante 3 meses, en los propios puntos donde pernoctan.<\/strong><\/p>\n\n\n\n<p>En la comuna de Coquimbo autoridades realizaron un recorrido junto a la Ruta Social del Plan Protege Calle, impulsado por el Ministerio de Desarrollo Social y Familia. Este dispositivo cuenta con la ejecuci\u00f3n de Carabineros en la conurbaci\u00f3n, entregando alimentaci\u00f3n, art\u00edculos de higiene, abrigo y atenci\u00f3n b\u00e1sica de salud para apoyar a las personas en situaci\u00f3n de calle en los puntos donde pernoctan y as\u00ed hacer frente a las bajas temperaturas.&nbsp;&nbsp;<\/p>\n\n\n\n<p>Al respecto, el Seremi de Desarrollo Social y Familia, Eduardo Alcayaga, destac\u00f3 que la Ruta Social involucra \u201cun trabajo que a trav\u00e9s de Carabineros se fortalece. Justamente, es poder entregarles la posibilidad de atenci\u00f3n de salud a las personas que lo necesitan y alimentaci\u00f3n con la entrega de comida diariamente. Los d\u00edas han estado muy fr\u00edos, hicimos entrega tambi\u00e9n de abrigo el d\u00eda de hoy para que no est\u00e9 en riesgo su salud y su vida. Sobre todo, como Gobierno debemos se\u00f1alar que las personas en situaci\u00f3n de calle est\u00e1n recibiendo nuestro apoyo\u201d.<\/p>\n\n\n\n<p>Por su parte, el Coronel Francisco Aravena, Prefecto de Coquimbo, se\u00f1al\u00f3 que \u201clos carabineros de las unidades territoriales se vinculan con la gente que est\u00e1 en mayor vulneraci\u00f3n, entregando un kit de alimentos como se est\u00e1 haciendo en el desarrollo de esta actividad del Plan Protege Calle. Nosotros estamos en varias dimensiones colaborando en entregar seguridad a los vecinos, pero esta dimensi\u00f3n social y humana tambi\u00e9n es relevante. As\u00ed que agradecemos la posibilidad que nos entrega la Seremi de Desarrollo Social y Familia\u201d.&nbsp;&nbsp;&nbsp;&nbsp;&nbsp;&nbsp;&nbsp;&nbsp;&nbsp;<\/p>\n\n\n\n<p>Esta Ruta Social ejecutada por Carabineros, considera 25 atenciones diarias en la comuna de Coquimbo y 25 en La Serena. Adem\u00e1s, el Plan Protege Calle contempla otras dos rutas abarcando la capital regional y Ovalle para conformar un total de 150 entregas todos los d\u00edas durante un per\u00edodo de tres meses. &nbsp;&nbsp;&nbsp;<\/p>\n\n\n\n<p>Ricardo Vallis es una de las personas que recibi\u00f3 apoyo de la Ruta Social y agradeci\u00f3 la iniciativa: \u201cLlevo como siete a\u00f1os en situaci\u00f3n de calle y lo bueno de todo, y que se agradece, es que hay gente que est\u00e1 con uno. Nosotros como somos de situaci\u00f3n calle, somos la \u00faltima chupada del mate, pero hay gente que est\u00e1 con nosotros. Eso es lo bueno, y le doy gracias a ellos y gracias a Dios que est\u00e1 en los corazones de ellos\u201d.<\/p>\n\n\n\n<p>A su vez, la Directora (s) Regional de JUNAEB, Bernarda Lamas, detall\u00f3 la alimentaci\u00f3n que se entrega en la ruta, con el objetivo de \u201cestar con la comunidad y a trav\u00e9s de las empresas concesionarias de alimentos, que tenemos nosotros como JUNAEB, entregar 2 mil 700 kits para personas en situaci\u00f3n de calle. Lo importante es que la comida que nosotros entregamos es una comida sin sellos, viene un plato de comida preparada retermalizada, que en esta ocasi\u00f3n fue carbonada, trae caf\u00e9, t\u00e9, agua y trae tambi\u00e9n cereales que son importantes y tienen las prote\u00ednas necesarias\u201d.<\/p>\n\n\n\n<p>Cabe destacar, que el Ministerio de Desarrollo Social y Familia habilit\u00f3 la l\u00ednea 800 104 777 (opci\u00f3n 0) para dar aviso de una persona en situaci\u00f3n de calle que necesite apoyo. Esta informaci\u00f3n ser\u00e1 derivada a los equipos locales para generar la ayuda.&nbsp;<\/p>\n","protected":false},"excerpt":{"rendered":"<p>Este dispositivo del Plan Protege Calle permite atender a las personas en situaci\u00f3n de calle diariamente, durante 3 meses, en los propios puntos donde pernoctan. En la comuna de Coquimbo autoridades realizaron un recorrido junto a la Ruta Social del Plan Protege Calle, impulsado por el Ministerio de Desarrollo Social y Familia. Este dispositivo cuenta &#8230;<\/p>\n","protected":false},"author":2,"featured_media":9680,"comment_status":"open","ping_status":"open","sticky":false,"template":"","format":"standard","meta":{"footnotes":""},"categories":[6],"tags":[],"class_list":["post-9679","post","type-post","status-publish","format-standard","has-post-thumbnail","hentry","category-regionales"],"_links":{"self":[{"href":"https:\/\/www.radiolimari.cl\/index.php?rest_route=\/wp\/v2\/posts\/9679","targetHints":{"allow":["GET"]}}],"collection":[{"href":"https:\/\/www.radiolimari.cl\/index.php?rest_route=\/wp\/v2\/posts"}],"about":[{"href":"https:\/\/www.radiolimari.cl\/index.php?rest_route=\/wp\/v2\/types\/post"}],"author":[{"embeddable":true,"href":"https:\/\/www.radiolimari.cl\/index.php?rest_route=\/wp\/v2\/users\/2"}],"replies":[{"embeddable":true,"href":"https:\/\/www.radiolimari.cl\/index.php?rest_route=%2Fwp%2Fv2%2Fcomments&post=9679"}],"version-history":[{"count":1,"href":"https:\/\/www.radiolimari.cl\/index.php?rest_route=\/wp\/v2\/posts\/9679\/revisions"}],"predecessor-version":[{"id":9681,"href":"https:\/\/www.radiolimari.cl\/index.php?rest_route=\/wp\/v2\/posts\/9679\/revisions\/9681"}],"wp:featuredmedia":[{"embeddable":true,"href":"https:\/\/www.radiolimari.cl\/index.php?rest_route=\/wp\/v2\/media\/9680"}],"wp:attachment":[{"href":"https:\/\/www.radiolimari.cl\/index.php?rest_route=%2Fwp%2Fv2%2Fmedia&parent=9679"}],"wp:term":[{"taxonomy":"category","embeddable":true,"href":"https:\/\/www.radiolimari.cl\/index.php?rest_route=%2Fwp%2Fv2%2Fcategories&post=9679"},{"taxonomy":"post_tag","embeddable":true,"href":"https:\/\/www.radiolimari.cl\/index.php?rest_route=%2Fwp%2Fv2%2Ftags&post=9679"}],"curies":[{"name":"wp","href":"https:\/\/api.w.org\/{rel}","templated":true}]}}