{"id":9673,"date":"2023-07-05T01:32:11","date_gmt":"2023-07-05T01:32:11","guid":{"rendered":"https:\/\/www.radiolimari.cl\/?p=9673"},"modified":"2023-07-05T01:32:11","modified_gmt":"2023-07-05T01:32:11","slug":"en-monte-patria-plaza-de-la-justicia-congrego-a-diversos-servicios-publicos-en-el-centro-cultural","status":"publish","type":"post","link":"https:\/\/www.radiolimari.cl\/?p=9673","title":{"rendered":"En Monte Patria \u00abPlaza de la Justicia\u201d congreg\u00f3 a diversos servicios p\u00fablicos en el Centro Cultural."},"content":{"rendered":"\n<figure class=\"wp-block-image size-large\"><a href=\"https:\/\/www.radiolimari.cl\/wp-content\/uploads\/2023\/07\/WhatsApp-Image-2023-07-04-at-6.18.47-PM.jpeg\"><img fetchpriority=\"high\" decoding=\"async\" width=\"1024\" height=\"682\" src=\"https:\/\/www.radiolimari.cl\/wp-content\/uploads\/2023\/07\/WhatsApp-Image-2023-07-04-at-6.18.47-PM-1024x682.jpeg\" alt=\"\" class=\"wp-image-9674\" srcset=\"https:\/\/www.radiolimari.cl\/wp-content\/uploads\/2023\/07\/WhatsApp-Image-2023-07-04-at-6.18.47-PM-1024x682.jpeg 1024w, https:\/\/www.radiolimari.cl\/wp-content\/uploads\/2023\/07\/WhatsApp-Image-2023-07-04-at-6.18.47-PM-300x200.jpeg 300w, https:\/\/www.radiolimari.cl\/wp-content\/uploads\/2023\/07\/WhatsApp-Image-2023-07-04-at-6.18.47-PM-768x512.jpeg 768w, https:\/\/www.radiolimari.cl\/wp-content\/uploads\/2023\/07\/WhatsApp-Image-2023-07-04-at-6.18.47-PM-1536x1023.jpeg 1536w, https:\/\/www.radiolimari.cl\/wp-content\/uploads\/2023\/07\/WhatsApp-Image-2023-07-04-at-6.18.47-PM.jpeg 1600w\" sizes=\"(max-width: 1024px) 100vw, 1024px\" \/><\/a><\/figure>\n\n\n\n<p><strong><em>Con el objetivo de poder acercar los servicios judiciales a la comunidad, este espacio se ha extendido tambi\u00e9n a localidades como Canela y Ovalle.<\/em><\/strong><\/p>\n\n\n\n<p>Durante la ma\u00f1ana de este martes 4 de julio, en el centro cultural Huayquilonko tuvo lugar la Plaza de la Justicia, espacio orientado a prestaci\u00f3n de servicios a los habitantes de la comuna, facilitando as\u00ed el acceso a asesor\u00edas legales, jur\u00eddicas, de regularizaci\u00f3n, y tambi\u00e9n para entregar orientaci\u00f3n relacionada a posesi\u00f3n efectiva.<\/p>\n\n\n\n<p>La actividad tuvo una gran convocatoria alcanzando diversos valles de la comuna, en dicho contexto, desde la localidad de Huatulame Deisy Cort\u00e9s valor\u00f3 la iniciativa, <strong>\u201cBuen\u00edsimo, es una oportunidad que tenemos todos en la comunidad de monte patria, me sirvi\u00f3 para hacer dos consultas, porque es importante como ahora hay que tener todos los papeles al d\u00eda. Yo creo que para toda la gente es important\u00edsimo\u201d.<\/strong><\/p>\n\n\n\n<p>El encuentro, organizado por la serem\u00eda de Justicia y Derechos Humanos de la regi\u00f3n de Coquimbo, cont\u00f3 con la participaci\u00f3n y asesor\u00eda de la Cl\u00ednica Jur\u00eddica de la Universidad de La Serena, donde los estudiantes de la carrera de derecho estaban a disposici\u00f3n del p\u00fablico para resolver dudas y entregar asesoramiento en \u00e1mbitos legales.<\/p>\n\n\n\n<p>El docente y encargado de la cl\u00ednica, Germ\u00e1n Sol\u00eds, destac\u00f3 la importancia de contar con estas vinculaciones con la comunidad <strong>\u201cPara nosotros como carrera de derecho y especialmente para la cl\u00ednica jur\u00eddica es muy importante porque es un ambiente profesional en el que se desarrollan nuestros futuros abogados y abogadas y tambi\u00e9n les entregamos a la comunidad un servicio. Nosotros somos miembros de una universidad estatal y la \u00fanica universidad p\u00fablica de la regi\u00f3n de coquimbo y nos sentimos comprometidos con el territorio y particularmente con la regi\u00f3n\u201d.<\/strong><\/p>\n\n\n\n<p>Es as\u00ed, que se extendieron a lo largo de todo el espacio abierto del centro cultural stands de gendarmer\u00eda, direcci\u00f3n general de aguas, m\u00f3viles del Registro civil, servicio de migraciones, entre otros, mientras que en el sal\u00f3n de conferencias se ofreci\u00f3 un taller relacionado a la tramitaci\u00f3n de la posesi\u00f3n efectiva presidido por el Seremi de Justicia Rub\u00e9n Garc\u00eda y Felipe Pulgar presidente de la corte de apelaciones de La Serena.<\/p>\n\n\n\n<p>A su vez, Ver\u00f3nica Zarate, directora de Desarrollo comunitario, tambi\u00e9n quiso destacar que la instancia formativa iba dirigido a cierto segmento de los habitantes <strong>\u201cSe sostuvo un taller relacionado con la tramitaci\u00f3n de la posesi\u00f3n efectiva especialmente orientada a las comunidades agr\u00edcolas, con bastante aceptaci\u00f3n por parte del p\u00fablico, con hartas consultas para abordar lo que son sus posesiones afectivas y tambi\u00e9n lo que es el derecho general de agua que se est\u00e1 tramitando actualmente. Tuvo alta concurrencia, y mucha motivaci\u00f3n e inter\u00e9s de la comunidad por orientarse e informarse acerca de los tramites que se est\u00e1n realizando a d\u00eda de hoy\u201d.<\/strong><\/p>\n\n\n\n<p>Las plazas de justicia no han sido creadas solo para desconcentrar la promoci\u00f3n y difusi\u00f3n de pol\u00edticas y planes gubernamentales, sino que tambi\u00e9n sirve como una forma de recoger informaci\u00f3n y en esto enfatiz\u00f3 Rub\u00e9n Garc\u00eda, Seremi de Justicia regional <strong>\u201cLa posibilidad de poder escuchar a la ciudadan\u00eda, que nos digan cu\u00e1les son sus problemas, c\u00f3mo podemos extender nuestros servicios de justicia en la comuna, es muy relevante para nosotros, en una comuna tan grande como la de monte patria donde no necesariamente tienen todos los servicios y por eso era una oportunidad de poder conversar y ah\u00ed tener una retroalimentaci\u00f3n acerca de las dudas que existen en t\u00e9rminos de relevancia jur\u00eddica\u201d.<\/strong><\/p>\n\n\n\n<p>La jornada culmin\u00f3 pasadas las 13.00 horas, logrando as\u00ed la atenci\u00f3n de decenas de vecinos de la comuna, quienes recibieron de forma gratuita, asesor\u00eda en diversas materias legales.<\/p>\n","protected":false},"excerpt":{"rendered":"<p>Con el objetivo de poder acercar los servicios judiciales a la comunidad, este espacio se ha extendido tambi\u00e9n a localidades como Canela y Ovalle. Durante la ma\u00f1ana de este martes 4 de julio, en el centro cultural Huayquilonko tuvo lugar la Plaza de la Justicia, espacio orientado a prestaci\u00f3n de servicios a los habitantes de &#8230;<\/p>\n","protected":false},"author":2,"featured_media":9674,"comment_status":"open","ping_status":"open","sticky":false,"template":"","format":"standard","meta":{"footnotes":""},"categories":[5],"tags":[],"class_list":["post-9673","post","type-post","status-publish","format-standard","has-post-thumbnail","hentry","category-actualidad-limarina"],"_links":{"self":[{"href":"https:\/\/www.radiolimari.cl\/index.php?rest_route=\/wp\/v2\/posts\/9673","targetHints":{"allow":["GET"]}}],"collection":[{"href":"https:\/\/www.radiolimari.cl\/index.php?rest_route=\/wp\/v2\/posts"}],"about":[{"href":"https:\/\/www.radiolimari.cl\/index.php?rest_route=\/wp\/v2\/types\/post"}],"author":[{"embeddable":true,"href":"https:\/\/www.radiolimari.cl\/index.php?rest_route=\/wp\/v2\/users\/2"}],"replies":[{"embeddable":true,"href":"https:\/\/www.radiolimari.cl\/index.php?rest_route=%2Fwp%2Fv2%2Fcomments&post=9673"}],"version-history":[{"count":1,"href":"https:\/\/www.radiolimari.cl\/index.php?rest_route=\/wp\/v2\/posts\/9673\/revisions"}],"predecessor-version":[{"id":9675,"href":"https:\/\/www.radiolimari.cl\/index.php?rest_route=\/wp\/v2\/posts\/9673\/revisions\/9675"}],"wp:featuredmedia":[{"embeddable":true,"href":"https:\/\/www.radiolimari.cl\/index.php?rest_route=\/wp\/v2\/media\/9674"}],"wp:attachment":[{"href":"https:\/\/www.radiolimari.cl\/index.php?rest_route=%2Fwp%2Fv2%2Fmedia&parent=9673"}],"wp:term":[{"taxonomy":"category","embeddable":true,"href":"https:\/\/www.radiolimari.cl\/index.php?rest_route=%2Fwp%2Fv2%2Fcategories&post=9673"},{"taxonomy":"post_tag","embeddable":true,"href":"https:\/\/www.radiolimari.cl\/index.php?rest_route=%2Fwp%2Fv2%2Ftags&post=9673"}],"curies":[{"name":"wp","href":"https:\/\/api.w.org\/{rel}","templated":true}]}}