{"id":9664,"date":"2023-07-04T17:10:36","date_gmt":"2023-07-04T17:10:36","guid":{"rendered":"https:\/\/www.radiolimari.cl\/?p=9664"},"modified":"2023-07-04T17:10:36","modified_gmt":"2023-07-04T17:10:36","slug":"ante-aumento-de-la-coinfeccion-de-virus-refuerzan-la-vacunacion-de-influenza","status":"publish","type":"post","link":"https:\/\/www.radiolimari.cl\/?p=9664","title":{"rendered":"Ante aumento de la coinfecci\u00f3n de virus refuerzan la vacunaci\u00f3n de Influenza"},"content":{"rendered":"\n<figure class=\"wp-block-image size-large\"><a href=\"https:\/\/www.radiolimari.cl\/wp-content\/uploads\/2023\/07\/Vacunacion-adultos-mayores.jpg\"><img fetchpriority=\"high\" decoding=\"async\" width=\"1024\" height=\"678\" src=\"https:\/\/www.radiolimari.cl\/wp-content\/uploads\/2023\/07\/Vacunacion-adultos-mayores-1024x678.jpg\" alt=\"\" class=\"wp-image-9665\" srcset=\"https:\/\/www.radiolimari.cl\/wp-content\/uploads\/2023\/07\/Vacunacion-adultos-mayores-1024x678.jpg 1024w, https:\/\/www.radiolimari.cl\/wp-content\/uploads\/2023\/07\/Vacunacion-adultos-mayores-300x199.jpg 300w, https:\/\/www.radiolimari.cl\/wp-content\/uploads\/2023\/07\/Vacunacion-adultos-mayores-768x509.jpg 768w, https:\/\/www.radiolimari.cl\/wp-content\/uploads\/2023\/07\/Vacunacion-adultos-mayores.jpg 1158w\" sizes=\"(max-width: 1024px) 100vw, 1024px\" \/><\/a><\/figure>\n\n\n\n<p>De acuerdo con el \u00faltimo reporte epidemiol\u00f3gico en la regi\u00f3n de Coquimbo, se confirma una amplia circulaci\u00f3n de virus respiratorios con el predominio del Sincicial, Adenovirus, Influenza y Metapneumovirus.<\/p>\n\n\n\n<p>En relaci\u00f3n con el Virus Sincicial, la Seremi de Salud, Paola Salas Rivas, se\u00f1al\u00f3 que los casos en la regi\u00f3n est\u00e1n en descenso.<\/p>\n\n\n\n<p>\u201cEl contagio por Virus Respiratorio Sincicial tuvo una curva en ascenso por varios d\u00edas, pero ya lleg\u00f3 al \u201c<em>peak<\/em>\u201d y desde hace m\u00e1s de una semana est\u00e1 en proceso de descenso en toda la zona norte del pa\u00eds. Esto es muy alentador, porque genera una disminuci\u00f3n no s\u00f3lo en las consultas de la atenci\u00f3n primaria, sino que tambi\u00e9n en los hospitales se observa una baja en las consultas de urgencia, lo que en semanas anteriores mantuvo el sistema muy tensionado, principalmente en casos de ni\u00f1os y ni\u00f1as menores de 4 a\u00f1os\u201d. Se\u00f1al\u00f3 la Autoridad Sanitaria.<\/p>\n\n\n\n<p>Por su parte, Ra\u00fal Quintanilla, Encargado de la Unidad de Epidemiolog\u00eda de la Seremi de Salud indic\u00f3 que est\u00e1n preocupados por los casos de coinfecci\u00f3n de virus respiratorios.<\/p>\n\n\n\n<p>\u201cDurante las investigaciones de los brotes respiratorios hemos observado numerosos casos donde se presenta una coinfecci\u00f3n, es decir, simult\u00e1neamente se presenta en la persona 2 o hasta 3 virus al mismo tiempo. Por ejemplo, se puede dar caso de Adenovirus y Virus Sincicial\u201d. Sostuvo Quintanilla.<\/p>\n\n\n\n<p>Adem\u00e1s, agreg\u00f3 que esto puede significar que \u201cSe d\u00e9 con mayor fuerza la presentaci\u00f3n sintom\u00e1tica de los casos, sobre todo en los ni\u00f1os menores de 5 a\u00f1os, quienes pueden mostrar una mayor dificultad respiratoria y otras complicaciones\u201d, se\u00f1al\u00f3 el profesional. &nbsp;<\/p>\n\n\n\n<p><strong>Precauci\u00f3n con los adultos mayores:<\/strong><\/p>\n\n\n\n<p>Si bien los casos Virus Sincicial han disminuido, se observa la detecci\u00f3n de m\u00e1s<strong> <\/strong>casos de Influenza en adultos mayores de 65 a\u00f1os y en los ni\u00f1os de 1 a 4 a\u00f1os de edad.<\/p>\n\n\n\n<p>Al respecto, la Seremi Paola Salas se\u00f1al\u00f3 \u201cEn cuanto a la Influenza, hace dos semanas comenz\u00f3 a aumentar el n\u00famero de casos en la regi\u00f3n, la que adem\u00e1s presenta en genotipos que se encuentran circulando: el H1N1 e Influenza B. Por lo tanto, es una curva que est\u00e1 reci\u00e9n inici\u00e1ndose y que afecta principalmente a las personas mayores de 65 a\u00f1os\u201d. Se\u00f1al\u00f3.<\/p>\n\n\n\n<p>Sobre este tema, Ra\u00fal Quintanilla se\u00f1al\u00f3 que se han detectado casos de pacientes contagios de Influenza si su vacunaci\u00f3n &nbsp;\u201cNos hemos encontrado con casos de ni\u00f1os menores de 5 a\u00f1os contagiados de Influenza y sin su vacunaci\u00f3n al d\u00eda. Lo mismo pasa con los mayores de 65 a\u00f1os, tambi\u00e9n sin su vacunaci\u00f3n correspondiente\u201d.<\/p>\n\n\n\n<p>Es por ello, que desde el Programa Nacional de inmunizaciones de la Seremi de Salud hacen el llamado a la vacunaci\u00f3n de los adultos mayores contra la Influenza, grupo de riesgo que actualmente presenta un avance de s\u00f3lo un 57%, es decir, faltan m\u00e1s de 52.592 mil personas por vacunar.<\/p>\n","protected":false},"excerpt":{"rendered":"<p>De acuerdo con el \u00faltimo reporte epidemiol\u00f3gico en la regi\u00f3n de Coquimbo, se confirma una amplia circulaci\u00f3n de virus respiratorios con el predominio del Sincicial, Adenovirus, Influenza y Metapneumovirus. En relaci\u00f3n con el Virus Sincicial, la Seremi de Salud, Paola Salas Rivas, se\u00f1al\u00f3 que los casos en la regi\u00f3n est\u00e1n en descenso. \u201cEl contagio por &#8230;<\/p>\n","protected":false},"author":2,"featured_media":9649,"comment_status":"open","ping_status":"open","sticky":false,"template":"","format":"standard","meta":{"footnotes":""},"categories":[3],"tags":[],"class_list":["post-9664","post","type-post","status-publish","format-standard","has-post-thumbnail","hentry","category-actualidad"],"_links":{"self":[{"href":"https:\/\/www.radiolimari.cl\/index.php?rest_route=\/wp\/v2\/posts\/9664","targetHints":{"allow":["GET"]}}],"collection":[{"href":"https:\/\/www.radiolimari.cl\/index.php?rest_route=\/wp\/v2\/posts"}],"about":[{"href":"https:\/\/www.radiolimari.cl\/index.php?rest_route=\/wp\/v2\/types\/post"}],"author":[{"embeddable":true,"href":"https:\/\/www.radiolimari.cl\/index.php?rest_route=\/wp\/v2\/users\/2"}],"replies":[{"embeddable":true,"href":"https:\/\/www.radiolimari.cl\/index.php?rest_route=%2Fwp%2Fv2%2Fcomments&post=9664"}],"version-history":[{"count":1,"href":"https:\/\/www.radiolimari.cl\/index.php?rest_route=\/wp\/v2\/posts\/9664\/revisions"}],"predecessor-version":[{"id":9666,"href":"https:\/\/www.radiolimari.cl\/index.php?rest_route=\/wp\/v2\/posts\/9664\/revisions\/9666"}],"wp:featuredmedia":[{"embeddable":true,"href":"https:\/\/www.radiolimari.cl\/index.php?rest_route=\/wp\/v2\/media\/9649"}],"wp:attachment":[{"href":"https:\/\/www.radiolimari.cl\/index.php?rest_route=%2Fwp%2Fv2%2Fmedia&parent=9664"}],"wp:term":[{"taxonomy":"category","embeddable":true,"href":"https:\/\/www.radiolimari.cl\/index.php?rest_route=%2Fwp%2Fv2%2Fcategories&post=9664"},{"taxonomy":"post_tag","embeddable":true,"href":"https:\/\/www.radiolimari.cl\/index.php?rest_route=%2Fwp%2Fv2%2Ftags&post=9664"}],"curies":[{"name":"wp","href":"https:\/\/api.w.org\/{rel}","templated":true}]}}