{"id":9661,"date":"2023-07-04T16:16:40","date_gmt":"2023-07-04T16:16:40","guid":{"rendered":"https:\/\/www.radiolimari.cl\/?p=9661"},"modified":"2023-07-04T16:16:41","modified_gmt":"2023-07-04T16:16:41","slug":"en-la-ciudad-de-illapel-seremi-de-agricultura-lidera-1-sesion-de-la-mesa-apicola-de-la-provincia-de-choapa","status":"publish","type":"post","link":"https:\/\/www.radiolimari.cl\/?p=9661","title":{"rendered":"En la ciudad de \u00cellapel seremi de Agricultura lidera 1\u00b0 sesi\u00f3n de la mesa ap\u00edcola de la provincia de Choapa"},"content":{"rendered":"\n<figure class=\"wp-block-image size-large is-resized\"><a href=\"https:\/\/www.radiolimari.cl\/wp-content\/uploads\/2023\/07\/Mesa-Apicola-Choapa.jpg\"><img fetchpriority=\"high\" decoding=\"async\" src=\"https:\/\/www.radiolimari.cl\/wp-content\/uploads\/2023\/07\/Mesa-Apicola-Choapa-1024x461.jpg\" alt=\"\" class=\"wp-image-9662\" width=\"396\" height=\"178\" srcset=\"https:\/\/www.radiolimari.cl\/wp-content\/uploads\/2023\/07\/Mesa-Apicola-Choapa-1024x461.jpg 1024w, https:\/\/www.radiolimari.cl\/wp-content\/uploads\/2023\/07\/Mesa-Apicola-Choapa-300x135.jpg 300w, https:\/\/www.radiolimari.cl\/wp-content\/uploads\/2023\/07\/Mesa-Apicola-Choapa-768x346.jpg 768w, https:\/\/www.radiolimari.cl\/wp-content\/uploads\/2023\/07\/Mesa-Apicola-Choapa-1536x692.jpg 1536w, https:\/\/www.radiolimari.cl\/wp-content\/uploads\/2023\/07\/Mesa-Apicola-Choapa.jpg 2048w\" sizes=\"(max-width: 396px) 100vw, 396px\" \/><\/a><\/figure>\n\n\n\n<p><em>Entre los acuerdos asumidos con los productores, se contempla la evaluaci\u00f3n de un proyecto de denominaci\u00f3n de origen de la miel de la Regi\u00f3n de Coquimbo y buscar alternativas colaborativas en materias de resoluci\u00f3n sanitaria.<\/em><\/p>\n\n\n\n<p>Con el objetivo de acercar los instrumentos y las distintas iniciativas del Ministerio de Agricultura disponibles en la regi\u00f3n y que van dirigidas al sector ap\u00edcola, la Seremi de Agricultura convoc\u00f3 a la primera mesa de apicultura de la Provincia de Choapa, que en esta oportunidad sesion\u00f3 en la comuna de Illapel.<\/p>\n\n\n\n<p>Instancia que reuni\u00f3 a representantes de apicultores de las comunas de Salamanca, Illapel, Los Vilos y Canela, bajo la intenci\u00f3n de escuchar sus demandas territoriales y tambi\u00e9n acordar el funcionamiento de esta mesa de manera constante, para dar cumplimiento a los distintos requerimientos, principalmente en materias sanitarias, de asociatividad y comercializaci\u00f3n.<\/p>\n\n\n\n<p>Marcos Godoy, apicultor y productor de polen y miel del sector La Colonia de Illapel, resalt\u00f3 la importancia de descentralizar la realizaci\u00f3n de esta mesa de apicultura, \u201ces fant\u00e1stico porque la regi\u00f3n es extensa y es complejo poder reunirse en un solo lugar, que se hagan mesas provinciales me parece perfecto porque as\u00ed m\u00e1s gente puede participar y conocer los instrumentos que tiene el gobierno para apoyar a la apicultura\u201d. Respecto a los acuerdos asumidos, Godoy coment\u00f3 que, \u201cquedamos con tareas pendientes, tanto apicultores como las autoridades, as\u00ed que me pareci\u00f3 s\u00faper bien organizarse mensualmente en estas reuniones y lo m\u00e1s interesante es que aparecieron muy buenas ideas, como el proyecto de denominaci\u00f3n de origen de la miel de la Regi\u00f3n de Coquimbo, tambi\u00e9n es un tema clave las salas de cosecha con resoluci\u00f3n sanitaria para poder vender nuestros productos de manera m\u00e1s segura para nuestros consumidores\u201d, coment\u00f3.<\/p>\n\n\n\n<p>En tanto, el apicultor de la comuna de Canela, Servando Cort\u00e9s, sostuvo que, \u201ces s\u00faper bueno este tipo de mesas, para nosotros es la primera y nos parece importante porque sentimos que el rubro ap\u00edcola estaba quedando de lado, nos sent\u00edamos un poco alejados del Estado. En esta mesa se van a recoger todas las demandas de los apicultores desde que manera podemos enfrentar el tema de las pestes que afectan las abejas y el tema de la resoluci\u00f3n sanitaria a trav\u00e9s de cooperativas u otros medios\u201d.<\/p>\n\n\n\n<p>Desde la Seremi de Agricultura, valoraron positivamente la convocatoria a esta primera sesi\u00f3n que reuni\u00f3 a un total de 40 productores y productoras ap\u00edcolas de las 4 comunas de la provincia,&nbsp;\u201ccon un \u00e9xito bastante importante se realiz\u00f3 en Illapel la mesa provincial de Choapa con la participaci\u00f3n de alrededor de 40 productores, lo que para nosotros es considerado algo importante. Entre los acuerdos que llegamos, podemos destacar en primer lugar que esta mesa se va a realizar en forma rotativa en las distintas comunas de la provincia de Choapa, la pr\u00f3xima ser\u00e1 en Salamanca\u201d, sostuvo el titular de la cartera en la regi\u00f3n, Christian \u00c1lvarez.<\/p>\n\n\n\n<p>La autoridad adem\u00e1s destac\u00f3 los acuerdos logrados, entre ellos avanzar en la creaci\u00f3n de un proyecto de denominaci\u00f3n de origen de miel de la Regi\u00f3n de Coquimbo, \u201cllegamos al acuerdo de evaluar un proyecto de certificaci\u00f3n de origen, segundo se les pidi\u00f3 a los agricultores que levantaran demandas entorno al instrumento de INDAP que tiene que ver con asesor\u00edas especializadas, por ejemplo, si quieren trabajar temas sanitarios, de alimentaci\u00f3n o temas de producciones de abejas reinas, tambi\u00e9n se acord\u00f3 avanzar en iniciativas que permitan capacitar a los productores para lograr avanzar hacia una apicultura m\u00e1s sustentable\u201d.<\/p>\n\n\n\n<p>Durante las pr\u00f3ximas semanas se realizar\u00e1n las mesas provinciales de Elqui y Limar\u00ed para seguir levantando las principales demandas de cada sector, mientras que en el caso de Choapa la pr\u00f3xima sesi\u00f3n se realizar\u00e1 en la comuna de Salamanca.<\/p>\n","protected":false},"excerpt":{"rendered":"<p>Entre los acuerdos asumidos con los productores, se contempla la evaluaci\u00f3n de un proyecto de denominaci\u00f3n de origen de la miel de la Regi\u00f3n de Coquimbo y buscar alternativas colaborativas en materias de resoluci\u00f3n sanitaria. Con el objetivo de acercar los instrumentos y las distintas iniciativas del Ministerio de Agricultura disponibles en la regi\u00f3n y &#8230;<\/p>\n","protected":false},"author":2,"featured_media":9662,"comment_status":"open","ping_status":"open","sticky":false,"template":"","format":"standard","meta":{"footnotes":""},"categories":[6],"tags":[],"class_list":["post-9661","post","type-post","status-publish","format-standard","has-post-thumbnail","hentry","category-regionales"],"_links":{"self":[{"href":"https:\/\/www.radiolimari.cl\/index.php?rest_route=\/wp\/v2\/posts\/9661","targetHints":{"allow":["GET"]}}],"collection":[{"href":"https:\/\/www.radiolimari.cl\/index.php?rest_route=\/wp\/v2\/posts"}],"about":[{"href":"https:\/\/www.radiolimari.cl\/index.php?rest_route=\/wp\/v2\/types\/post"}],"author":[{"embeddable":true,"href":"https:\/\/www.radiolimari.cl\/index.php?rest_route=\/wp\/v2\/users\/2"}],"replies":[{"embeddable":true,"href":"https:\/\/www.radiolimari.cl\/index.php?rest_route=%2Fwp%2Fv2%2Fcomments&post=9661"}],"version-history":[{"count":1,"href":"https:\/\/www.radiolimari.cl\/index.php?rest_route=\/wp\/v2\/posts\/9661\/revisions"}],"predecessor-version":[{"id":9663,"href":"https:\/\/www.radiolimari.cl\/index.php?rest_route=\/wp\/v2\/posts\/9661\/revisions\/9663"}],"wp:featuredmedia":[{"embeddable":true,"href":"https:\/\/www.radiolimari.cl\/index.php?rest_route=\/wp\/v2\/media\/9662"}],"wp:attachment":[{"href":"https:\/\/www.radiolimari.cl\/index.php?rest_route=%2Fwp%2Fv2%2Fmedia&parent=9661"}],"wp:term":[{"taxonomy":"category","embeddable":true,"href":"https:\/\/www.radiolimari.cl\/index.php?rest_route=%2Fwp%2Fv2%2Fcategories&post=9661"},{"taxonomy":"post_tag","embeddable":true,"href":"https:\/\/www.radiolimari.cl\/index.php?rest_route=%2Fwp%2Fv2%2Ftags&post=9661"}],"curies":[{"name":"wp","href":"https:\/\/api.w.org\/{rel}","templated":true}]}}