{"id":9654,"date":"2023-07-04T02:18:34","date_gmt":"2023-07-04T02:18:34","guid":{"rendered":"https:\/\/www.radiolimari.cl\/?p=9654"},"modified":"2023-07-04T02:18:35","modified_gmt":"2023-07-04T02:18:35","slug":"se-entregaron-reconocimientos-a-ganadores-de-la-region-de-historias-de-nuestra-tierra-2022","status":"publish","type":"post","link":"https:\/\/www.radiolimari.cl\/?p=9654","title":{"rendered":"Se entregaron reconocimientos a ganadores de la regi\u00f3n de Historias de Nuestra Tierra 2022"},"content":{"rendered":"\n<figure class=\"wp-block-image size-large\"><a href=\"https:\/\/www.radiolimari.cl\/wp-content\/uploads\/2023\/07\/ganadora-HDNT.jpg\"><img fetchpriority=\"high\" decoding=\"async\" width=\"1024\" height=\"767\" src=\"https:\/\/www.radiolimari.cl\/wp-content\/uploads\/2023\/07\/ganadora-HDNT-1024x767.jpg\" alt=\"\" class=\"wp-image-9655\" srcset=\"https:\/\/www.radiolimari.cl\/wp-content\/uploads\/2023\/07\/ganadora-HDNT-1024x767.jpg 1024w, https:\/\/www.radiolimari.cl\/wp-content\/uploads\/2023\/07\/ganadora-HDNT-300x225.jpg 300w, https:\/\/www.radiolimari.cl\/wp-content\/uploads\/2023\/07\/ganadora-HDNT-768x575.jpg 768w, https:\/\/www.radiolimari.cl\/wp-content\/uploads\/2023\/07\/ganadora-HDNT.jpg 1440w\" sizes=\"(max-width: 1024px) 100vw, 1024px\" \/><\/a><\/figure>\n\n\n\n<p>En una emotiva ceremonia que se desarroll\u00f3 en dependencias de la Seremi de Agricultura, ganadores del concurso Historias de Nuestra Tierra 2022 recibieron sus premios de manos de las autoridades de agro.<\/p>\n\n\n\n<p>Actividad que es organizada por la Fundaci\u00f3n de Comunicaciones, Capacitaci\u00f3n y Cultura del Agro (FUCOA) del Ministerio de Agricultura, que en su 30\u00b0 versi\u00f3n estuvo marcada por los acordes del Quinteto de Cuerdas de la Escuela Experimental de M\u00fasica Jorge Pe\u00f1a Hen y que permiti\u00f3 reconocer a los 12 ganadores de la regi\u00f3n, de las categor\u00edas \u201cCuento Menor 14 a\u00f1os\u201d, \u201cCuento Mayor 14 a\u00f1os\u201d, \u201cPoes\u00eda del Mundo Rural\u201d y \u201cFotograf\u00edas\u201d.<\/p>\n\n\n\n<p>Una ceremonia que estuvo marcada por la emotividad de los presentes, familiares, amigos y tambi\u00e9n autoridades de nuestra regi\u00f3n, que llegaron hasta este lugar para acompa\u00f1ar a los felices ganadores, quienes a trav\u00e9s de sus obras rescataron el legado del mundo rural, en obras basadas en historias, mitos y leyendas campesinas.<\/p>\n\n\n\n<p>En esta nueva versi\u00f3n del certamen \u201cHistorias de Nuestra Tierra\u201d, se registraron ganadores de distintas localidades de la regi\u00f3n, como Salamanca, Vicu\u00f1a, Combarbal\u00e1, Coquimbo, La Serena y Ovalle, como es el caso de Maribel Cisternas, quien obtuvo el tercer lugar de la categor\u00eda \u201cCuento Mayor de 14 a\u00f1os\u201d, con su obra Putaendo, \u201cSer parte de este concurso fue una experiencia nueva y gratificante. En verdad no hab\u00eda escuchado de esta iniciativa antes y me pareci\u00f3 interesante y relevante su objetivo as\u00ed que dije \u00abveamos c\u00f3mo nos va\u00bb. Y el resultado fue el mejor, admito que no esperaba esta sorpresa. Es incre\u00edble abrir este libro y ver mis letras all\u00ed, sobre todo si habla de Putaendo, un pueblo m\u00e1gico que amo\u201d<\/p>\n\n\n\n<p>Palabras similares fue las que tuvo Danko Mursell, quien recibi\u00f3 el tercer lugar nacional y el premio especial de la categor\u00eda \u201cFotograf\u00eda\u201d, con sus obras \u201cTradici\u00f3n para la posteridad\u201d y \u201cPaseo al trote\u201d, \u201ccomo fot\u00f3grafo es importante dejar un registro de los personajes y situaciones que nos otorgan identidad, por eso es que decid\u00ed participar de \u201cHistorias de nuestra Tierra\u201d, porque considero que es una gran oportunidad para mostrar mi trabajo\u201d, el fot\u00f3grafo de la comuna de Coquimbo adem\u00e1s indic\u00f3 que, \u201ccreo que este concurso del Ministerio de Agricultura es una tremenda iniciativa que otorga valor a pueblos y personajes de Chile, que luchan contra el paso del tiempo y el olvido, pero que se mantendr\u00e1n vivos en nuestros registros fotogr\u00e1ficos\u201d.<\/p>\n\n\n\n<p>En tanto el Seremi de Agricultura Christian \u00c1lvarez, valor\u00f3 la realizaci\u00f3n de este concurso y destac\u00f3 la participaci\u00f3n de \u201chabitantes de distintos lugares de la regi\u00f3n, en esta oportunidad estamos entregando sus reconocimientos a ganadores de Choapa, Elqui y Limar\u00ed, quienes se han sumado a este desaf\u00edo de mantener con vida el patrimonio de nuestro mundo rural. Estamos muy contentos porque Historias de Nuestra Tierra, se ha transformado con el paso de los a\u00f1os en un espacio destinado a recopilar las vivencias y los recuerdos que cada chileno ha vivido en el alg\u00fan momento con el campo. Es una instancia donde personas de distintas edades logran mantener con vida la cultura y los or\u00edgenes de nuestro pa\u00eds\u201d<\/p>\n\n\n\n<p><strong>Convocatoria 2023<\/strong><\/p>\n\n\n\n<p>Con relaci\u00f3n a la convocatoria de la versi\u00f3n 2023, est\u00e1 abierta desde el 31 de mayo hasta el 31 de agosto del presente a\u00f1o y las obras se recibir\u00e1n a trav\u00e9s del formulario que se encuentra en el sitio web del concurso: <a href=\"http:\/\/www.historiasdenuestratierra.cl\">www.historiasdenuestratierra.cl<\/a>.<\/p>\n\n\n\n<p>Las categor\u00edas Cuento y Poema est\u00e1n abiertas para todo p\u00fablico. Mientras que Dibujo para alumnos de ense\u00f1anza b\u00e1sica y media. Cada participante podr\u00e1 presentar un m\u00e1ximo de tres obras (se podr\u00e1n mezclar cuentos, poemas o dibujos; o bien tres cuentos, o tres poemas o tres dibujos).<\/p>\n","protected":false},"excerpt":{"rendered":"<p>En una emotiva ceremonia que se desarroll\u00f3 en dependencias de la Seremi de Agricultura, ganadores del concurso Historias de Nuestra Tierra 2022 recibieron sus premios de manos de las autoridades de agro. Actividad que es organizada por la Fundaci\u00f3n de Comunicaciones, Capacitaci\u00f3n y Cultura del Agro (FUCOA) del Ministerio de Agricultura, que en su 30\u00b0 &#8230;<\/p>\n","protected":false},"author":2,"featured_media":9655,"comment_status":"open","ping_status":"open","sticky":false,"template":"","format":"standard","meta":{"footnotes":""},"categories":[6],"tags":[],"class_list":["post-9654","post","type-post","status-publish","format-standard","has-post-thumbnail","hentry","category-regionales"],"_links":{"self":[{"href":"https:\/\/www.radiolimari.cl\/index.php?rest_route=\/wp\/v2\/posts\/9654","targetHints":{"allow":["GET"]}}],"collection":[{"href":"https:\/\/www.radiolimari.cl\/index.php?rest_route=\/wp\/v2\/posts"}],"about":[{"href":"https:\/\/www.radiolimari.cl\/index.php?rest_route=\/wp\/v2\/types\/post"}],"author":[{"embeddable":true,"href":"https:\/\/www.radiolimari.cl\/index.php?rest_route=\/wp\/v2\/users\/2"}],"replies":[{"embeddable":true,"href":"https:\/\/www.radiolimari.cl\/index.php?rest_route=%2Fwp%2Fv2%2Fcomments&post=9654"}],"version-history":[{"count":1,"href":"https:\/\/www.radiolimari.cl\/index.php?rest_route=\/wp\/v2\/posts\/9654\/revisions"}],"predecessor-version":[{"id":9656,"href":"https:\/\/www.radiolimari.cl\/index.php?rest_route=\/wp\/v2\/posts\/9654\/revisions\/9656"}],"wp:featuredmedia":[{"embeddable":true,"href":"https:\/\/www.radiolimari.cl\/index.php?rest_route=\/wp\/v2\/media\/9655"}],"wp:attachment":[{"href":"https:\/\/www.radiolimari.cl\/index.php?rest_route=%2Fwp%2Fv2%2Fmedia&parent=9654"}],"wp:term":[{"taxonomy":"category","embeddable":true,"href":"https:\/\/www.radiolimari.cl\/index.php?rest_route=%2Fwp%2Fv2%2Fcategories&post=9654"},{"taxonomy":"post_tag","embeddable":true,"href":"https:\/\/www.radiolimari.cl\/index.php?rest_route=%2Fwp%2Fv2%2Ftags&post=9654"}],"curies":[{"name":"wp","href":"https:\/\/api.w.org\/{rel}","templated":true}]}}