{"id":9651,"date":"2023-07-03T19:45:52","date_gmt":"2023-07-03T19:45:52","guid":{"rendered":"https:\/\/www.radiolimari.cl\/?p=9651"},"modified":"2023-07-03T19:45:52","modified_gmt":"2023-07-03T19:45:52","slug":"presentan-estrategia-regional-de-desarrollo-para-una-region-sustentable-hacia-el-2030","status":"publish","type":"post","link":"https:\/\/www.radiolimari.cl\/?p=9651","title":{"rendered":"Presentan Estrategia Regional de Desarrollo para una regi\u00f3n sustentable hacia el 2030"},"content":{"rendered":"\n<figure class=\"wp-block-image size-large\"><a href=\"https:\/\/www.radiolimari.cl\/wp-content\/uploads\/2023\/07\/2J9A1323-scaled.jpg\"><img fetchpriority=\"high\" decoding=\"async\" width=\"1024\" height=\"683\" src=\"https:\/\/www.radiolimari.cl\/wp-content\/uploads\/2023\/07\/2J9A1323-1024x683.jpg\" alt=\"\" class=\"wp-image-9652\" srcset=\"https:\/\/www.radiolimari.cl\/wp-content\/uploads\/2023\/07\/2J9A1323-1024x683.jpg 1024w, https:\/\/www.radiolimari.cl\/wp-content\/uploads\/2023\/07\/2J9A1323-300x200.jpg 300w, https:\/\/www.radiolimari.cl\/wp-content\/uploads\/2023\/07\/2J9A1323-768x512.jpg 768w, https:\/\/www.radiolimari.cl\/wp-content\/uploads\/2023\/07\/2J9A1323-1536x1024.jpg 1536w, https:\/\/www.radiolimari.cl\/wp-content\/uploads\/2023\/07\/2J9A1323-2048x1365.jpg 2048w\" sizes=\"(max-width: 1024px) 100vw, 1024px\" \/><\/a><\/figure>\n\n\n\n<p><strong>Desde el 14 de julio ser\u00e1n 300 d\u00edas corridos como plazo total referencial que se estipula para la ejecuci\u00f3n del estudio, liderado por el Gobierno Regional y ejecutado por la Universidad Adolfo Ib\u00e1\u00f1ez. <\/strong><\/p>\n\n\n\n<p>En el sal\u00f3n Gabriel Gonz\u00e1lez Videla del Gobierno Regional de Coquimbo, se realiz\u00f3 el hito oficial de lanzamiento del estudio sobre la Estrategia Regional de Desarrollo (ERD), instrumento de planificaci\u00f3n orientado a generar procesos de acuerdos y compromisos transcendentales entre el sector p\u00fablico, las organizaciones sociales y el mundo privado, en funci\u00f3n de objetivos compartidos que, en este proceso al 2030, tendr\u00e1 un fuerte \u00e9nfasis y mirada de regi\u00f3n sustentable.<\/p>\n\n\n\n<p>A largo plazo, se elaborar\u00e1 una propuesta socialmente consensuada, un insumo fundamental para la toma de decisiones del Gobierno Regional, principalmente sobre materia de inversi\u00f3n y planificaci\u00f3n, liderado por la gobernadora Krist Naranjo, quien destac\u00f3 la importancia de elaborar esta estrategia.<\/p>\n\n\n\n<p>\u201cCreemos que es una herramienta muy relevante en estos momentos para poder estructurar nuestra regi\u00f3n de una forma distinta, ordenada y tambi\u00e9n planificar con la visi\u00f3n de futuro que tenemos. Queremos tener la mejor visi\u00f3n de nuestra regi\u00f3n, con motivo de las inversiones, de los proyectos y programas que vienen a futuro, considerando los diversos escenarios que hoy d\u00eda tenemos como el cambio clim\u00e1tico, la inflaci\u00f3n, materias importantes a nivel mundial que est\u00e1n sucediendo y que nosotros debemos tener la fuerza y liderazgo de poder abordarlo de la mejor forma para nuestra gente\u201d, afirm\u00f3 la m\u00e1xima autoridad regional.<\/p>\n\n\n\n<p>Desde el a\u00f1o 2020 no se hab\u00eda actualizado esta Estrategia Regional de Desarrollo, per\u00edodo que comprend\u00eda desde el a\u00f1o 2010, por lo que era necesario actualizar la orientaci\u00f3n y formulaci\u00f3n de las estrategias y lineamientos de desarrollo para la regi\u00f3n, principalmente destacando el rol ciudadano.<\/p>\n\n\n\n<p>As\u00ed lo recalc\u00f3 el consejero regional, Wladimir Pleticosic, presidente de la comisi\u00f3n de Ordenamiento Territorial, Planificaci\u00f3n e Infraestructura, \u201ces clave para avanzar de manera armoniosa, de manera estructurada y, por supuesto, organizada y colaborativa, en nuestro territorio. Generarla de manera participativa es uno de los focos que nosotros como Consejo Regional estamos estableciendo, entendiendo que es clave que todos puedan participar en este proceso\u201d.<\/p>\n\n\n\n<p>En cuanto a las autoridades comunales, tendr\u00e1n un rol fundamental en liderar las mesas de trabajo en sus territorios, para desarrollar aquellas iniciativas importantes ya planteadas, e impulsar otras que le den contenido a un esfuerzo regional para avanzar en una direcci\u00f3n con foco en las personas, el medio ambiente y viabilizando un desarrollo econ\u00f3mico m\u00e1s equitativo, transversal y equilibrado, para otorgar un mayor bienestar y prosperidad en la comunidad.<\/p>\n\n\n\n<p>\u201cMuchas de las pol\u00edticas p\u00fablicas cuando se construyen lamentablemente no est\u00e1n actualizadas ni empapadas con el sentir social y es le da un sello totalmente distintivo y acorde para que, de alguna manera, el uso de los recursos sea eficiente\u201d, se\u00f1al\u00f3 el alcalde de Andacollo, Gerald Cerda, presidente de la Asociaci\u00f3n de Municipios Rurales.<\/p>\n\n\n\n<p>Por su parte, la alcaldesa de R\u00edo Hurtado, Juana Olivares, dijo que \u201cvoy a poner todo a disposici\u00f3n para que esto se pueda desarrollar \u00f3ptimamente y, por supuesto, que la participaci\u00f3n ciudadana pueda ser efectiva\u201d.<\/p>\n\n\n\n<p>Dirigirse hacia transformaciones profundas de descentralizaci\u00f3n y regionalizaci\u00f3n, ser\u00e1n claves en este proceso, fortaleciendo la participaci\u00f3n e inclusi\u00f3n de diversos grupos con que se han ido levantando una agenda com\u00fan, pensada en la valoraci\u00f3n de la identidad territorial, en el desarrollo rural y local, la inclusi\u00f3n social, la innovaci\u00f3n tecnol\u00f3gica para nuevas econom\u00edas, la gesti\u00f3n sostenible de los recursos naturales, el tr\u00e1nsito hacia una econom\u00eda baja en carbono, la reducci\u00f3n de las brechas de g\u00e9nero, entre otras relevantes, con \u00e9nfasis en fortalecer el dise\u00f1o e implementaci\u00f3n de pol\u00edticas, estrategias y acciones regionales de gesti\u00f3n ambiental; cambio clim\u00e1tico; protecci\u00f3n y conservaci\u00f3n de los recursos naturales.<\/p>\n\n\n\n<p>Tambi\u00e9n es relevante se\u00f1alar que en este proceso existir\u00e1 una mayor participaci\u00f3n de los actores relevantes de los territorios locales (comunas) y de la regi\u00f3n, considerando la sociedad civil, las Instituciones p\u00fablicas, las organizaciones privadas, las universidades, los centros de investigaci\u00f3n y las asociaciones empresariales.<\/p>\n\n\n\n<p><strong>Desigualdades y cambio clim\u00e1tico<\/strong><\/p>\n\n\n\n<p>En su exposici\u00f3n, Luis Valenzuela, director del Centro de Inteligencia Territorial de la Universidad Adolfo Ib\u00e1\u00f1ez, explic\u00f3 que \u201chay dos grandes desaf\u00edos, por un lado, un desaf\u00edo vinculado a las desigualdades y otro vinculado al cambio clim\u00e1tico, eso van a ser cosas que estar\u00e1n en el centro de la atenci\u00f3n nuestra, atendiendo tambi\u00e9n al objetivo de desarrollo sustentable\u201d.<\/p>\n\n\n\n<p>El \u00e1rea de estudio ser\u00e1 la Regi\u00f3n de Coquimbo en la totalidad de su territorio, por lo tanto, la cobertura comprende las tres provincias (Elqui, Limar\u00ed y Choapa) y sus respectivas 15 comunas.<\/p>\n\n\n\n<p>Finalmente, el plazo total referencial que se estipula para la ejecuci\u00f3n del estudio ser\u00e1 de 300 d\u00edas corridos, sin reducci\u00f3n de feriados ni festivos, y se contar\u00e1 desde la fecha del Acta de Inicio de la consultor\u00eda, suscrita por el Gobierno Regional de Coquimbo y el consultor.<\/p>\n\n\n\n<p>La metodolog\u00eda de participaci\u00f3n se dar\u00e1 en m\u00faltiples formatos como encuestas online, encuestas a actores claves, encuestas a expertos, despu\u00e9s habr\u00e1 una participaci\u00f3n de convocatoria abierta en las comunas con la comunidad y autoridades representativas.<\/p>\n","protected":false},"excerpt":{"rendered":"<p>Desde el 14 de julio ser\u00e1n 300 d\u00edas corridos como plazo total referencial que se estipula para la ejecuci\u00f3n del estudio, liderado por el Gobierno Regional y ejecutado por la Universidad Adolfo Ib\u00e1\u00f1ez. En el sal\u00f3n Gabriel Gonz\u00e1lez Videla del Gobierno Regional de Coquimbo, se realiz\u00f3 el hito oficial de lanzamiento del estudio sobre la &#8230;<\/p>\n","protected":false},"author":2,"featured_media":9652,"comment_status":"open","ping_status":"open","sticky":false,"template":"","format":"standard","meta":{"footnotes":""},"categories":[6],"tags":[],"class_list":["post-9651","post","type-post","status-publish","format-standard","has-post-thumbnail","hentry","category-regionales"],"_links":{"self":[{"href":"https:\/\/www.radiolimari.cl\/index.php?rest_route=\/wp\/v2\/posts\/9651","targetHints":{"allow":["GET"]}}],"collection":[{"href":"https:\/\/www.radiolimari.cl\/index.php?rest_route=\/wp\/v2\/posts"}],"about":[{"href":"https:\/\/www.radiolimari.cl\/index.php?rest_route=\/wp\/v2\/types\/post"}],"author":[{"embeddable":true,"href":"https:\/\/www.radiolimari.cl\/index.php?rest_route=\/wp\/v2\/users\/2"}],"replies":[{"embeddable":true,"href":"https:\/\/www.radiolimari.cl\/index.php?rest_route=%2Fwp%2Fv2%2Fcomments&post=9651"}],"version-history":[{"count":1,"href":"https:\/\/www.radiolimari.cl\/index.php?rest_route=\/wp\/v2\/posts\/9651\/revisions"}],"predecessor-version":[{"id":9653,"href":"https:\/\/www.radiolimari.cl\/index.php?rest_route=\/wp\/v2\/posts\/9651\/revisions\/9653"}],"wp:featuredmedia":[{"embeddable":true,"href":"https:\/\/www.radiolimari.cl\/index.php?rest_route=\/wp\/v2\/media\/9652"}],"wp:attachment":[{"href":"https:\/\/www.radiolimari.cl\/index.php?rest_route=%2Fwp%2Fv2%2Fmedia&parent=9651"}],"wp:term":[{"taxonomy":"category","embeddable":true,"href":"https:\/\/www.radiolimari.cl\/index.php?rest_route=%2Fwp%2Fv2%2Fcategories&post=9651"},{"taxonomy":"post_tag","embeddable":true,"href":"https:\/\/www.radiolimari.cl\/index.php?rest_route=%2Fwp%2Fv2%2Ftags&post=9651"}],"curies":[{"name":"wp","href":"https:\/\/api.w.org\/{rel}","templated":true}]}}