{"id":9636,"date":"2023-07-02T00:27:12","date_gmt":"2023-07-02T00:27:12","guid":{"rendered":"https:\/\/www.radiolimari.cl\/?p=9636"},"modified":"2023-07-02T00:27:13","modified_gmt":"2023-07-02T00:27:13","slug":"pdi-detiene-a-lider-de-banda-adolescente-tras-robo-con-violencia-que-afecto-a-familia-de-la-serena","status":"publish","type":"post","link":"https:\/\/www.radiolimari.cl\/?p=9636","title":{"rendered":"Pdi detiene a l\u00edder de banda adolescente tras robo con violencia que afect\u00f3 a familia de La Serena"},"content":{"rendered":"\n<figure class=\"wp-block-image size-large is-resized\"><a href=\"https:\/\/www.radiolimari.cl\/wp-content\/uploads\/2023\/07\/especies-recuperadas.jpeg\"><img fetchpriority=\"high\" decoding=\"async\" src=\"https:\/\/www.radiolimari.cl\/wp-content\/uploads\/2023\/07\/especies-recuperadas-1024x768.jpeg\" alt=\"\" class=\"wp-image-9637\" width=\"396\" height=\"297\" srcset=\"https:\/\/www.radiolimari.cl\/wp-content\/uploads\/2023\/07\/especies-recuperadas-1024x768.jpeg 1024w, https:\/\/www.radiolimari.cl\/wp-content\/uploads\/2023\/07\/especies-recuperadas-300x225.jpeg 300w, https:\/\/www.radiolimari.cl\/wp-content\/uploads\/2023\/07\/especies-recuperadas-768x576.jpeg 768w, https:\/\/www.radiolimari.cl\/wp-content\/uploads\/2023\/07\/especies-recuperadas-1536x1153.jpeg 1536w, https:\/\/www.radiolimari.cl\/wp-content\/uploads\/2023\/07\/especies-recuperadas.jpeg 1599w\" sizes=\"(max-width: 396px) 100vw, 396px\" \/><\/a><\/figure>\n\n\n\n<p><em>Labor especializada de los detectives de la Brigada Investigadora de Robos, logr\u00f3 intervenir a una banda criminal de adolescentes involucrados en diversos delitos violentos y recuperar las especies sustra\u00eddas.<\/em><\/p>\n\n\n\n<p>La estrategia de trabajo denominada \u201cSub 17\u201d apunta exclusivamente al an\u00e1lisis criminal e inteligencia policial que los detectives de la Brigada Investigadora de Robos La Serena y el Ministerio P\u00fablico desarrollan en conjunto para abordar delitos de alta complejidad que involucran a bandas integradas por adolescentes.<\/p>\n\n\n\n<p>La oportuna denuncia de una v\u00edctima que sufri\u00f3 un robo con violencia en su hogar, permiti\u00f3 a los oficiales identificar a los autores del delito, tras un acucioso trabajo en el sitio del suceso y cruce de informaci\u00f3n con el equipo de la Oficina de An\u00e1lisis Criminal de la PDI. El levantamiento de evidencias fue clave para establecer la din\u00e1mica de la sustracci\u00f3n de diversas especies avaluadas en cerca de 3 millones de pesos.<\/p>\n\n\n\n<p><strong>\u201cEl trabajo cient\u00edfico t\u00e9cnico de nuestros detectives logra resultados positivos, al establecer el paradero de un imputado en el sector de Las Compa\u00f1\u00edas. Coordinados con la fiscal\u00eda y autorizados por el tribunal, dimos cumplimiento a la Orden de Entrada y Registro voluntario en un domicilio, ubicado en calle Bartolom\u00e9 Aracena, de La Serena. As\u00ed procedimos con la detenci\u00f3n de un imputado de 16 a\u00f1os y recuperamos diversas especies sustra\u00eddas en el delito. En esta labor, levantamos evidencia relacionada con el il\u00edcito, un destornillador y una pistola de fantas\u00eda que ocupaba esta banda criminal para amenazar y violentar a sus v\u00edctimas\u201d, <\/strong>indic\u00f3 el subprefecto Fernando Rojas, jefe de la Brigada Investigadora de Robos La Serena.<\/p>\n\n\n\n<p>Tras la detenci\u00f3n, el Ministerio P\u00fablico formaliz\u00f3 los cargos por el robo con violencia, receptaci\u00f3n y portar elementos conocidos para cometer el delito de robo. Otros dos adolescentes que habr\u00edan participado en este y otros il\u00edcitos dentro de la conurbaci\u00f3n, ya est\u00e1n identificados y son ampliamente buscados por los detectives.<\/p>\n\n\n\n<p>De acuerdo a los antecedentes de la investigaci\u00f3n, esta banda criminal juvenil actu\u00f3 a las 08 de la ma\u00f1ana del pasado jueves 29 de junio, fracturando un ventanal del domicilio, amenazando a los moradores del inmueble con el destornillador y una pistola, para sustraer diversas especies de valor, que finalmente fueron recuperadas por los detectives durante esa misma jornada y que ya se entregaron a las v\u00edctimas por instrucci\u00f3n del Ministerio P\u00fablico.<\/p>\n\n\n\n<p>Mediante el \u201cPlan Calles Sin Violencia\u201d, la PDI y la fiscal\u00eda focalizaron su estrategia de trabajo y en dos meses se logra intervenir en 4 bandas criminales relacionadas con diversos delitos en La Serena, en Ovalle y en Los Vilos, con 10 detenidos a la fecha entre adolescentes y mayores de edad.<\/p>\n","protected":false},"excerpt":{"rendered":"<p>Labor especializada de los detectives de la Brigada Investigadora de Robos, logr\u00f3 intervenir a una banda criminal de adolescentes involucrados en diversos delitos violentos y recuperar las especies sustra\u00eddas. La estrategia de trabajo denominada \u201cSub 17\u201d apunta exclusivamente al an\u00e1lisis criminal e inteligencia policial que los detectives de la Brigada Investigadora de Robos La Serena &#8230;<\/p>\n","protected":false},"author":2,"featured_media":9637,"comment_status":"open","ping_status":"open","sticky":false,"template":"","format":"standard","meta":{"footnotes":""},"categories":[3],"tags":[],"class_list":["post-9636","post","type-post","status-publish","format-standard","has-post-thumbnail","hentry","category-actualidad"],"_links":{"self":[{"href":"https:\/\/www.radiolimari.cl\/index.php?rest_route=\/wp\/v2\/posts\/9636","targetHints":{"allow":["GET"]}}],"collection":[{"href":"https:\/\/www.radiolimari.cl\/index.php?rest_route=\/wp\/v2\/posts"}],"about":[{"href":"https:\/\/www.radiolimari.cl\/index.php?rest_route=\/wp\/v2\/types\/post"}],"author":[{"embeddable":true,"href":"https:\/\/www.radiolimari.cl\/index.php?rest_route=\/wp\/v2\/users\/2"}],"replies":[{"embeddable":true,"href":"https:\/\/www.radiolimari.cl\/index.php?rest_route=%2Fwp%2Fv2%2Fcomments&post=9636"}],"version-history":[{"count":1,"href":"https:\/\/www.radiolimari.cl\/index.php?rest_route=\/wp\/v2\/posts\/9636\/revisions"}],"predecessor-version":[{"id":9638,"href":"https:\/\/www.radiolimari.cl\/index.php?rest_route=\/wp\/v2\/posts\/9636\/revisions\/9638"}],"wp:featuredmedia":[{"embeddable":true,"href":"https:\/\/www.radiolimari.cl\/index.php?rest_route=\/wp\/v2\/media\/9637"}],"wp:attachment":[{"href":"https:\/\/www.radiolimari.cl\/index.php?rest_route=%2Fwp%2Fv2%2Fmedia&parent=9636"}],"wp:term":[{"taxonomy":"category","embeddable":true,"href":"https:\/\/www.radiolimari.cl\/index.php?rest_route=%2Fwp%2Fv2%2Fcategories&post=9636"},{"taxonomy":"post_tag","embeddable":true,"href":"https:\/\/www.radiolimari.cl\/index.php?rest_route=%2Fwp%2Fv2%2Ftags&post=9636"}],"curies":[{"name":"wp","href":"https:\/\/api.w.org\/{rel}","templated":true}]}}